{"id":7768,"date":"2024-04-09T09:45:50","date_gmt":"2024-04-09T12:45:50","guid":{"rendered":"https:\/\/ubajaranoticias.com.br\/index.php\/2024\/04\/09\/tunel-reboucas-sera-fechado-no-sentido-centro-para-manutencao-prefeitura-da-cidade-do-rio-de-janeiro\/"},"modified":"2024-04-09T09:45:50","modified_gmt":"2024-04-09T12:45:50","slug":"tunel-reboucas-sera-fechado-no-sentido-centro-para-manutencao-prefeitura-da-cidade-do-rio-de-janeiro","status":"publish","type":"post","link":"https:\/\/ubajaranoticias.com.br\/index.php\/2024\/04\/09\/tunel-reboucas-sera-fechado-no-sentido-centro-para-manutencao-prefeitura-da-cidade-do-rio-de-janeiro\/","title":{"rendered":"T\u00fanel Rebou\u00e7as ser\u00e1 fechado no sentido Centro para manuten\u00e7\u00e3o &#8211; Prefeitura da Cidade do Rio de Janeiro"},"content":{"rendered":"<p><\/p>\n<div id=\"main\">\n<div class=\"wrapper-breadcrumbs\" wp_automatic_readability=\"17.822512350035\">\n<div class=\"image-post\" wp_automatic_readability=\"33\">\n                     T\u00fanel Rebou\u00e7as, sentido Centro &#8211; Beth Santos\/Prefeitura do Rio                  <\/div>\n<p>A CET-Rio informa que o T\u00fanel Rebou\u00e7as ser\u00e1 fechado, nesta ter\u00e7a-feira (9\/4), no sentido Centro, de 0h30 \u00e0s 5h, para servi\u00e7os de manuten\u00e7\u00e3o. As galerias de sentido oposto funcionar\u00e3o com uma faixa revers\u00edvel (a da esquerda), no sentido Centro, e duas faixas de tr\u00e2nsito no sentido Lagoa.<\/p>\n<p>Sinaliza\u00e7\u00e3o especifica ser\u00e1 instalada para orientar e alertar os motoristas. Operadores da CET-Rio v\u00e3o monitorar as condi\u00e7\u00f5es do tr\u00e2nsito e atuar, se necess\u00e1rio. Al\u00e9m disso, os tempos semaf\u00f3ricos ser\u00e3o ajustados para melhorar a fluidez na rota de desvio e nos principais corredores da regi\u00e3o.<\/p>\n<p>Essa programa\u00e7\u00e3o poder\u00e1 ser suspensa devido a condi\u00e7\u00f5es clim\u00e1ticas ou a quest\u00f5es operacionais da cidade.<\/p>\n<p>             <!-- Compartilhe ---><\/p>\n<p>\t\t\t <!-- TAGS --><\/p>\n<section class=\"category-tags\">\n<div class=\"marcacao-category\">\n<article class=\"category-post\">\n<p>Categoria: <\/p>\n<\/article>\n<li>9 de abril de 2024<\/li><\/div>\n<article class=\"tags\">\n\t\t\t\t\tMarca\u00e7\u00f5es: CET-Rio Interdi\u00e7\u00e3o manuten\u00e7\u00e3o tr\u00e2nsito t\u00fanel rebou\u00e7as<br \/><\/article>\n<\/section>\n<p>            <!-- Mais Not&iacute;cias --><\/p>\n<p>\t\t<!-- Conte&uacute;do SIDEBAR --><\/p><\/div>\n<\/p><\/div>\n","protected":false},"excerpt":{"rendered":"<p>T\u00fanel Rebou\u00e7as, sentido Centro &#8211; Beth Santos\/Prefeitura do Rio A CET-Rio informa que o T\u00fanel Rebou\u00e7as ser\u00e1 fechado, nesta ter\u00e7a-feira (9\/4), no sentido Centro, de 0h30 \u00e0s 5h, para servi\u00e7os de manuten\u00e7\u00e3o. As galerias de sentido oposto funcionar\u00e3o com uma faixa revers\u00edvel (a da esquerda), no sentido Centro, e duas faixas de tr\u00e2nsito no sentido &#8230; <a title=\"T\u00fanel Rebou\u00e7as ser\u00e1 fechado no sentido Centro para manuten\u00e7\u00e3o &#8211; Prefeitura da Cidade do Rio de Janeiro\" class=\"read-more\" href=\"https:\/\/ubajaranoticias.com.br\/index.php\/2024\/04\/09\/tunel-reboucas-sera-fechado-no-sentido-centro-para-manutencao-prefeitura-da-cidade-do-rio-de-janeiro\/\" aria-label=\"Read more about T\u00fanel Rebou\u00e7as ser\u00e1 fechado no sentido Centro para manuten\u00e7\u00e3o &#8211; Prefeitura da Cidade do Rio de Janeiro\">Ler mais<\/a><\/p>\n","protected":false},"author":1,"featured_media":0,"comment_status":"open","ping_status":"open","sticky":false,"template":"","format":"standard","meta":{"footnotes":""},"categories":[3],"tags":[],"class_list":["post-7768","post","type-post","status-publish","format-standard","hentry","category-noticias"],"amp_enabled":true,"_links":{"self":[{"href":"https:\/\/ubajaranoticias.com.br\/index.php\/wp-json\/wp\/v2\/posts\/7768","targetHints":{"allow":["GET"]}}],"collection":[{"href":"https:\/\/ubajaranoticias.com.br\/index.php\/wp-json\/wp\/v2\/posts"}],"about":[{"href":"https:\/\/ubajaranoticias.com.br\/index.php\/wp-json\/wp\/v2\/types\/post"}],"author":[{"embeddable":true,"href":"https:\/\/ubajaranoticias.com.br\/index.php\/wp-json\/wp\/v2\/users\/1"}],"replies":[{"embeddable":true,"href":"https:\/\/ubajaranoticias.com.br\/index.php\/wp-json\/wp\/v2\/comments?post=7768"}],"version-history":[{"count":0,"href":"https:\/\/ubajaranoticias.com.br\/index.php\/wp-json\/wp\/v2\/posts\/7768\/revisions"}],"wp:attachment":[{"href":"https:\/\/ubajaranoticias.com.br\/index.php\/wp-json\/wp\/v2\/media?parent=7768"}],"wp:term":[{"taxonomy":"category","embeddable":true,"href":"https:\/\/ubajaranoticias.com.br\/index.php\/wp-json\/wp\/v2\/categories?post=7768"},{"taxonomy":"post_tag","embeddable":true,"href":"https:\/\/ubajaranoticias.com.br\/index.php\/wp-json\/wp\/v2\/tags?post=7768"}],"curies":[{"name":"wp","href":"https:\/\/api.w.org\/{rel}","templated":true}]}}