{"id":7377,"date":"2024-04-01T15:35:42","date_gmt":"2024-04-01T18:35:42","guid":{"rendered":"https:\/\/ubajaranoticias.com.br\/index.php\/2024\/04\/01\/cicero-lucena-entrega-escola-frutuoso-barbosa-a-35a-reconstruida-pela-prefeitura-e-destaca-cuidado-com-criancas-especiais\/"},"modified":"2024-04-01T15:35:42","modified_gmt":"2024-04-01T18:35:42","slug":"cicero-lucena-entrega-escola-frutuoso-barbosa-a-35a-reconstruida-pela-prefeitura-e-destaca-cuidado-com-criancas-especiais","status":"publish","type":"post","link":"https:\/\/ubajaranoticias.com.br\/index.php\/2024\/04\/01\/cicero-lucena-entrega-escola-frutuoso-barbosa-a-35a-reconstruida-pela-prefeitura-e-destaca-cuidado-com-criancas-especiais\/","title":{"rendered":"C\u00edcero Lucena entrega Escola Frutuoso Barbosa, a 35\u00aa reconstru\u00edda pela Prefeitura, e destaca cuidado com crian\u00e7as especiais"},"content":{"rendered":"<p><\/p>\n<div>\n<p>A Educa\u00e7\u00e3o de Jo\u00e3o Pessoa ganhou mais uma escola reconstru\u00edda pela gest\u00e3o municipal \u2013 a Frutuoso Barbosa, na Ilha do Bispo \u2013 a 35\u00aa a Prefeitura de Jo\u00e3o Pessoa coloca em um padr\u00e3o tecnol\u00f3gico, com sala Google, pronta para oferecer um aprendizado que prepara para o futuro e o acolhimento mais humanizado, com espa\u00e7os para crian\u00e7as com defici\u00eancia e ambientes climatizados. Nesta segunda-feira (1\u00b0), o prefeito C\u00edcero Lucena fez a inaugura\u00e7\u00e3o da unidade e destacou o olhar inclusivo para a rede de ensino. \u00a0 <\/p>\n<figure class=\"wp-block-gallery has-nested-images columns-default is-cropped wp-block-gallery-1 is-layout-flex wp-block-gallery-is-layout-flex\">\n<figure class=\"wp-block-image size-large\"><\/figure>\n<figure class=\"wp-block-image size-large\"><\/figure>\n<\/figure>\n<p>\u201cHoje, o munic\u00edpio de Jo\u00e3o Pessoa conta, tecnicamente, com uma escola eficiente, na busca da melhoria da estrutura, o conforto, tecnologia, mas, principalmente tem amor \u2013 e isso \u00e9 que deve enriquecer a nossa alma e nos d\u00e1 energia e for\u00e7a para cada dia fazer mais. Crian\u00e7as est\u00e3o saindo das escolas particulares para estudar na escola municipal, isso \u00e9 uma demonstra\u00e7\u00e3o do reconhecimento que o col\u00e9gio municipal est\u00e1 tendo. Voc\u00ea ouvir uma m\u00e3e de uma crian\u00e7a autista, como eu escutei, de que quando chega no final de semana o filho quer ir para a escola, ou seja, \u00e9 o atestado maior que a nossa escola est\u00e1 evoluindo\u201d, comemoro o prefeito, que ainda anunciou a constru\u00e7\u00e3o de um gin\u00e1sio na Escola Frutuoso Barbosa. \u00a0 <\/p>\n<figure class=\"wp-block-gallery has-nested-images columns-default is-cropped wp-block-gallery-2 is-layout-flex wp-block-gallery-is-layout-flex\">\n<figure class=\"wp-block-image size-large\"><\/figure>\n<figure class=\"wp-block-image size-large\"><\/figure>\n<figure class=\"wp-block-image size-large\"><\/figure>\n<\/figure>\n<figure class=\"wp-block-image size-large\"><\/figure>\n<p>O vice-prefeito Leo Bezerra tamb\u00e9m celebrou os avan\u00e7os na Educa\u00e7\u00e3o municipal. \u201cAlguns j\u00e1 tiveram a oportunidade de fazer e n\u00e3o fizeram. Muitos por aqui passaram, disseram que iriam fazer uma revolu\u00e7\u00e3o na Educa\u00e7\u00e3o do nosso munic\u00edpio. E essa revolu\u00e7\u00e3o nunca chegou. A gente n\u00e3o via tablet, a gente n\u00e3o via sala Google, a gente n\u00e3o via Sala Make, a gente n\u00e3o via nem ar-condicionado nas salas de aula. Essa escola aqui, que era abandonada, que estava sucateada, que estava jogada no esquecimento da gest\u00e3o p\u00fablica. Mas o prefeito C\u00edcero Lucena olhou aqui para a Ilha do Bispo e fez o que est\u00e1 fazendo em toda rede\u201d, afirmou Leo Bezerra. \u00a0<\/p>\n<figure class=\"wp-block-gallery has-nested-images columns-default is-cropped wp-block-gallery-3 is-layout-flex wp-block-gallery-is-layout-flex\">\n<figure class=\"wp-block-image size-large\"><\/figure>\n<figure class=\"wp-block-image size-large\"><\/figure>\n<\/figure>\n<p><strong>Todas as interven\u00e7\u00f5es feitas \u2013<\/strong> Moderniza\u00e7\u00e3o da fachada e acesso \u00e0 edifica\u00e7\u00e3o; escov\u00f3dromo; reservat\u00f3rio inferior e superior; pintura de toda edifica\u00e7\u00e3o; execu\u00e7\u00e3o de projeto el\u00e9trico e subesta\u00e7\u00e3o; execu\u00e7\u00e3o de projeto de combate \u00e0 inc\u00eandio; recupera\u00e7\u00e3o de cobertas; execu\u00e7\u00e3o de projeto de climatiza\u00e7\u00e3o; recupera\u00e7\u00e3o e substitui\u00e7\u00e3o de pisos; reparos e substitui\u00e7\u00e3o de rede hidrossanit\u00e1ria; recupera\u00e7\u00e3o, substitui\u00e7\u00e3o e inser\u00e7\u00e3o de novas esquadrias e adequa\u00e7\u00e3o da acessibilidade. \u00a0 <\/p>\n<figure class=\"wp-block-gallery has-nested-images columns-default is-cropped wp-block-gallery-4 is-layout-flex wp-block-gallery-is-layout-flex\">\n<figure class=\"wp-block-image size-large\"><\/figure>\n<figure class=\"wp-block-image size-large\"><\/figure>\n<figure class=\"wp-block-image size-large\"><\/figure>\n<figure class=\"wp-block-image size-large\"><\/figure>\n<\/figure>\n<p>De acordo com a secretaria executiva de Educa\u00e7\u00e3o, Luciana Dias, as Escola Frutuoso Barbosa estava h\u00e1 25 anos sem receber nenhuma melhoria, mas agora, nessa reconstru\u00e7\u00e3o, a Prefeitura garante uma nova infraestrutura e equipa a unidade com tecnologia moderna, somando quase R$ 5 milh\u00f5es no total. \u201cUm ambiente com caixa d\u2019\u00e1gua, que antes n\u00e3o tinha, que garante a continuidade das aulas, como tamb\u00e9m subesta\u00e7\u00e3o para n\u00e3o termos problema de energia, al\u00e9m das salas, as salas da biblioteca, a sala Google, todas equipadas, os alunos com ar-condicionado para poderem assistir aulas com tranquilidade e cada vez mais melhorar a nossa aprendizagem\u201d, afirmou. \u00a0 <\/p>\n<figure class=\"wp-block-gallery has-nested-images columns-default is-cropped wp-block-gallery-5 is-layout-flex wp-block-gallery-is-layout-flex\">\n<figure class=\"wp-block-image size-large\"><\/figure>\n<figure class=\"wp-block-image size-large\"><\/figure>\n<figure class=\"wp-block-image size-large\"><\/figure>\n<figure class=\"wp-block-image size-large\"><\/figure>\n<\/figure>\n<p><strong>Atendimento Educacional Especializado (AEE)<\/strong> \u2013 Uma assist\u00eancia que \u00e9 respons\u00e1vel pelo acolhimento de 10 alunos com o Transtorno do Espectro Autista (TEA) e outras defici\u00eancias na Escola Frutuoso Barbosa, que contam com uma sala equipada por mesa digital, brinquedoteca, livros e material espec\u00edfico para o aprendizado. \u201cTemos sete cuidadores aqui, porque, dependendo da complexidade, pode ser um para tr\u00eas alunos. Eles recebem informa\u00e7\u00e3o para prestar um atendimento especializado e humano\u201d, afirmou Aline Oliveira, que coordena o servi\u00e7o. \u00a0<\/p>\n<p>\u201cM\u00e3e de crian\u00e7a autista vive dias de luta e dias de gl\u00f3ria \u2013 \u00e9 preciso ser guerreira e ter ajuda\u201d. A frase da dona de casa Josenilda da Silva descreve a rotina de quem lida com as oscila\u00e7\u00f5es de comportamento deste tipo de s\u00edndrome. Ela contou que seu filho, Cau\u00e3 Lucas, de 12 anos, encontrou acolhimento na Escola Frutuoso Barbosa depois de sofrer em unidades de ensino da rede privada, onde os profissionais n\u00e3o dispensavam o atendimento devido. \u00a0 <\/p>\n<figure class=\"wp-block-gallery has-nested-images columns-default is-cropped wp-block-gallery-6 is-layout-flex wp-block-gallery-is-layout-flex\">\n<figure class=\"wp-block-image size-large\"><\/figure>\n<figure class=\"wp-block-image size-large\"><\/figure>\n<figure class=\"wp-block-image size-large\"><\/figure>\n<\/figure>\n<p>\u201cMe ligavam e diziam que ele precisava de psic\u00f3logo, que ele n\u00e3o interagia, que meu filho tinha problema. Aqui \u00e9 diferente, tem um cuidador s\u00f3 pra ele, que sabe lidar, porque tem dias que ele se anima de estudar, outros dias quer ficar em casa, coisas do autismo. Agora est\u00e1 com essa sala para ele aprender mais, para ele se divertir tamb\u00e9m, porque ele gosta de tecnologia \u2013 tem tudo que ele precisa\u201d, agradeceu.<\/p>\n<\/p><\/div>\n","protected":false},"excerpt":{"rendered":"<p>A Educa\u00e7\u00e3o de Jo\u00e3o Pessoa ganhou mais uma escola reconstru\u00edda pela gest\u00e3o municipal \u2013 a Frutuoso Barbosa, na Ilha do Bispo \u2013 a 35\u00aa a Prefeitura de Jo\u00e3o Pessoa coloca em um padr\u00e3o tecnol\u00f3gico, com sala Google, pronta para oferecer um aprendizado que prepara para o futuro e o acolhimento mais humanizado, com espa\u00e7os para &#8230; <a title=\"C\u00edcero Lucena entrega Escola Frutuoso Barbosa, a 35\u00aa reconstru\u00edda pela Prefeitura, e destaca cuidado com crian\u00e7as especiais\" class=\"read-more\" href=\"https:\/\/ubajaranoticias.com.br\/index.php\/2024\/04\/01\/cicero-lucena-entrega-escola-frutuoso-barbosa-a-35a-reconstruida-pela-prefeitura-e-destaca-cuidado-com-criancas-especiais\/\" aria-label=\"Read more about C\u00edcero Lucena entrega Escola Frutuoso Barbosa, a 35\u00aa reconstru\u00edda pela Prefeitura, e destaca cuidado com crian\u00e7as especiais\">Ler mais<\/a><\/p>\n","protected":false},"author":1,"featured_media":0,"comment_status":"open","ping_status":"open","sticky":false,"template":"","format":"standard","meta":{"footnotes":""},"categories":[3],"tags":[],"class_list":["post-7377","post","type-post","status-publish","format-standard","hentry","category-noticias"],"amp_enabled":true,"_links":{"self":[{"href":"https:\/\/ubajaranoticias.com.br\/index.php\/wp-json\/wp\/v2\/posts\/7377","targetHints":{"allow":["GET"]}}],"collection":[{"href":"https:\/\/ubajaranoticias.com.br\/index.php\/wp-json\/wp\/v2\/posts"}],"about":[{"href":"https:\/\/ubajaranoticias.com.br\/index.php\/wp-json\/wp\/v2\/types\/post"}],"author":[{"embeddable":true,"href":"https:\/\/ubajaranoticias.com.br\/index.php\/wp-json\/wp\/v2\/users\/1"}],"replies":[{"embeddable":true,"href":"https:\/\/ubajaranoticias.com.br\/index.php\/wp-json\/wp\/v2\/comments?post=7377"}],"version-history":[{"count":0,"href":"https:\/\/ubajaranoticias.com.br\/index.php\/wp-json\/wp\/v2\/posts\/7377\/revisions"}],"wp:attachment":[{"href":"https:\/\/ubajaranoticias.com.br\/index.php\/wp-json\/wp\/v2\/media?parent=7377"}],"wp:term":[{"taxonomy":"category","embeddable":true,"href":"https:\/\/ubajaranoticias.com.br\/index.php\/wp-json\/wp\/v2\/categories?post=7377"},{"taxonomy":"post_tag","embeddable":true,"href":"https:\/\/ubajaranoticias.com.br\/index.php\/wp-json\/wp\/v2\/tags?post=7377"}],"curies":[{"name":"wp","href":"https:\/\/api.w.org\/{rel}","templated":true}]}}