{"id":6932,"date":"2024-03-21T17:36:33","date_gmt":"2024-03-21T20:36:33","guid":{"rendered":"https:\/\/ubajaranoticias.com.br\/index.php\/2024\/03\/21\/altas-expectativas-pessimo-trabalho-decepcao-e-vazamento\/"},"modified":"2024-03-21T17:36:33","modified_gmt":"2024-03-21T20:36:33","slug":"altas-expectativas-pessimo-trabalho-decepcao-e-vazamento","status":"publish","type":"post","link":"https:\/\/ubajaranoticias.com.br\/index.php\/2024\/03\/21\/altas-expectativas-pessimo-trabalho-decepcao-e-vazamento\/","title":{"rendered":"altas expectativas, p\u00e9ssimo trabalho, decep\u00e7\u00e3o e vazamento"},"content":{"rendered":"<p><\/p>\n<div>\n<p>A gest\u00e3o de Alexandre Mattos no Vasco da Gama foi marcada por falhas significativas, especialmente no que diz respeito \u00e0 contrata\u00e7\u00e3o de jogadores titulares e \u00e0 seguran\u00e7a das informa\u00e7\u00f5es confidenciais do clube. Ao longo de seu per\u00edodo como diretor de futebol, houve uma aus\u00eancia not\u00e1vel de contrata\u00e7\u00f5es que fortalecessem verdadeiramente o time principal, deixando a torcida e os analistas descontentes com a falta de um planejamento eficaz no mercado de transfer\u00eancias. Al\u00e9m disso, o vazamento de informa\u00e7\u00f5es confidenciais, como evidenciado recentemente, revela uma grave neglig\u00eancia na salvaguarda dos interesses e da reputa\u00e7\u00e3o do clube, demonstrando uma falha de lideran\u00e7a e \u00e9tica profissional por parte de Mattos. Esses aspectos ressaltam a necessidade premente de uma mudan\u00e7a de dire\u00e7\u00e3o e uma nova abordagem na gest\u00e3o do futebol do Vasco da Gama.<\/p>\n<h2>Lucas Pedrosa: A Demiss\u00e3o de Alexandre Mattos do Vasco da Gama<\/h2>\n<p>No cen\u00e1rio do futebol brasileiro, as mudan\u00e7as nos bastidores dos clubes muitas vezes s\u00e3o t\u00e3o impactantes quanto os resultados em campo. Recentemente, o Vasco da Gama se viu no centro das aten\u00e7\u00f5es devido \u00e0 sa\u00edda de Alexandre Mattos de seu cargo de diretor. Os motivos por tr\u00e1s dessa decis\u00e3o foram abordados de forma detalhada por Lucas Pedrosa em sua transmiss\u00e3o ao vivo no #CanaldoPedrosa na \u00faltima ter\u00e7a-feira.<\/p>\n<p>O desfecho dessa situa\u00e7\u00e3o ganhou ainda mais destaque quando uma conversa privada entre Lucas Pedrosa e o agora ex-diretor vazou, tornando-se amplamente divulgada nas redes sociais. A gota d\u2019\u00e1gua, como apontada por Pedrosa, parece ter sido esse incidente, levando \u00e0 decis\u00e3o final de rescindir o contrato com Mattos.<\/p>\n<p>Em sua transmiss\u00e3o ao vivo programada para hoje \u00e0s 20h (hor\u00e1rio de Bras\u00edlia) no seu canal do YouTube, Pedrosa promete esclarecer os detalhes desse caso controverso. Alega\u00e7\u00f5es de que ele teria prejudicado o Vasco da Gama s\u00e3o rejeitadas veementemente por Pedrosa, que defende sua integridade jornal\u00edstica e \u00e9tica profissional.<\/p>\n<p>A quest\u00e3o central parece girar em torno do vazamento da conversa privada, no qual Mattos teria tentado desmentir uma not\u00edcia divulgada por Pedrosa. Este, por sua vez, ressalta que manteve a integridade de sua apura\u00e7\u00e3o jornal\u00edstica e permanece firme em suas informa\u00e7\u00f5es. A atitude de vazamento, segundo Pedrosa, demonstra uma tentativa de se eximir de responsabilidades.<\/p>\n<p>\u00c9 importante ressaltar que, embora Pedrosa reconhe\u00e7a as in\u00fameras desculpas oferecidas por Mattos e rejeite a ideia de buscar ativamente a demiss\u00e3o de algu\u00e9m, ele enfatiza que a empresa em quest\u00e3o n\u00e3o tolera vazamentos de informa\u00e7\u00f5es confidenciais. Ele destaca a diferen\u00e7a entre conversas off-the-record, comuns no jornalismo esportivo, e vazamentos deliberados para manipular a narrativa.<\/p>\n<p>Nesta noite, durante a transmiss\u00e3o ao vivo, Lucas Pedrosa promete esclarecer todos os detalhes desse epis\u00f3dio, refor\u00e7ando seu compromisso com a transpar\u00eancia e a verdade. Ele finaliza afirmando que n\u00e3o \u00e9 uma pessoa de duas caras e que buscar\u00e1 trazer luz sobre essa situa\u00e7\u00e3o delicada.<\/p>\n<p>A sa\u00edda de Alexandre Mattos do Vasco ocorreu devido a uma incompatibilidade de m\u00e9todos de trabalho com a dire\u00e7\u00e3o da SAF. Mattos enfatizou que foi chamado para uma conversa em que a dire\u00e7\u00e3o expressou insatisfa\u00e7\u00e3o com os acontecimentos, especialmente os vazamentos de informa\u00e7\u00f5es. Ele argumentou em defesa de seu trabalho, mas a demiss\u00e3o acabou sendo o desfecho, evidenciando diferen\u00e7as irreconcili\u00e1veis na abordagem administrativa.<\/p>\n<p>A declara\u00e7\u00e3o de Mattos ressalta a import\u00e2ncia da harmonia e alinhamento entre os dirigentes de um clube e sua equipe de gest\u00e3o. Sua sa\u00edda enfatiza a necessidade de uma colabora\u00e7\u00e3o eficaz e uma compreens\u00e3o m\u00fatua das estrat\u00e9gias e m\u00e9todos de trabalho. Os desafios de compatibilidade podem surgir em qualquer organiza\u00e7\u00e3o, e \u00e9 crucial abord\u00e1-los com transpar\u00eancia e respeito m\u00fatuo para garantir o sucesso a longo prazo.<\/p>\n<h2>Alexandre Mattos \u00e9 demitido do cargo de Diretor Executivo do Vasco<\/h2>\n<p>Na tarde desta quinta-feira, 21 de mar\u00e7o de 2024, o Vasco da Gama surpreendeu o mundo do futebol ao anunciar a demiss\u00e3o de Alexandre Mattos do cargo de Diretor Executivo do clube. A decis\u00e3o foi comunicada pela SAF (Superintend\u00eancia de Administra\u00e7\u00e3o e Finan\u00e7as) e ocorre apenas 100 dias ap\u00f3s a chegada de Mattos ao Rio de Janeiro.<\/p>\n<p>O clube convocou uma entrevista coletiva para mais tarde, com o CEO L\u00facio Barbosa, onde se espera esclarecimentos sobre os motivos que levaram \u00e0 demiss\u00e3o de Mattos e os planos para o futuro da equipe.<\/p>\n<p>Segundo informa\u00e7\u00f5es obtidas pelo ge, a SAF identificou uma quebra de confian\u00e7a na rela\u00e7\u00e3o com o diretor de futebol. Al\u00e9m disso, havia uma crescente insatisfa\u00e7\u00e3o com o comportamento de Mattos nos bastidores do clube, o que teria contribu\u00eddo para a decis\u00e3o de sua sa\u00edda.<\/p>\n<p>A trajet\u00f3ria de Alexandre Mattos no Vasco, embora breve, certamente deixou marcas e levanta questionamentos sobre os rumos do clube. Resta agora aguardar por mais detalhes na coletiva de imprensa, onde se espera esclarecer melhor os desdobramentos dessa decis\u00e3o e o impacto que ter\u00e1 no futuro do Vasco da Gama.<\/p>\n<h2>Desafios e Reflex\u00f5es: A Coletiva de Ram\u00f3n D\u00edaz Ap\u00f3s a Elimina\u00e7\u00e3o do Vasco no Carioca<\/h2>\n<p>No \u00faltimo domingo, o Vasco da Gama enfrentou uma derrota decepcionante contra o Nova Igua\u00e7u, resultando na elimina\u00e7\u00e3o do time no Campeonato Carioca. A coletiva de imprensa subsequente liderada pelo treinador argentino Ram\u00f3n D\u00edaz proporcionou uma vis\u00e3o abrangente dos desafios enfrentados pela equipe e as reflex\u00f5es sobre o futuro.<\/p>\n<p>Ram\u00f3n D\u00edaz, reconhecido por sua carreira prol\u00edfica tanto como jogador quanto como treinador, n\u00e3o hesitou em assumir a responsabilidade pela derrota, expressando suas desculpas \u00e0 fervorosa torcida vasca\u00edna. Em suas palavras, ecoa n\u00e3o apenas a frustra\u00e7\u00e3o do momento, mas tamb\u00e9m um compromisso renovado com o progresso e a melhoria cont\u00ednua.<\/p>\n<p>Uma das principais quest\u00f5es levantadas foi a estrat\u00e9gia de escala\u00e7\u00e3o adotada pelo t\u00e9cnico. Ao optar por uma forma\u00e7\u00e3o com Medel no meio-campo e destacar a import\u00e2ncia de evitar contra-ataques, D\u00edaz revela sua abordagem cautelosa e a busca por equil\u00edbrio entre defesa e ataque. No entanto, reconhece que a falta de clareza e efic\u00e1cia no setor ofensivo foi um obst\u00e1culo significativo para a equipe.<\/p>\n<p>A defesa de jogadores como Praxedes, mesmo diante das cr\u00edticas da torcida, demonstra o comprometimento do treinador com o desenvolvimento e apoio aos talentos emergentes. A mensagem de confian\u00e7a e incentivo destaca a import\u00e2ncia do trabalho \u00e1rduo e da resili\u00eancia em face das adversidades.<\/p>\n<p>Al\u00e9m disso, D\u00edaz compartilha sua vis\u00e3o otimista em rela\u00e7\u00e3o ao futuro do clube, enfatizando o crescimento progressivo e a confian\u00e7a no elenco atual. Apesar da elimina\u00e7\u00e3o, ele ressalta as performances anteriores contra equipes de destaque, sugerindo que essas experi\u00eancias servir\u00e3o como li\u00e7\u00f5es valiosas para o desenvolvimento futuro.<\/p>\n<p>A intera\u00e7\u00e3o com a imprensa tamb\u00e9m ofereceu insights sobre diversos aspectos, desde as condi\u00e7\u00f5es clim\u00e1ticas desafiadoras at\u00e9 a import\u00e2ncia cont\u00ednua do apoio da torcida. Essa troca franca e aberta reflete a transpar\u00eancia e a comunica\u00e7\u00e3o eficaz entre o clube e seus seguidores, essenciais para a constru\u00e7\u00e3o de uma cultura de confian\u00e7a e engajamento.<\/p>\n<p>\u00c0 medida que o Vasco se prepara para o desafio futuro do Campeonato Brasileiro, a coletiva de Ram\u00f3n D\u00edaz serve como um ponto de partida para reflex\u00f5es mais amplas sobre os caminhos a seguir. O compromisso com o crescimento, a aprendizagem com as experi\u00eancias passadas e a confian\u00e7a no potencial da equipe s\u00e3o elementos essenciais para pavimentar o caminho rumo ao sucesso.<\/p>\n<p>Em \u00faltima an\u00e1lise, a coletiva de imprensa n\u00e3o apenas oferece uma an\u00e1lise dos eventos recentes, mas tamb\u00e9m representa uma oportunidade para a renova\u00e7\u00e3o do esp\u00edrito e a determina\u00e7\u00e3o de alcan\u00e7ar novos patamares de excel\u00eancia no futebol.<\/p>\n<h2>Xandinho no Vasco<\/h2>\n<p>O Vasco da Gama est\u00e1 interessado em refor\u00e7ar seu elenco e considera fazer uma proposta pelo atacante Xandinho, do Nova Igua\u00e7u. Sob a lideran\u00e7a do t\u00e9cnico Ram\u00f3n D\u00edaz, a equipe reconhece a import\u00e2ncia de ter um jogador com as caracter\u00edsticas e o padr\u00e3o de Xandinho para fortalecer o setor ofensivo e alcan\u00e7ar seus objetivos na temporada. A poss\u00edvel contrata\u00e7\u00e3o representa uma oportunidade para o Vasco elevar o n\u00edvel de sua equipe e competir de forma mais s\u00f3lida nas competi\u00e7\u00f5es em que estiver envolvido.<\/p>\n<p>Ram\u00f3n D\u00edaz, ciente das necessidades do time, v\u00ea em Xandinho um jogador que se encaixa perfeitamente em sua vis\u00e3o t\u00e1tica e estrat\u00e9gica para o Vasco. A habilidade do atacante, aliada \u00e0 sua versatilidade e capacidade de desequilibrar, o torna uma op\u00e7\u00e3o valiosa para o esquema de jogo da equipe. A poss\u00edvel investida do Vasco pela contrata\u00e7\u00e3o de Xandinho reflete a determina\u00e7\u00e3o do clube em refor\u00e7ar seu elenco e competir em alto n\u00edvel nas diversas frentes que ter\u00e1 pela frente.<\/p>\n<h2>Vexame do Vasco<\/h2>\n<p>O Vasco da Gama sofreu uma derrota desanimadora para o Nova Igua\u00e7u em um jogo que foi claramente dominado pelo advers\u00e1rio. A partida, que atraiu mais de 60 mil espectadores, marcou a despedida melanc\u00f3lica do Vasco do Campeonato Carioca, com o placar final de 1\u00d70 para o Nova Igua\u00e7u. Este rev\u00e9s certamente deixar\u00e1 os torcedores vasca\u00ednos decepcionados, enquanto o Nova Igua\u00e7u celebra uma vit\u00f3ria hist\u00f3rica.<\/p>\n<p>**777 Partners oferece ao Vasco da Gama a experi\u00eancia de Kevin Strootman no meio-campo**<\/p>\n<p>O Vasco da Gama est\u00e1 pronto para dar um passo significativo em sua jornada rumo ao sucesso em 2024, com uma poss\u00edvel contrata\u00e7\u00e3o que promete fortalecer ainda mais o seu elenco. A 777 Partners, empresa de investimentos com atua\u00e7\u00e3o global, apresentou uma proposta ao clube carioca para trazer o renomado volante Kevin Strootman para suas fileiras. Esta movimenta\u00e7\u00e3o, que j\u00e1 recebeu a aprova\u00e7\u00e3o da comiss\u00e3o t\u00e9cnica do Vasco, est\u00e1 destinada a ser o ponto culminante de suas negocia\u00e7\u00f5es de transfer\u00eancia para a temporada.<\/p>\n<p>Kevin Strootman \u00e9 um nome familiar para os amantes do futebol, especialmente aqueles que acompanham de perto as ligas europeias. Com uma carreira marcada por passagens por clubes como PSV, Olympique de Marseille e atualmente no Genoa, o jogador holand\u00eas acumulou uma vasta experi\u00eancia em alto n\u00edvel. Al\u00e9m disso, ele j\u00e1 vestiu a camisa da Sele\u00e7\u00e3o Holandesa, demonstrando sua qualidade e comprometimento em competi\u00e7\u00f5es internacionais.<\/p>\n<p>A poss\u00edvel chegada de Strootman ao Vasco da Gama representa n\u00e3o apenas um refor\u00e7o para o meio-campo do time, mas tamb\u00e9m uma inje\u00e7\u00e3o de experi\u00eancia e lideran\u00e7a. Sua presen\u00e7a em campo traria uma combina\u00e7\u00e3o \u00fanica de vis\u00e3o de jogo, habilidade t\u00e9cnica e capacidade defensiva, que poderia ajudar a elevar o desempenho da equipe em todas as competi\u00e7\u00f5es em que estiver envolvida.<\/p>\n<p>Al\u00e9m disso, a conex\u00e3o pr\u00e9via entre Strootman e o jogador estrela do Vasco, Dimitri Payet, estabelece uma base s\u00f3lida para uma integra\u00e7\u00e3o r\u00e1pida e eficaz no time. A familiaridade entre os dois jogadores poderia facilitar a adapta\u00e7\u00e3o de Strootman ao estilo de jogo e \u00e0s demandas t\u00e1ticas da equipe, potencializando ainda mais seu impacto dentro e fora de campo.<\/p>\n<p>Para o Vasco da Gama e seus torcedores, a poss\u00edvel contrata\u00e7\u00e3o de Kevin Strootman n\u00e3o \u00e9 apenas uma simples transa\u00e7\u00e3o de mercado, mas sim a aquisi\u00e7\u00e3o de um atleta que pode se tornar um s\u00edmbolo de ambi\u00e7\u00e3o e excel\u00eancia no clube. Sua chegada seria n\u00e3o apenas a cereja do bolo, mas tamb\u00e9m um sinal claro do compromisso do Vasco em buscar constantemente aprimoramento e sucesso.<\/p>\n<p>Em um cen\u00e1rio onde cada detalhe pode fazer a diferen\u00e7a, a inclus\u00e3o de um jogador do calibre de Kevin Strootman no elenco do Vasco da Gama pode ser o impulso necess\u00e1rio para alcan\u00e7ar novos patamares e conquistar objetivos ambiciosos. Resta agora aguardar o desenrolar das negocia\u00e7\u00f5es e torcer para que esta parceria se concretize, trazendo consigo uma nova era de gl\u00f3ria e realiza\u00e7\u00f5es para o Gigante da Colina.<\/p>\n<h2>Nova Igua\u00e7u x Vasco \u2013 escala\u00e7\u00e3o de Ram\u00f3n Diaz deve ter novidades, Praxedes e Rojas titulares<\/h2>\n<p>Parece que Ramon Diaz est\u00e1 planejando uma mudan\u00e7a t\u00e1tica significativa para a pr\u00f3xima partida, com uma nova forma\u00e7\u00e3o que inclui Rojas e Praxedes entre os titulares. A presen\u00e7a de Medel mais adiantado como volante sugere uma abordagem mais ofensiva, buscando maior criatividade no meio-campo e press\u00e3o no setor ofensivo.<\/p>\n<p>Com jogadores como Galdames e Payet tamb\u00e9m na forma\u00e7\u00e3o, h\u00e1 uma clara \u00eanfase na posse de bola e na constru\u00e7\u00e3o de jogadas ofensivas fluidas. A inclus\u00e3o de Adson e Vegetti na frente indica uma busca por mais poder de finaliza\u00e7\u00e3o, enquanto a defesa permanece s\u00f3lida com L\u00e9o Jardim liderando o time. Essa nova estrat\u00e9gia pode ser um ponto de virada importante para a equipe, oferecendo uma abordagem mais din\u00e2mica e assertiva em campo.<\/p>\n<h2>Semifinal entre Nova Igua\u00e7u e Vasco ser\u00e1 no Maracan\u00e3<\/h2>\n<p>Foi confirmado nesta quinta-feira que o segundo jogo da semifinal do Campeonato Carioca entre Nova Igua\u00e7u e Vasco, marcado para o pr\u00f3ximo domingo, ser\u00e1 realizado no ic\u00f4nico Maracan\u00e3.<\/p>\n<p>O cons\u00f3rcio administrado por Flamengo e Fluminense deu o aval para que o Nova Igua\u00e7u, como mandante da partida, possa utilizar o Maracan\u00e3 como palco. No primeiro confronto, as equipes empataram em 1 a 1 no mesmo est\u00e1dio, com gols de Xandinho e Lucas Piton \u2013 concedendo a vantagem do novo empate ao time da Baixada.<\/p>\n<p>A libera\u00e7\u00e3o do Maracan\u00e3 demandou uma mobiliza\u00e7\u00e3o intensa. Representantes de Vasco e Nova Igua\u00e7u foram at\u00e9 a sede da Federa\u00e7\u00e3o de Futebol do Estado do Rio de Janeiro (Ferj) pela manh\u00e3 e seguiram para o est\u00e1dio, buscando uma reuni\u00e3o com o cons\u00f3rcio.<\/p>\n<p>Na madrugada anterior ao an\u00fancio, o Nova Igua\u00e7u fez um novo pedido para transferir o jogo para o Maracan\u00e3, ap\u00f3s um primeiro pedido ter ficado sem resposta por parte do cons\u00f3rcio. Inicialmente, a federa\u00e7\u00e3o havia marcado o confronto para o Est\u00e1dio Raulino de Oliveira, em Volta Redonda.<\/p>\n<p>A altera\u00e7\u00e3o do local na tabela oficial da competi\u00e7\u00e3o ser\u00e1 feita em breve.<\/p>\n<p>Fonte: ge<\/p>\n<h3>Atl\u00e9tico-MG ou Vasco? Clube encaminha a contrata\u00e7\u00e3o de Robert, do Athletic<\/h3>\n<p>No fren\u00e9tico mundo do futebol brasileiro, as negocia\u00e7\u00f5es no mercado da bola s\u00e3o constantes e sempre despertam a aten\u00e7\u00e3o dos torcedores. Recentemente, uma movimenta\u00e7\u00e3o significativa chamou a aten\u00e7\u00e3o dos aficionados, envolvendo o jovem talento Robert, do Athletic, e dois clubes da elite do futebol nacional: Atl\u00e9tico-MG e Vasco da Gama.<\/p>\n<p>Segundo informa\u00e7\u00f5es divulgadas pelo \u201cFala, Galo\u201d, o Atl\u00e9tico-MG est\u00e1 pr\u00f3ximo de concretizar a contrata\u00e7\u00e3o de Robert, por meio de um acordo de empr\u00e9stimo v\u00e1lido at\u00e9 o final da temporada. O valor da negocia\u00e7\u00e3o gira em torno de R$ 1 milh\u00e3o, com a inclus\u00e3o de uma op\u00e7\u00e3o de compra ao t\u00e9rmino do v\u00ednculo, demonstrando o interesse do clube mineiro em garantir os servi\u00e7os do jovem atacante.<\/p>\n<p>No entanto, a disputa pelo jogador n\u00e3o se resume apenas ao Atl\u00e9tico-MG. O Vasco da Gama e o Coritiba tamb\u00e9m estavam em negocia\u00e7\u00f5es com o staff de Robert, buscando refor\u00e7ar seus respectivos elencos para as competi\u00e7\u00f5es futuras. O desempenho impressionante do atleta no Campeonato Mineiro, com quatro gols e duas assist\u00eancias em oito jogos, atraiu o interesse de diversas equipes da S\u00e9rie A.<\/p>\n<p>A trajet\u00f3ria de Robert no mundo do futebol \u00e9 marcada por passagens por diversos clubes, tanto no Brasil quanto no exterior. Apesar de jovem, o jogador de 20 anos j\u00e1 acumula experi\u00eancias em equipes como Jacuipense, Vit\u00f3ria, Palmeiras, Bahia e at\u00e9 mesmo no futebol portugu\u00eas, atuando pelo Portimonense. No entanto, a temporada de 2024 representa sua estreia como profissional, ap\u00f3s ter defendido diversos clubes nas categorias de base.<\/p>\n<p>Enquanto as negocia\u00e7\u00f5es seguem em curso, o Atl\u00e9tico-MG se prepara para enfrentar o Am\u00e9rica-MG no pr\u00f3ximo domingo, em partida v\u00e1lida pela semifinal do Campeonato Mineiro. O Galo, em busca do pentacampeonato, tenta manter sua hegemonia na competi\u00e7\u00e3o e conta com o poss\u00edvel refor\u00e7o de Robert para alcan\u00e7ar seus objetivos.<\/p>\n<p>Para os torcedores mais \u00e1vidos por informa\u00e7\u00f5es sobre o Atl\u00e9tico-MG, o site do 365Scores oferece uma cobertura completa da temporada, com detalhes sobre os jogos em andamento, tabela de pontos atualizada, estat\u00edsticas e muito mais. Assim, os apaixonados pelo clube podem acompanhar de perto todas as novidades e emo\u00e7\u00f5es do universo alvinegro.<\/p>\n<p>\u00a0<\/p>\n<p>Ap\u00f3s as negocia\u00e7\u00f5es por Robert, o Vasco estar\u00e1 de olho na contrata\u00e7\u00e3o de Gabriel, jogador que est\u00e1 de sa\u00edda do Internacional. Caso as negocia\u00e7\u00f5es com Gabriel n\u00e3o avancem, o clube cruzmaltino priorizar\u00e1 a busca por um volante e seguir\u00e1 tentando a contrata\u00e7\u00e3o de Marlon Freitas. O objetivo \u00e9 refor\u00e7ar o meio-campo da equipe, buscando op\u00e7\u00f5es que possam agregar qualidade e equil\u00edbrio ao elenco para as pr\u00f3ximas competi\u00e7\u00f5es<\/p>\n<h2>Robert do Athletic<\/h2>\n<p>Atl\u00e9tico-MG e Vasco est\u00e3o em conversas com o Athletic-MG visando a contrata\u00e7\u00e3o de Robert, um promissor meia-atacante de apenas 20 anos, que tem se destacado no Campeonato Mineiro. O jogador tem chamado a aten\u00e7\u00e3o devido ao seu desempenho e potencial, tornando-se alvo de interesse de clubes que buscam refor\u00e7ar seus elencos com jovens talentos para as pr\u00f3ximas temporadas.<\/p>\n<h3>Chegada e Prepara\u00e7\u00e3o<\/h3>\n<p>Clayton Silva chegou ao Vasco na noite anterior, o que significa que a equipe ainda est\u00e1 preparando o material necess\u00e1rio para o an\u00fancio oficial da contrata\u00e7\u00e3o. \u00c9 comum que os clubes fa\u00e7am uma divulga\u00e7\u00e3o adequada e profissional quando contratam novos jogadores, o que pode levar algum tempo para ser produzido.<\/p>\n<p>Al\u00e9m disso, o Vasco est\u00e1 aguardando o an\u00fancio de despedida do Casa Pia, clube de Portugal ao qual Clayton estava vinculado anteriormente. Esse an\u00fancio \u00e9 uma formalidade importante para completar o processo de transfer\u00eancia.<\/p>\n<h3>Fechamento da Janela de Transfer\u00eancias<\/h3>\n<p>Com o fechamento da janela de transfer\u00eancias se aproximando, \u00e9 crucial agilizar a documenta\u00e7\u00e3o para garantir que a contrata\u00e7\u00e3o seja concretizada de acordo com as regulamenta\u00e7\u00f5es legais. Assim como aconteceu com o jogador Sforza, o Vasco est\u00e1 seguindo um tr\u00e2mite cuidadoso para assegurar que tudo esteja em ordem.<\/p>\n<h3>Condi\u00e7\u00e3o F\u00edsica e Poss\u00edvel Estreia<\/h3>\n<p>Apesar da espera pelo an\u00fancio oficial, Clayton Silva est\u00e1 em plena condi\u00e7\u00e3o f\u00edsica e pronto para entrar em campo. H\u00e1 a possibilidade de que ele seja relacionado para a partida contra o Nova Igua\u00e7u, pela semifinal do Campeonato Carioca. Sua experi\u00eancia e qualidade t\u00e9cnica podem ser valiosas para o Vasco nesse importante momento da temporada.<\/p>\n<p>Em resumo, embora a contrata\u00e7\u00e3o de Clayton Silva j\u00e1 esteja formalizada no BID, o Vasco est\u00e1 seguindo os procedimentos necess\u00e1rios para um an\u00fancio oficial e aguardando a formaliza\u00e7\u00e3o da despedida do jogador de seu clube anterior.<\/p>\n<h2>Eduardo Paes garantiu que o projeto de moderniza\u00e7\u00e3o est\u00e1 pronto para ser apresentado \u00e0 C\u00e2mara.<\/h2>\n<p>Ap\u00f3s reuni\u00e3o com Pedrinho e o vereador Alexandre Isquierdo, Paes estimou que a reforma seja deliberada em 30-45 dias.<\/p>\n<p dir=\"ltr\">Marlon Freitas quer jogar no Vasco, as negocia\u00e7\u00f5es est\u00e3o em andamento.<\/p>\n<p dir=\"ltr\">O Botafogo n\u00e3o pretende facilitar essa negocia\u00e7\u00e3o.<\/p>\n<p dir=\"ltr\">\ud83d\uddde\ufe0f @pedrosa<\/p>\n<p>\u00a0<\/p>\n<h2>Alexis S\u00e1nchez, aos 35 anos, \u00e9 objeto de especula\u00e7\u00e3o no Vasco<\/h2>\n<p>por\u00e9m, conforme relatos, ele n\u00e3o planeja retornar ao Brasil. Sua inten\u00e7\u00e3o inicial \u00e9 permanecer na Europa, mesmo ap\u00f3s o t\u00e9rmino de seu contrato com a Inter. A possibilidade de um retorno \u00e0 Am\u00e9rica do Sul s\u00f3 seria considerada ap\u00f3s o encerramento de seu v\u00ednculo atual, indicando que, por enquanto, o jogador est\u00e1 focado em sua carreira no continente europeu.<\/p>\n<h2>Aumento de estrangeiros<\/h2>\n<p>A aprova\u00e7\u00e3o do aumento do limite de estrangeiros pelo Vasco e os outros 19 clubes da S\u00e9rie A no Brasileir\u00e3o reflete uma mudan\u00e7a significativa na din\u00e2mica do futebol brasileiro. Ao elevar o teto de sete para nove jogadores estrangeiros por equipe, os times buscam aumentar sua competitividade ao ter acesso a um pool mais amplo de talentos internacionais, enriquecendo a qualidade do campeonato e possibilitando uma maior diversidade t\u00e1tica em campo.<\/p>\n<p>Al\u00e9m disso, a permiss\u00e3o para realiza\u00e7\u00e3o de treinos na v\u00e9spera do jogo em est\u00e1dios com gramado sint\u00e9tico evidencia uma adapta\u00e7\u00e3o \u00e0s demandas e desafios contempor\u00e2neos. Essa medida proporciona aos clubes a oportunidade de se familiarizarem com as condi\u00e7\u00f5es do campo, otimizando sua prepara\u00e7\u00e3o e minimizando poss\u00edveis contratempos durante as partidas. Essas decis\u00f5es refletem a busca constante por inova\u00e7\u00e3o e melhoria no cen\u00e1rio do futebol brasileiro, visando fortalecer a competitividade e a atratividade do campeonato nacional.<\/p>\n<h2>An\u00e1lise dos Resultados Financeiros dos Clubes ao T\u00e9rmino da Ta\u00e7a Guanabara<\/h2>\n<p>\u00a0<\/p>\n<p>Ao t\u00e9rmino da Ta\u00e7a Guanabara, a primeira fase do Campeonato Carioca, os clubes apresentaram resultados financeiros diversos, refletindo n\u00e3o apenas seu desempenho esportivo, mas tamb\u00e9m sua gest\u00e3o econ\u00f4mica. Neste artigo, analisaremos os n\u00fameros financeiros de cada clube participante e suas poss\u00edveis implica\u00e7\u00f5es.<\/p>\n<h2>Flamengo: R$ 4.672.131,71<\/h2>\n<p>O Flamengo lidera a lista com folga em termos financeiros, refletindo seu status como um dos clubes mais populares e bem administrados do pa\u00eds. Seu sucesso dentro de campo, combinado com uma estrat\u00e9gia de marketing agressiva, contribuiu para esses resultados impressionantes.<\/p>\n<h2>Vasco: R$ 3.244.598,16<\/h2>\n<p>O Vasco, embora atr\u00e1s do Flamengo, tamb\u00e9m apresenta n\u00fameros s\u00f3lidos. Sua base de torcedores fi\u00e9is e uma gest\u00e3o financeira relativamente est\u00e1vel contribu\u00edram para essa posi\u00e7\u00e3o favor\u00e1vel.<\/p>\n<h2>Nova Igua\u00e7u: R$ 522.594,50<\/h2>\n<p>O Nova Igua\u00e7u figura entre os clubes de menor express\u00e3o em termos financeiros, mas seu desempenho nesta Ta\u00e7a Guanabara pode indicar um potencial para crescimento, tanto em termos esportivos quanto econ\u00f4micos.<\/p>\n<h2>Bangu: R$ 351.540,00<\/h2>\n<p>Assim como o Nova Igua\u00e7u, o Bangu apresenta n\u00fameros modestos, mas consistentes. A gest\u00e3o prudente pode ser um fator-chave para sua estabilidade financeira.<\/p>\n<h2>Sampaio Corr\u00eaa: R$ 277.186,30<\/h2>\n<p>O Sampaio Corr\u00eaa, apesar de ser um clube de menor express\u00e3o no cen\u00e1rio carioca, demonstra uma gest\u00e3o eficiente, refletida em seus resultados financeiros positivos.<\/p>\n<h2>Madureira: R$ 213.898,33<\/h2>\n<p>O Madureira, outro clube tradicional do Rio de Janeiro, mant\u00e9m uma posi\u00e7\u00e3o relativamente est\u00e1vel em termos financeiros, embora com n\u00fameros mais modestos em compara\u00e7\u00e3o com os l\u00edderes da tabela.<\/p>\n<h2>Portuguesa: R$ 186.726,10<\/h2>\n<p>A Portuguesa apresenta n\u00fameros que indicam uma gest\u00e3o econ\u00f4mica competente, permitindo que o clube se mantenha em uma posi\u00e7\u00e3o financeiramente vi\u00e1vel.<\/p>\n<h2>Audax: R$ 125.802,54<\/h2>\n<p>O Audax, apesar de ter n\u00fameros inferiores aos l\u00edderes da tabela, demonstra uma capacidade de gerar receita que pode ser explorada para promover seu crescimento futuro.<\/p>\n<h2>Volta Redonda: R$ 31.105,96<\/h2>\n<p>O Volta Redonda, embora esteja na parte inferior da lista em termos de receita, ainda consegue manter uma posi\u00e7\u00e3o financeira est\u00e1vel, o que \u00e9 crucial para sua sustentabilidade a longo prazo.<\/p>\n<h2>Boavista: -R$ 83.507,02<\/h2>\n<p>O Boavista \u00e9 o primeiro clube a apresentar um resultado financeiro negativo, indicando poss\u00edveis desafios econ\u00f4micos que precisam ser enfrentados para garantir sua estabilidade futura.<\/p>\n<h2>Botafogo: -R$ 583.169,49<\/h2>\n<p>O Botafogo, um dos grandes clubes do Rio de Janeiro, enfrenta dificuldades financeiras evidentes, o que reflete n\u00e3o apenas seu desempenho esportivo, mas tamb\u00e9m problemas de gest\u00e3o interna que precisam ser abordados.<\/p>\n<h2>Fluminense: -R$ 775.825,69<\/h2>\n<p>Por fim, o Fluminense tamb\u00e9m enfrenta desafios financeiros significativos, destacando a necessidade de uma revis\u00e3o de suas estrat\u00e9gias econ\u00f4micas e de gest\u00e3o para garantir sua sustentabilidade a longo prazo.<\/p>\n<p>Em conclus\u00e3o, os resultados financeiros ao t\u00e9rmino da Ta\u00e7a Guanabara refletem n\u00e3o apenas o desempenho esportivo dos clubes, mas tamb\u00e9m sua capacidade de gerenciar eficazmente suas finan\u00e7as. Enquanto alguns clubes desfrutam de uma posi\u00e7\u00e3o financeira s\u00f3lida, outros enfrentam desafios que exigem aten\u00e7\u00e3o imediata. A gest\u00e3o econ\u00f4mica eficiente \u00e9 essencial para garantir o sucesso a longo prazo no futebol brasileiro.<\/p>\n<h2>\u00a0Maicon, atualmente no Vasco, recebeu uma proposta formal do Vit\u00f3ria<\/h2>\n<p>oferecendo um contrato de dois anos. O jogador demonstrou interesse na oferta, aceitando-a prontamente. No entanto, apesar da disposi\u00e7\u00e3o de Maicon, as negocia\u00e7\u00f5es entre o Vit\u00f3ria e o Vasco ainda est\u00e3o em andamento, sem um acordo finalizado at\u00e9 o momento. Ambas as partes est\u00e3o em conversas para definir os detalhes do poss\u00edvel neg\u00f3cio, enquanto o jogador aguarda ansiosamente por um desfecho positivo que o leve ao clube baiano.<\/p>\n<p>Essa movimenta\u00e7\u00e3o demonstra o interesse m\u00fatuo entre Maicon e o Vit\u00f3ria, evidenciando uma poss\u00edvel mudan\u00e7a na carreira do zagueiro. Enquanto isso, o Vasco permanece como um elemento-chave nas negocia\u00e7\u00f5es, sendo necess\u00e1rio alcan\u00e7ar um acordo satisfat\u00f3rio para todas as partes envolvidas. O desfecho dessas conversas definir\u00e1 n\u00e3o apenas o futuro de Maicon, mas tamb\u00e9m impactar\u00e1 diretamente o planejamento das equipes envolvidas para a pr\u00f3xima temporada.<\/p>\n<h2>Clayton Silva: O Momento Brilhante de um Jogador em Ascens\u00e3o<\/h2>\n<p>Aos 25 anos, Clayton Silva est\u00e1 vivendo o auge de sua carreira. Mesmo atuando em um time de menor express\u00e3o na liga portuguesa, ele se destacou ao anotar impressionantes 12 gols na temporada. Sua estatura de 1,84m \u00e9 complementada por uma excelente mobilidade, especialmente ao executar o movimento conhecido como \u201cfac\u00e3o\u201d, que lhe permite abrir espa\u00e7os importantes no campo.<\/p>\n<p>Embora tenha come\u00e7ado sua carreira atuando pelas pontas, Clayton tem se adaptado bem a diferentes posi\u00e7\u00f5es, inclusive como concorrente direto de Vegetti ou at\u00e9 mesmo como seu parceiro no esquema t\u00e1tico 3-5-2, uma forma\u00e7\u00e3o t\u00e1tica que tem sido bastante utilizada pelo Vasco, sob o comando de Ramon Diaz e Emiliano.<\/p>\n<p>Sua contrata\u00e7\u00e3o foi resultado de uma an\u00e1lise criteriosa por parte dos scouts do Vasco, da 777, e recebeu elogios da comiss\u00e3o t\u00e9cnica. Al\u00e9m de sua capacidade de finaliza\u00e7\u00e3o com ambas as pernas, Clayton tamb\u00e9m se destaca pela press\u00e3o de marca\u00e7\u00e3o no ataque, uma caracter\u00edstica que chamou particular aten\u00e7\u00e3o da equipe t\u00e9cnica. Ele \u00e9 reconhecido como um jogador incans\u00e1vel, que n\u00e3o desiste de disputar nenhuma bola.<\/p>\n<p>\u00c9 importante ressaltar que, nos dias de hoje, o Vasco n\u00e3o busca apenas jogadores capazes de resolver problemas individualmente, mas sim atletas que possam somar dentro de um contexto coletivo, contribuindo para um time bem treinado e organizado. Nesse sentido, Clayton Silva parece se encaixar perfeitamente nos planos do clube.<\/p>\n<p>Resta agora aguardar sua estreia em campo. Com um ambiente favor\u00e1vel e uma equipe coesa, Clayton tem todas as condi\u00e7\u00f5es para continuar brilhando e contribuindo para o sucesso do Vasco. Desejamos boa sorte ao Clayton em sua jornada!<\/p>\n<p>\u00a0<\/p>\n<p>\u00a0<\/p>\n<\/div>\n","protected":false},"excerpt":{"rendered":"<p>A gest\u00e3o de Alexandre Mattos no Vasco da Gama foi marcada por falhas significativas, especialmente no que diz respeito \u00e0 contrata\u00e7\u00e3o de jogadores titulares e \u00e0 seguran\u00e7a das informa\u00e7\u00f5es confidenciais do clube. Ao longo de seu per\u00edodo como diretor de futebol, houve uma aus\u00eancia not\u00e1vel de contrata\u00e7\u00f5es que fortalecessem verdadeiramente o time principal, deixando a &#8230; <a title=\"altas expectativas, p\u00e9ssimo trabalho, decep\u00e7\u00e3o e vazamento\" class=\"read-more\" href=\"https:\/\/ubajaranoticias.com.br\/index.php\/2024\/03\/21\/altas-expectativas-pessimo-trabalho-decepcao-e-vazamento\/\" aria-label=\"Read more about altas expectativas, p\u00e9ssimo trabalho, decep\u00e7\u00e3o e vazamento\">Ler mais<\/a><\/p>\n","protected":false},"author":1,"featured_media":0,"comment_status":"open","ping_status":"open","sticky":false,"template":"","format":"standard","meta":{"footnotes":""},"categories":[2],"tags":[],"class_list":["post-6932","post","type-post","status-publish","format-standard","hentry","category-esportes"],"amp_enabled":true,"_links":{"self":[{"href":"https:\/\/ubajaranoticias.com.br\/index.php\/wp-json\/wp\/v2\/posts\/6932","targetHints":{"allow":["GET"]}}],"collection":[{"href":"https:\/\/ubajaranoticias.com.br\/index.php\/wp-json\/wp\/v2\/posts"}],"about":[{"href":"https:\/\/ubajaranoticias.com.br\/index.php\/wp-json\/wp\/v2\/types\/post"}],"author":[{"embeddable":true,"href":"https:\/\/ubajaranoticias.com.br\/index.php\/wp-json\/wp\/v2\/users\/1"}],"replies":[{"embeddable":true,"href":"https:\/\/ubajaranoticias.com.br\/index.php\/wp-json\/wp\/v2\/comments?post=6932"}],"version-history":[{"count":0,"href":"https:\/\/ubajaranoticias.com.br\/index.php\/wp-json\/wp\/v2\/posts\/6932\/revisions"}],"wp:attachment":[{"href":"https:\/\/ubajaranoticias.com.br\/index.php\/wp-json\/wp\/v2\/media?parent=6932"}],"wp:term":[{"taxonomy":"category","embeddable":true,"href":"https:\/\/ubajaranoticias.com.br\/index.php\/wp-json\/wp\/v2\/categories?post=6932"},{"taxonomy":"post_tag","embeddable":true,"href":"https:\/\/ubajaranoticias.com.br\/index.php\/wp-json\/wp\/v2\/tags?post=6932"}],"curies":[{"name":"wp","href":"https:\/\/api.w.org\/{rel}","templated":true}]}}