{"id":6927,"date":"2024-03-21T16:00:07","date_gmt":"2024-03-21T19:00:07","guid":{"rendered":"https:\/\/ubajaranoticias.com.br\/index.php\/2024\/03\/21\/populacao-da-regiao-sudeste-discute-propostas-da-ldo-2025\/"},"modified":"2024-03-21T16:00:07","modified_gmt":"2024-03-21T19:00:07","slug":"populacao-da-regiao-sudeste-discute-propostas-da-ldo-2025","status":"publish","type":"post","link":"https:\/\/ubajaranoticias.com.br\/index.php\/2024\/03\/21\/populacao-da-regiao-sudeste-discute-propostas-da-ldo-2025\/","title":{"rendered":"Popula\u00e7\u00e3o da regi\u00e3o sudeste discute propostas da LDO 2025"},"content":{"rendered":"<p><\/p>\n<div>\n<p><b>Cl\u00e1udio Ribeiro<\/b><br \/>&#13;<br \/>\n&#13;<br \/>\n                <span style=\"font-weight: bold;\">Secretaria de Gest\u00e3o Administrativa e Finan\u00e7as<\/span><\/p>\n<p><span style=\"font-weight: 400;\">A regi\u00e3o sudeste de S\u00e3o Jos\u00e9 dos Campos vai ser o palco nesta quinta-feira (21), das 19h \u00e0s 20h30, da 6\u00aa audi\u00eancia p\u00fablica para a elabora\u00e7\u00e3o da LDO (Lei de Diretrizes Or\u00e7ament\u00e1rias) de 2025. Organizado pela Prefeitura, o encontro ser\u00e1 na Escola Municipal L\u00facia Pereira Rodrigues (Rua Itatiaia, 401, Jardim Santa F\u00e9).<\/span><\/p>\n<p><span style=\"font-weight: 400;\">\u00c9 uma oportunidade para a popula\u00e7\u00e3o do bairro e de toda a regi\u00e3o poder participar da defini\u00e7\u00e3o das metas or\u00e7ament\u00e1rias para o pr\u00f3ximo ano. Quem quiser fazer uso da palavra ter\u00e1 3 minutos para se manifestar.<\/span><\/p>\n<p><span style=\"font-weight: 400;\">Na noite de quarta-feira (20), a reuni\u00e3o foi realizada em Santana (norte). Moradores e l\u00edderes comunit\u00e1rios de bairros apresentaram reivindica\u00e7\u00f5es a respeito de obras e melhorias para a regi\u00e3o.<\/span><\/p>\n<p><span style=\"font-weight: 400;\">Outra possibilidade de contribuir para a confec\u00e7\u00e3o da pe\u00e7a or\u00e7ament\u00e1ria \u00e9 enviar sugest\u00f5es pelo <\/span><span style=\"font-weight: 400;\">formul\u00e1rio online<\/span><span style=\"font-weight: 400;\">. <\/span><span style=\"font-weight: 400;\">Depois da consulta popular, a equipe t\u00e9cnica far\u00e1 a an\u00e1lise das <\/span><span style=\"font-weight: 400;\">propostas indicadas<\/span><span style=\"font-weight: 400;\">.<\/span><\/p>\n<p><span class=\"intertitulo\">Pr\u00f3ximas audi\u00eancias<\/span><\/p>\n<table border=\"0\">\n<thead>\n<tr>\n<th>\n<p>Data<\/p>\n<\/th>\n<th>\n<p>Hor\u00e1rio<\/p>\n<\/th>\n<th>\n<p>Local<\/p>\n<\/th>\n<th>\n<p>Endere\u00e7o<\/p>\n<\/th>\n<th>\n<p>Regi\u00e3o<\/p>\n<\/th>\n<\/tr>\n<\/thead>\n<tbody>\n<tr>\n<td>\n<p><span style=\"font-weight: 400;\">Quinta-feira (21)<\/span><\/p>\n<\/td>\n<td>\n<p><span style=\"font-weight: 400;\">19h<\/span><\/p>\n<\/td>\n<td>\n<p><span style=\"font-weight: 400;\">Escola Municipal L\u00facia Pereira Rodrigues<\/span><\/p>\n<\/td>\n<td>\n<p><span style=\"font-weight: 400;\">Rua Itatiaia, 401, Jardim Santa F\u00e9<\/span><\/p>\n<\/td>\n<td>\n<p><span style=\"font-weight: 400;\">Sudeste<\/span><\/p>\n<\/td>\n<\/tr>\n<tr>\n<td>\n<p><span style=\"font-weight: 400;\">Sexta-feira (22)<\/span><\/p>\n<\/td>\n<td>\n<p><span style=\"font-weight: 400;\">19h<\/span><\/p>\n<\/td>\n<td>\n<p><span style=\"font-weight: 400;\">Escola Municipal Possid\u00f4nio Jos\u00e9 de Freitas<\/span><\/p>\n<\/td>\n<td>\n<p><span style=\"font-weight: 400;\">Rua Fel\u00edcio Jabbur Nasser, 935, Galo Branco<\/span><\/p>\n<\/td>\n<td>\n<p><span style=\"font-weight: 400;\">Eug\u00eanio de Melo<\/span><\/p>\n<\/td>\n<\/tr>\n<\/tbody>\n<\/table>\n<p><span class=\"intertitulo\">Encontros realizados<\/span><\/p>\n<p>&#13;<br \/>\n                        <strong>MAIS NOT\u00cdCIAS<\/strong><br \/>&#13;<br \/>\n                        Secretaria de Gest\u00e3o Administrativa e Finan\u00e7as&#13;\n                    <\/p>\n<\/p><\/div>\n","protected":false},"excerpt":{"rendered":"<p>Cl\u00e1udio Ribeiro&#13; &#13; Secretaria de Gest\u00e3o Administrativa e Finan\u00e7as A regi\u00e3o sudeste de S\u00e3o Jos\u00e9 dos Campos vai ser o palco nesta quinta-feira (21), das 19h \u00e0s 20h30, da 6\u00aa audi\u00eancia p\u00fablica para a elabora\u00e7\u00e3o da LDO (Lei de Diretrizes Or\u00e7ament\u00e1rias) de 2025. Organizado pela Prefeitura, o encontro ser\u00e1 na Escola Municipal L\u00facia Pereira Rodrigues &#8230; <a title=\"Popula\u00e7\u00e3o da regi\u00e3o sudeste discute propostas da LDO 2025\" class=\"read-more\" href=\"https:\/\/ubajaranoticias.com.br\/index.php\/2024\/03\/21\/populacao-da-regiao-sudeste-discute-propostas-da-ldo-2025\/\" aria-label=\"Read more about Popula\u00e7\u00e3o da regi\u00e3o sudeste discute propostas da LDO 2025\">Ler mais<\/a><\/p>\n","protected":false},"author":1,"featured_media":0,"comment_status":"open","ping_status":"open","sticky":false,"template":"","format":"standard","meta":{"footnotes":""},"categories":[3],"tags":[],"class_list":["post-6927","post","type-post","status-publish","format-standard","hentry","category-noticias"],"amp_enabled":true,"_links":{"self":[{"href":"https:\/\/ubajaranoticias.com.br\/index.php\/wp-json\/wp\/v2\/posts\/6927","targetHints":{"allow":["GET"]}}],"collection":[{"href":"https:\/\/ubajaranoticias.com.br\/index.php\/wp-json\/wp\/v2\/posts"}],"about":[{"href":"https:\/\/ubajaranoticias.com.br\/index.php\/wp-json\/wp\/v2\/types\/post"}],"author":[{"embeddable":true,"href":"https:\/\/ubajaranoticias.com.br\/index.php\/wp-json\/wp\/v2\/users\/1"}],"replies":[{"embeddable":true,"href":"https:\/\/ubajaranoticias.com.br\/index.php\/wp-json\/wp\/v2\/comments?post=6927"}],"version-history":[{"count":0,"href":"https:\/\/ubajaranoticias.com.br\/index.php\/wp-json\/wp\/v2\/posts\/6927\/revisions"}],"wp:attachment":[{"href":"https:\/\/ubajaranoticias.com.br\/index.php\/wp-json\/wp\/v2\/media?parent=6927"}],"wp:term":[{"taxonomy":"category","embeddable":true,"href":"https:\/\/ubajaranoticias.com.br\/index.php\/wp-json\/wp\/v2\/categories?post=6927"},{"taxonomy":"post_tag","embeddable":true,"href":"https:\/\/ubajaranoticias.com.br\/index.php\/wp-json\/wp\/v2\/tags?post=6927"}],"curies":[{"name":"wp","href":"https:\/\/api.w.org\/{rel}","templated":true}]}}