{"id":6909,"date":"2024-03-21T09:35:57","date_gmt":"2024-03-21T12:35:57","guid":{"rendered":"https:\/\/ubajaranoticias.com.br\/index.php\/2024\/03\/21\/sao-jose-wrestling-traz-32-medalhas-do-circuito-nacional\/"},"modified":"2024-03-21T09:35:57","modified_gmt":"2024-03-21T12:35:57","slug":"sao-jose-wrestling-traz-32-medalhas-do-circuito-nacional","status":"publish","type":"post","link":"https:\/\/ubajaranoticias.com.br\/index.php\/2024\/03\/21\/sao-jose-wrestling-traz-32-medalhas-do-circuito-nacional\/","title":{"rendered":"S\u00e3o Jos\u00e9 Wrestling traz 32 medalhas do Circuito Nacional"},"content":{"rendered":"<p><\/p>\n<div>\n<p><b>Nei Jos\u00e9 Sant&#8217;Anna<\/b><br \/>&#13;<br \/>\n&#13;<br \/>\n                <span style=\"font-weight: bold;\">Secretaria de Esporte e Qualidade de Vida<\/span><\/p>\n<p>A equipe S\u00e3o Jos\u00e9 Wrestling conquistou 32 medalhas no Circuito Nacional Sul-Sudeste da modalidade, disputado no \u00faltimo fim de semana em Cubat\u00e3o-SP. Foram 12 medalhas de ouro, 11 de prata e nove de bronze na competi\u00e7\u00e3o que marcou a estreia do time joseense na temporada 2024.<\/p>\n<p>Na ocasi\u00e3o, 29 atletas lutaram em 50 classes na competi\u00e7\u00e3o que valeu pontos para o ranking nacional.<\/p>\n<p>Os atletas vinculados ao programa Atleta Cidad\u00e3o subiram ao p\u00f3dio nas categorias infantil, sub-15, sub-17 e sub-20. J\u00e1 os atletas vinculados \u00e0 equipe de alto rendimento disputaram na categoria s\u00eanior.<\/p>\n<p>Abaixo, os medalhistas por categoria:<\/p>\n<p><span class=\"intertitulo\"><strong>Infantil<\/strong><\/span><\/p>\n<p><strong>Prata<\/strong><br \/>Nicolas Prado -42kg (greco romano)<br \/>Nicolas Prado -42kg (estilo livre)<\/p>\n<p><span class=\"intertitulo\"><strong>Sub-15<\/strong><\/span><\/p>\n<p><strong>Ouro<\/strong><br \/>Amanda Albuquerque -39kg (livre)<br \/>Arthur Miguel -44kg (livre)<br \/>Cau\u00ea Santos -48kg (livre)<br \/>Cau\u00ea Santos -48kg (greco romano)<\/p>\n<p><strong>Prata<\/strong><br \/>Thaylaine Costa -54kg (livre)<\/p>\n<p><strong>Bronze<\/strong><br \/>Enzo Aguiar -62kg (livre)<\/p>\n<p><span class=\"intertitulo\"><strong>Sub-17<\/strong><\/span><\/p>\n<p><strong>Prata<\/strong><br \/>Beatriz Camargo -57kg (livre)<br \/>Ana Lara Cruz -73kg (livre)<\/p>\n<p><strong>Bronze<\/strong><br \/>Cau\u00e3 Ferreira-65kg (greco romano)<br \/>Cau\u00e3 Ferreira-65kg (livre)<br \/>5\u00ba Alisson Santos -65kg (greco romano)<br \/>5\u00ba Alisson Santos -65kg (livre)<br \/>4\u00ba Henrique Oliveira -60kg (livre)<br \/>4\u00ba Ingrid Souza -57kg (livre)<br \/>5\u00ba Rickson Abreu -55kg (livre)<\/p>\n<p><span class=\"intertitulo\"><strong>Sub-20<\/strong><\/span><\/p>\n<p><strong>Ouro<\/strong><br \/>Rafael Reis -65kg (livre)<br \/>Luiz Henrique-61kg (livre)<br \/>Maria Santos -76kg (livre)<br \/>Jo\u00e3o Reis -74kg (livre)<\/p>\n<p><strong>Prata<\/strong><br \/>Christopher Segura -67kg (greco romano)<br \/>Victor Toledo -77kg (greco romano)<br \/>Cristian Castro -87kg (greco romano)<\/p>\n<p><strong>Bronze<\/strong><br \/>Cristian Castro -86kg (greco romano)<br \/>Maria Cruz -62kg (livre)<br \/>Luiz Zednick -70kg (livre)<br \/>6\u00ba Luan Borges -65kg (livre)<\/p>\n<p><strong><span class=\"intertitulo\">S\u00eanior<\/span><br \/><\/strong><br \/><strong>Ouro<\/strong><br \/>Maria Santos -76kg (livre)<br \/>Jo\u00e3o Santos -65kg (livre)<br \/>Renato Patr\u00edcio -86kg (livre)<br \/>Victor Toledo -77kg (greco romano)<\/p>\n<p><strong>Prata<\/strong><br \/>Edvanilson Jesus -70kg (livre)<br \/>Renan Ara\u00fajo-60kg (greco romano)<br \/>Emerson Feitosa -79kg (livre)<\/p>\n<p><strong>Bronze<\/strong><br \/>Christopher Segura -67kg (greco romano)<br \/>Anderson Silva -70kg (livre)<br \/>Adil Hendresson -87kg (greco romano)<br \/>4\u00ba Rafael Reis -65kg (livre)<br \/>4\u00ba Jo\u00e3o Reis -74kg (livre)<br \/>5\u00ba Grabriela Rocha -68kg (livre)<br \/>5\u00ba Let\u00edcia Aguiar -53kg (livre)<\/p>\n<p>\u00a0<\/p>\n<p>&#13;<br \/>\n                        <strong>MAIS NOT\u00cdCIAS<\/strong><br \/>&#13;<br \/>\n                        Secretaria de Esporte e Qualidade de Vida&#13;\n                    <\/p>\n<\/p><\/div>\n","protected":false},"excerpt":{"rendered":"<p>Nei Jos\u00e9 Sant&#8217;Anna&#13; &#13; Secretaria de Esporte e Qualidade de Vida A equipe S\u00e3o Jos\u00e9 Wrestling conquistou 32 medalhas no Circuito Nacional Sul-Sudeste da modalidade, disputado no \u00faltimo fim de semana em Cubat\u00e3o-SP. Foram 12 medalhas de ouro, 11 de prata e nove de bronze na competi\u00e7\u00e3o que marcou a estreia do time joseense na &#8230; <a title=\"S\u00e3o Jos\u00e9 Wrestling traz 32 medalhas do Circuito Nacional\" class=\"read-more\" href=\"https:\/\/ubajaranoticias.com.br\/index.php\/2024\/03\/21\/sao-jose-wrestling-traz-32-medalhas-do-circuito-nacional\/\" aria-label=\"Read more about S\u00e3o Jos\u00e9 Wrestling traz 32 medalhas do Circuito Nacional\">Ler mais<\/a><\/p>\n","protected":false},"author":1,"featured_media":0,"comment_status":"open","ping_status":"open","sticky":false,"template":"","format":"standard","meta":{"footnotes":""},"categories":[3],"tags":[],"class_list":["post-6909","post","type-post","status-publish","format-standard","hentry","category-noticias"],"amp_enabled":true,"_links":{"self":[{"href":"https:\/\/ubajaranoticias.com.br\/index.php\/wp-json\/wp\/v2\/posts\/6909","targetHints":{"allow":["GET"]}}],"collection":[{"href":"https:\/\/ubajaranoticias.com.br\/index.php\/wp-json\/wp\/v2\/posts"}],"about":[{"href":"https:\/\/ubajaranoticias.com.br\/index.php\/wp-json\/wp\/v2\/types\/post"}],"author":[{"embeddable":true,"href":"https:\/\/ubajaranoticias.com.br\/index.php\/wp-json\/wp\/v2\/users\/1"}],"replies":[{"embeddable":true,"href":"https:\/\/ubajaranoticias.com.br\/index.php\/wp-json\/wp\/v2\/comments?post=6909"}],"version-history":[{"count":0,"href":"https:\/\/ubajaranoticias.com.br\/index.php\/wp-json\/wp\/v2\/posts\/6909\/revisions"}],"wp:attachment":[{"href":"https:\/\/ubajaranoticias.com.br\/index.php\/wp-json\/wp\/v2\/media?parent=6909"}],"wp:term":[{"taxonomy":"category","embeddable":true,"href":"https:\/\/ubajaranoticias.com.br\/index.php\/wp-json\/wp\/v2\/categories?post=6909"},{"taxonomy":"post_tag","embeddable":true,"href":"https:\/\/ubajaranoticias.com.br\/index.php\/wp-json\/wp\/v2\/tags?post=6909"}],"curies":[{"name":"wp","href":"https:\/\/api.w.org\/{rel}","templated":true}]}}