{"id":6800,"date":"2024-03-18T19:52:15","date_gmt":"2024-03-18T22:52:15","guid":{"rendered":"https:\/\/ubajaranoticias.com.br\/index.php\/2024\/03\/18\/saiba-onde-buscar-atendimento-em-casos-de-dengue-em-sorocaba-agencia-de-noticias\/"},"modified":"2024-03-18T19:52:15","modified_gmt":"2024-03-18T22:52:15","slug":"saiba-onde-buscar-atendimento-em-casos-de-dengue-em-sorocaba-agencia-de-noticias","status":"publish","type":"post","link":"https:\/\/ubajaranoticias.com.br\/index.php\/2024\/03\/18\/saiba-onde-buscar-atendimento-em-casos-de-dengue-em-sorocaba-agencia-de-noticias\/","title":{"rendered":"Saiba onde buscar atendimento em casos de dengue em Sorocaba \u2013 Ag\u00eancia de Not\u00edcias"},"content":{"rendered":"<p><\/p>\n<div>\n<p class=\"western\" align=\"center\">\n<p class=\"western\" align=\"justify\"><span style=\"font-family: Arial, sans-serif;\"><span style=\"font-size: medium;\">O Brasil est\u00e1 passando por um momento de aten\u00e7\u00e3o em rela\u00e7\u00e3o aos cuidados referentes \u00e0 arboviroses. Com mais de 1,6 milh\u00e3o de casos confirmados, a dengue est\u00e1 resultando em novas estrat\u00e9gias nos mais diversos munic\u00edpios do Pa\u00eds.<\/span><\/span><\/p>\n<p class=\"western\" align=\"justify\"><span style=\"font-family: Arial, sans-serif;\"><span style=\"font-size: medium;\">Em Sorocaba, de acordo com os dados da Vigil\u00e2ncia Epidemiol\u00f3gica da Secretaria da Sa\u00fade (SES), a cidade chegou, nesta segunda-feira (18), \u00e0 marca de <span style=\"color: #000000;\">9.687 casos notificado<\/span><span style=\"color: #000000;\">s<\/span> <span style=\"color: #000000;\">e <\/span><span style=\"color: #000000;\">3.312 confirmados, sendo 3.188 aut\u00f3ctones; 118 importados e seis indeterminados. <\/span><span style=\"color: #000000;\">No momento, h<\/span><span style=\"color: #000000;\">\u00e1 tr\u00eas \u00f3bitos em investiga\u00e7\u00e3o e um \u00f3bito confirmado, <\/span><span style=\"color: #000000;\">uma <\/span><span style=\"color: #000000;\">mulher <\/span><span style=\"color: #000000;\">de<\/span><span style=\"color: #000000;\"> 49 anos, sem comorbidades, <\/span><span style=\"color: #000000;\">que faleceu no dia <\/span><span style=\"color: #000000;\">2 de mar\u00e7<\/span><span style=\"color: #000000;\">o.<\/span><\/span><\/span><\/p>\n<p class=\"western\" align=\"justify\"><span style=\"font-family: Arial, sans-serif;\"><span style=\"font-size: medium;\"><span style=\"color: #000000;\">Em rela\u00e7\u00e3o aos sintomas, ao sentir febre, dores no corpo e na cabe\u00e7a \u00e9 necess\u00e1rio ingerir muito l\u00edquido e procurar atendimento m\u00e9dico. Se estiver doente por sete dias, o quarto e quinto dia fazem parte do per\u00edodo mais cr\u00edtico, momento em que o quadro de sa\u00fade pode se agravar. <\/span><\/span><\/span><\/p>\n<p class=\"western\" align=\"justify\"><span style=\"font-family: Arial, sans-serif;\"><span style=\"font-size: medium;\"><span style=\"color: #000000;\">Para tanto, \u00e9<\/span><span style=\"color: #000000;\"> necess\u00e1rio saber qual unidade de sa\u00fade procurar em casos de dengue. Se a situa\u00e7\u00e3o for suspeita, deve-se procurar as Unidades B\u00e1sicas da Sa\u00fade (UBSs) e as unidades de Pronto Atendimento (PAs), al\u00e9m de iniciar a hidrata\u00e7\u00e3o. Se for suspeito ou confirmado, mas sem <em>*sinais de alarme ou *condi\u00e7\u00f5es especiais de risco<\/em>, o monitoramento deve seguir nas UBSs.<\/span><\/span><\/span><\/p>\n<p class=\"western\" align=\"justify\"><em><span style=\"font-family: Arial, sans-serif;\"><span style=\"font-size: medium;\"><span style=\"color: #000000;\">Os *sinais de alarme s\u00e3o dores abdominais, v\u00f4mitos persistentes, sensa\u00e7\u00e3o de desmaio, letargia ou irritabilidade e sangramento de mucosa. E a *categoria de condi\u00e7\u00e3o cl\u00ednica especial inclui gestantes, lactantes (com menos 24 meses), pessoas com mais de 65 anos, hipertensos, diab\u00e9ticos, pessoas com <\/span><span style=\"color: #202124;\">doen\u00e7a pulmonar obstrutiva cr\u00f4nica (DPOC), asm\u00e1ticos, pessoas obesas, com doen\u00e7a renal cr\u00f4nica, \u00e1cido p\u00e9ptica, hepatopatias e com doen\u00e7as autoimunes. <\/span><\/span><\/span><\/em><\/p>\n<p class=\"western\" align=\"justify\"><span style=\"font-family: Arial, sans-serif;\"><span style=\"font-size: medium;\"><span style=\"color: #000000;\">Se for suspeito ou confirmado com condi\u00e7\u00e3o cl\u00ednica especial, deve-se procurar as Unidades Pr\u00e9-Hospitalar (UPHs), Unidade de Pronto Atendimento (UPA) e PAs at\u00e9 resultado de exames e reavalia\u00e7\u00e3o cl\u00ednica. <\/span><span style=\"color: #000000;\">J\u00e1 em casos suspeitos ou confirmados com sinais de alarme deve-se buscar as UPHs, UPAs e PAs para interna\u00e7\u00e3o, <\/span><span style=\"color: #000000;\">caso necess\u00e1rio.<\/span><\/span><\/span><\/p>\n<p class=\"western\" align=\"justify\"><span style=\"font-family: Arial, sans-serif;\"><span style=\"font-size: medium;\"><span style=\"color: #000000;\">Por fim, se o caso de dengue for grave, com sensa\u00e7\u00e3o do cora\u00e7\u00e3o estar acelerado, m\u00e3os frias, respira\u00e7\u00e3o curta e r\u00e1pida, diminui\u00e7\u00e3o da urina, press\u00e3o arterial baixa, desmaio, cianose (colora\u00e7\u00e3o azulada da pele e mucosas) e sangramento grave, \u00e9 necess\u00e1rio procurar imediatamente <\/span><span style=\"color: #000000;\">uma<\/span><span style=\"color: #000000;\"> unidade de urg\u00eancia e emerg\u00eancia (UPHs, UPAs e PAs).<\/span><\/span><\/span><\/p>\n<p class=\"western\" align=\"justify\"><span style=\"font-family: Arial, sans-serif;\"><span style=\"font-size: medium;\"><span style=\"color: #000000;\">As 33 UBSs est\u00e3o com esquema especial de atendimento de dengue das 8h \u00e0s 16h, sendo que tr\u00eas delas atendem das 19h \u00e0s 22h, exclusivamente pacientes com sintomas da dengue: UBSs Hort\u00eancia, Simus e Fiori.<\/span><\/span><\/span><\/p>\n<p class=\"western\" align=\"justify\"><span style=\"font-family: Arial, sans-serif;\"><span style=\"font-size: medium;\"><span style=\"color: #000000;\">Sorocaba tamb\u00e9m<\/span><span style=\"color: #000000;\"> possui<\/span><span style=\"color: #000000;\"> oito PAs das 19h \u00e0s 7h <\/span><span style=\"color: #000000;\">de segunda a sexta-feira<\/span><span style=\"color: #000000;\">, sendo 24h aos fins de semana: Aparecidinha, Brigadeiro Tobias, Carand\u00e1, Habiteto, S\u00e3o Bento, S\u00e3o Guilherme e Sorocaba 1, al\u00e9m do PA Laranjeiras 24h todos os dias. A cidade tamb\u00e9m conta com quatro unidades de urg\u00eancia e emerg\u00eancia, s<\/span><span style=\"color: #000000;\">endo <\/span><span style=\"color: #000000;\">elas: UPHs Norte, Leste e Oeste, al\u00e9m da UPA \u00c9den.<\/span><\/span><\/span><\/p>\n<\/p><\/div>\n","protected":false},"excerpt":{"rendered":"<p>O Brasil est\u00e1 passando por um momento de aten\u00e7\u00e3o em rela\u00e7\u00e3o aos cuidados referentes \u00e0 arboviroses. Com mais de 1,6 milh\u00e3o de casos confirmados, a dengue est\u00e1 resultando em novas estrat\u00e9gias nos mais diversos munic\u00edpios do Pa\u00eds. Em Sorocaba, de acordo com os dados da Vigil\u00e2ncia Epidemiol\u00f3gica da Secretaria da Sa\u00fade (SES), a cidade chegou, &#8230; <a title=\"Saiba onde buscar atendimento em casos de dengue em Sorocaba \u2013 Ag\u00eancia de Not\u00edcias\" class=\"read-more\" href=\"https:\/\/ubajaranoticias.com.br\/index.php\/2024\/03\/18\/saiba-onde-buscar-atendimento-em-casos-de-dengue-em-sorocaba-agencia-de-noticias\/\" aria-label=\"Read more about Saiba onde buscar atendimento em casos de dengue em Sorocaba \u2013 Ag\u00eancia de Not\u00edcias\">Ler mais<\/a><\/p>\n","protected":false},"author":1,"featured_media":0,"comment_status":"open","ping_status":"open","sticky":false,"template":"","format":"standard","meta":{"footnotes":""},"categories":[3],"tags":[],"class_list":["post-6800","post","type-post","status-publish","format-standard","hentry","category-noticias"],"amp_enabled":true,"_links":{"self":[{"href":"https:\/\/ubajaranoticias.com.br\/index.php\/wp-json\/wp\/v2\/posts\/6800","targetHints":{"allow":["GET"]}}],"collection":[{"href":"https:\/\/ubajaranoticias.com.br\/index.php\/wp-json\/wp\/v2\/posts"}],"about":[{"href":"https:\/\/ubajaranoticias.com.br\/index.php\/wp-json\/wp\/v2\/types\/post"}],"author":[{"embeddable":true,"href":"https:\/\/ubajaranoticias.com.br\/index.php\/wp-json\/wp\/v2\/users\/1"}],"replies":[{"embeddable":true,"href":"https:\/\/ubajaranoticias.com.br\/index.php\/wp-json\/wp\/v2\/comments?post=6800"}],"version-history":[{"count":0,"href":"https:\/\/ubajaranoticias.com.br\/index.php\/wp-json\/wp\/v2\/posts\/6800\/revisions"}],"wp:attachment":[{"href":"https:\/\/ubajaranoticias.com.br\/index.php\/wp-json\/wp\/v2\/media?parent=6800"}],"wp:term":[{"taxonomy":"category","embeddable":true,"href":"https:\/\/ubajaranoticias.com.br\/index.php\/wp-json\/wp\/v2\/categories?post=6800"},{"taxonomy":"post_tag","embeddable":true,"href":"https:\/\/ubajaranoticias.com.br\/index.php\/wp-json\/wp\/v2\/tags?post=6800"}],"curies":[{"name":"wp","href":"https:\/\/api.w.org\/{rel}","templated":true}]}}