{"id":6724,"date":"2024-03-17T03:57:42","date_gmt":"2024-03-17T06:57:42","guid":{"rendered":"https:\/\/ubajaranoticias.com.br\/index.php\/2024\/03\/17\/funjope-apoia-programacao-do-dia-estadual-da-cultura-afro-paraibana\/"},"modified":"2024-03-17T03:57:42","modified_gmt":"2024-03-17T06:57:42","slug":"funjope-apoia-programacao-do-dia-estadual-da-cultura-afro-paraibana","status":"publish","type":"post","link":"https:\/\/ubajaranoticias.com.br\/index.php\/2024\/03\/17\/funjope-apoia-programacao-do-dia-estadual-da-cultura-afro-paraibana\/","title":{"rendered":"Funjope apoia programa\u00e7\u00e3o do Dia Estadual da Cultura Afro Paraibana"},"content":{"rendered":"<p><\/p>\n<div>\n<p>A Funda\u00e7\u00e3o Cultural de Jo\u00e3o Pessoa (Funjope) est\u00e1 apoiando as comemora\u00e7\u00f5es do Dia Estadual da Cultura Afro Paraibana, que acontecem neste domingo (17), na Pra\u00e7a do Coqueiral, no bairro de Mangabeira. A abertura ser\u00e1 \u00e0s 13h, e o evento envolve uma s\u00e9rie de atividades, como capoeira e cortejo. O trabalho ocorre de forma integrada com a Coordenadoria de Promo\u00e7\u00e3o da Igualdade Racial, vinculada ao vice-prefeito Leo Bezerra.<\/p>\n<figure class=\"wp-block-gallery has-nested-images columns-default is-cropped wp-block-gallery-1 is-layout-flex wp-block-gallery-is-layout-flex\">\n<figure class=\"wp-block-image size-large\"><\/figure>\n<figure class=\"wp-block-image size-large\"><\/figure>\n<figure class=\"wp-block-image size-large\"><\/figure>\n<\/figure>\n<p>\u201cN\u00f3s temos, na Funjope, um compromisso muito grande de estimular e de acolher a diversidade das culturas da cidade de Jo\u00e3o Pessoa. E, neste momento de celebra\u00e7\u00e3o da cultura afro-brasileira, n\u00f3s n\u00e3o poder\u00edamos ficar omissos\u201d, inicia o diretor executivo da Funjope, Marcus Alves.<\/p>\n<p>Ele lembra que a Funda\u00e7\u00e3o tem um di\u00e1logo constante com o vice-prefeito Leo Bezerra, com a Coordenadoria da Negritude, de maneira que isso represente um abra\u00e7o e um processo de inclus\u00e3o das culturas de matriz africana por parte do pr\u00f3prio governo. \u201cA Funjope faz um trabalho de aprofundamento e de identifica\u00e7\u00e3o e valoriza\u00e7\u00e3o das nossas identidades culturais. Nesse momento, \u00e9 muito importante estarmos juntos\u201d, acrescenta.<\/p>\n<figure class=\"wp-block-image size-large\"><\/figure>\n<p>O dia 17 de mar\u00e7o foi institu\u00eddo como Dia Estadual da Cultura Afro Brasileira na Para\u00edba, em 2009. \u201cNa \u00e9poca, pedimos ao deputado Raniery Paulino, para que se tornasse uma lei, e conseguimos. Colocamos 17 de mar\u00e7o em homenagem \u00e0 ialorix\u00e1 Francisca das Chagas, mais conhecida como M\u00e3e Chaguinha do Oxum, porque nesse dia \u00e9 o anivers\u00e1rio dela\u201d, relata a Y\u00e1 Dag\u00e3 Mariah Marques, rela\u00e7\u00f5es p\u00fablicas do evento.<\/p>\n<p>Ela lembra que j\u00e1 s\u00e3o 15 anos, mas nos dois anos da pandemia o movimento n\u00e3o foi para a rua. \u00c9 um grande encontro da cultura negra, africana para mostrarmos \u00e0 popula\u00e7\u00e3o, \u00e0 comunidade e \u00e0s pessoas que a cultura sai de dentro dos terreiros da cultura negra, \u00e9 o maracatu, o samba, o coco de roda, as aruendas, a capoeira. Isso \u00e9 um grande momento que vivemos\u201d, comemora.<\/p>\n<p>O grupo trabalha tamb\u00e9m a quest\u00e3o do racismo cultural. \u201cAcreditamos que \u00e9 preciso dialogar sobre isso e tamb\u00e9m com a quest\u00e3o da intoler\u00e2ncia religiosa porque as pessoas acham que tudo que \u00e9 nosso \u00e9 coisa do mal, e n\u00f3s n\u00e3o cultuamos o mal. Muito pelo contr\u00e1rio. N\u00f3s cultuamos a natureza e quem cultua a natureza quer o bem das pessoas\u201d.<\/p>\n<p>Mariah Marques refor\u00e7a que os Tambores da Paz n\u00e3o s\u00e3o uma religi\u00e3o de matriz africana e sim um encontro da cultura negra, embora n\u00f3s tenhamos um cortejo que sai do terreiro que idealizou essa quest\u00e3o.<\/p>\n<p>\u201cE nesse momento da retomada, tem uma grande import\u00e2ncia o di\u00e1logo que n\u00f3s tivemos com a Funjope, atrav\u00e9s do professor Marcus Alves. A Funjope sempre foi parceira, mas esse ano est\u00e1 sendo um divisor de \u00e1guas. Estamos tendo apoio total na quest\u00e3o dos grupos, na estrutura, no di\u00e1logo que tivemos tamb\u00e9m com o vice-prefeito Leo Bezerra, com Thiago Diniz do Or\u00e7amento Participativo, com a Coordenadoria de Combate ao Racismo\u201d.<\/p>\n<p>E continuou: \u201cA Funjope foi um divisor de \u00e1guas porque ela faz esse di\u00e1logo com a intersetorialidade e com o movimento. E n\u00f3s s\u00f3 temos gratid\u00e3o \u00e0 Funjope por ter abra\u00e7ado. Esse \u00e9 o primeiro ano de muitos que vir\u00e3o dessa grande parceria\u201d, completa Mariah Marques.<\/p>\n<p><strong>Programa\u00e7\u00e3o \u2013 <\/strong>Ao longo da programa\u00e7\u00e3o, o p\u00fablico poder\u00e1 conferir a feira preta que estar\u00e1 funcionando desde o hor\u00e1rio da abertura. \u00c0s 17h, acontece uma apresenta\u00e7\u00e3o de capoeira, ao mesmo tempo em que come\u00e7a a concentra\u00e7\u00e3o do Cortejo Il\u00ea Ax\u00e9 Omilod\u00e9, cuja chegada contar\u00e1 com a participa\u00e7\u00e3o do grupo As Calungas e grupo Aruenda da Saudade.<\/p>\n<p>As atra\u00e7\u00f5es come\u00e7am a se apresentar a partir das 18h30, com o Grupo Ilu Odar\u00e1. \u00c0s 19h, entra em cena a convidada Mestra M\u00e3e Nininha do Coco de Oya, de Pernambuco.<\/p>\n<p>Dentro da programa\u00e7\u00e3o, acontece tamb\u00e9m a premia\u00e7\u00e3o Juventude de Terreiro O Futuro do Amanh\u00e3, \u00e0s 19h40. J\u00e1 \u00e0s 20h, tem o Coco de Oxum. Na sequ\u00eancia, \u00e0s 20h30, tem o Grupo Ra\u00edzes e, em seguida, \u00e0s 21h30, Maria Helena com o Afox\u00e9 Oya Alax\u00e9.<\/p>\n<\/p><\/div>\n","protected":false},"excerpt":{"rendered":"<p>A Funda\u00e7\u00e3o Cultural de Jo\u00e3o Pessoa (Funjope) est\u00e1 apoiando as comemora\u00e7\u00f5es do Dia Estadual da Cultura Afro Paraibana, que acontecem neste domingo (17), na Pra\u00e7a do Coqueiral, no bairro de Mangabeira. A abertura ser\u00e1 \u00e0s 13h, e o evento envolve uma s\u00e9rie de atividades, como capoeira e cortejo. O trabalho ocorre de forma integrada com &#8230; <a title=\"Funjope apoia programa\u00e7\u00e3o do Dia Estadual da Cultura Afro Paraibana\" class=\"read-more\" href=\"https:\/\/ubajaranoticias.com.br\/index.php\/2024\/03\/17\/funjope-apoia-programacao-do-dia-estadual-da-cultura-afro-paraibana\/\" aria-label=\"Read more about Funjope apoia programa\u00e7\u00e3o do Dia Estadual da Cultura Afro Paraibana\">Ler mais<\/a><\/p>\n","protected":false},"author":1,"featured_media":0,"comment_status":"open","ping_status":"open","sticky":false,"template":"","format":"standard","meta":{"footnotes":""},"categories":[3],"tags":[],"class_list":["post-6724","post","type-post","status-publish","format-standard","hentry","category-noticias"],"amp_enabled":true,"_links":{"self":[{"href":"https:\/\/ubajaranoticias.com.br\/index.php\/wp-json\/wp\/v2\/posts\/6724","targetHints":{"allow":["GET"]}}],"collection":[{"href":"https:\/\/ubajaranoticias.com.br\/index.php\/wp-json\/wp\/v2\/posts"}],"about":[{"href":"https:\/\/ubajaranoticias.com.br\/index.php\/wp-json\/wp\/v2\/types\/post"}],"author":[{"embeddable":true,"href":"https:\/\/ubajaranoticias.com.br\/index.php\/wp-json\/wp\/v2\/users\/1"}],"replies":[{"embeddable":true,"href":"https:\/\/ubajaranoticias.com.br\/index.php\/wp-json\/wp\/v2\/comments?post=6724"}],"version-history":[{"count":0,"href":"https:\/\/ubajaranoticias.com.br\/index.php\/wp-json\/wp\/v2\/posts\/6724\/revisions"}],"wp:attachment":[{"href":"https:\/\/ubajaranoticias.com.br\/index.php\/wp-json\/wp\/v2\/media?parent=6724"}],"wp:term":[{"taxonomy":"category","embeddable":true,"href":"https:\/\/ubajaranoticias.com.br\/index.php\/wp-json\/wp\/v2\/categories?post=6724"},{"taxonomy":"post_tag","embeddable":true,"href":"https:\/\/ubajaranoticias.com.br\/index.php\/wp-json\/wp\/v2\/tags?post=6724"}],"curies":[{"name":"wp","href":"https:\/\/api.w.org\/{rel}","templated":true}]}}