{"id":6664,"date":"2024-03-15T21:13:19","date_gmt":"2024-03-16T00:13:19","guid":{"rendered":"https:\/\/ubajaranoticias.com.br\/index.php\/2024\/03\/15\/ifsp-ceagesp-e-uniao-dos-atipicos-assinam-protocolo-de-intencoes-ifsp\/"},"modified":"2024-03-15T21:13:19","modified_gmt":"2024-03-16T00:13:19","slug":"ifsp-ceagesp-e-uniao-dos-atipicos-assinam-protocolo-de-intencoes-ifsp","status":"publish","type":"post","link":"https:\/\/ubajaranoticias.com.br\/index.php\/2024\/03\/15\/ifsp-ceagesp-e-uniao-dos-atipicos-assinam-protocolo-de-intencoes-ifsp\/","title":{"rendered":"IFSP, Ceagesp e Uni\u00e3o dos At\u00edpicos assinam protocolo de inten\u00e7\u00f5es &#8211; IFSP"},"content":{"rendered":"<p><\/p>\n<div>\n<div class=\"subtitle\">\n<p><span data-contrast=\"auto\">Objetivo \u00e9 desenvolver a\u00e7\u00f5es de extens\u00e3o e pesquisa em sustentabilidade\u00a0<\/span><\/p>\n<\/div>\n<p><!-- fim .content-header-options-1 --><\/p>\n<p><span data-contrast=\"auto\"><span class=\"easy_img_caption\" style=\"display:inline-table;max-width:100%;box-sizing:border-box;vertical-align:top;background-color:#F2F2F2;padding:6px 6px 0px 6px;width:465px;float:left;margin: 10px;\"><span class=\"easy_img_caption_inner\" style=\"display:block;\"><span style=\"display:block;color:#000000;font-size:13px;line-height:1.3;font-weight:normal;font-style:normal;text-align:left;padding:4px 0px 4px 0px;margin:0px;\">Reitor Silm\u00e1rio e Jamil Yatim, Presidente da Ceagesp, assinam protocolo de inten\u00e7\u00f5es<\/span><\/span><\/span>O reitor do IFSP, Silm\u00e1rio Santos, assinou nesta sexta-feira (15) um protocolo de inten\u00e7\u00f5es com a Ceagesp (Companhia de Entrepostos e Armaz\u00e9ns Gerais de S\u00e3o Paulo) e a Associa\u00e7\u00e3o dos Comerciantes e Varejistas em Centrais de Abastecimento de Alimentos do Estado de S\u00e3o Paulo \u2014 Uni\u00e3o dos At\u00edpicos.<\/span><span data-ccp-props=\"{}\">\u00a0<\/span><\/p>\n<p><span data-contrast=\"auto\">O documento tem o objetivo de estabelecer uma coopera\u00e7\u00e3o m\u00fatua entre as institui\u00e7\u00f5es, visando ao desenvolvimento de a\u00e7\u00f5es de extens\u00e3o e pesquisa em sustentabilidade por meio das boas pr\u00e1ticas em alimenta\u00e7\u00e3o, economia circular e rela\u00e7\u00f5es com o mundo do trabalho (emprego e renda).<\/span><span data-ccp-props=\"{}\">\u00a0<\/span><\/p>\n<p><span data-contrast=\"auto\">De acordo com o diretor de Coopera\u00e7\u00e3o e Sustentabilidade da Pr\u00f3-Reitoria de Extens\u00e3o e Cultura, Rodrigo de Benedictis Delphino, a formaliza\u00e7\u00e3o dessa parceria \u00e9 bastante significativa, pois \u201cproporciona diversas oportunidades para que estudantes e servidores do IFSP possam desenvolver projetos de extens\u00e3o, pesquisa, inova\u00e7\u00e3o e ensino alinhados aos Objetivos de Desenvolvimento Sustent\u00e1vel da Agenda 2030, ampliando suas possibilidades de atua\u00e7\u00e3o e impacto positivo na sociedade\u201d.<\/span><span data-ccp-props=\"{}\">\u00a0<\/span><\/p>\n<p><span data-contrast=\"auto\">Carlos Jos\u00e9 Santos, Assistente Executivo da Ceagesp, afirmou que a parceria entre as institui\u00e7\u00f5es \u00e9 de grande import\u00e2ncia. \u201cTemos muitas demandas, nas quais precisamos de ajuda para melhorar nossos par\u00e2metros e procedimentos, especificamente em rela\u00e7\u00e3o ao abastecimento e\u00a0 \u00e0 alimenta\u00e7\u00e3o, assim como no combate ao desperd\u00edcio e \u00e0 fome. H\u00e1 uma grande expectativa de fortalecer essa parceria, e logo agendaremos o in\u00edcio das conversas e dos planos de trabalhos conjuntos&#8221;.<\/span><span data-ccp-props=\"{}\">\u00a0<\/span><\/p>\n<p><span data-contrast=\"auto\">Delphino contou que as institui\u00e7\u00f5es buscar\u00e3o ampliar as a\u00e7\u00f5es do Banco de Alimentos da Ceagesp, sob a \u00f3tica da alimenta\u00e7\u00e3o saud\u00e1vel e sustent\u00e1vel que o IFSP desenvolve,\u00a0por meio de projetos de extens\u00e3o e pesquisa. \u201cCom base nisso, a proposta \u00e9 buscar recursos para a implemanta\u00e7\u00e3o de uma cozinha escola, mas de in\u00edcio, a proposta \u00e9 come\u00e7ar com oficinas espec\u00edficas. A\u00a0partir de agora ser\u00e1 iniciado um planejamento do que pode ser feito, para ent\u00e3o se estabelecer um cronograma de atividades e buscar recursos para desenvolver essas a\u00e7\u00f5es\u201d, relatou.<\/span><span data-ccp-props=\"{}\">\u00a0<\/span><\/p>\n<p><span data-ccp-props=\"{}\">\u00a0<\/span><\/p>\n<\/div>\n<p><script>(function(d, s, id) {\n  var js, fjs = d.getElementsByTagName(s)[0];\n  if (d.getElementById(id)) return;\n  js = d.createElement(s); js.id = id;\n  js.src = \"\/\/connect.facebook.net\/pt_BR\/all.js#xfbml=1&appId=509544779073047\";\n  fjs.parentNode.insertBefore(js, fjs);\n }(document, 'script', 'facebook-jssdk'));<\/script><\/p>\n","protected":false},"excerpt":{"rendered":"<p>Objetivo \u00e9 desenvolver a\u00e7\u00f5es de extens\u00e3o e pesquisa em sustentabilidade\u00a0 Reitor Silm\u00e1rio e Jamil Yatim, Presidente da Ceagesp, assinam protocolo de inten\u00e7\u00f5esO reitor do IFSP, Silm\u00e1rio Santos, assinou nesta sexta-feira (15) um protocolo de inten\u00e7\u00f5es com a Ceagesp (Companhia de Entrepostos e Armaz\u00e9ns Gerais de S\u00e3o Paulo) e a Associa\u00e7\u00e3o dos Comerciantes e Varejistas em &#8230; <a title=\"IFSP, Ceagesp e Uni\u00e3o dos At\u00edpicos assinam protocolo de inten\u00e7\u00f5es &#8211; IFSP\" class=\"read-more\" href=\"https:\/\/ubajaranoticias.com.br\/index.php\/2024\/03\/15\/ifsp-ceagesp-e-uniao-dos-atipicos-assinam-protocolo-de-intencoes-ifsp\/\" aria-label=\"Read more about IFSP, Ceagesp e Uni\u00e3o dos At\u00edpicos assinam protocolo de inten\u00e7\u00f5es &#8211; IFSP\">Ler mais<\/a><\/p>\n","protected":false},"author":1,"featured_media":0,"comment_status":"open","ping_status":"open","sticky":false,"template":"","format":"standard","meta":{"footnotes":""},"categories":[3],"tags":[],"class_list":["post-6664","post","type-post","status-publish","format-standard","hentry","category-noticias"],"amp_enabled":true,"_links":{"self":[{"href":"https:\/\/ubajaranoticias.com.br\/index.php\/wp-json\/wp\/v2\/posts\/6664","targetHints":{"allow":["GET"]}}],"collection":[{"href":"https:\/\/ubajaranoticias.com.br\/index.php\/wp-json\/wp\/v2\/posts"}],"about":[{"href":"https:\/\/ubajaranoticias.com.br\/index.php\/wp-json\/wp\/v2\/types\/post"}],"author":[{"embeddable":true,"href":"https:\/\/ubajaranoticias.com.br\/index.php\/wp-json\/wp\/v2\/users\/1"}],"replies":[{"embeddable":true,"href":"https:\/\/ubajaranoticias.com.br\/index.php\/wp-json\/wp\/v2\/comments?post=6664"}],"version-history":[{"count":0,"href":"https:\/\/ubajaranoticias.com.br\/index.php\/wp-json\/wp\/v2\/posts\/6664\/revisions"}],"wp:attachment":[{"href":"https:\/\/ubajaranoticias.com.br\/index.php\/wp-json\/wp\/v2\/media?parent=6664"}],"wp:term":[{"taxonomy":"category","embeddable":true,"href":"https:\/\/ubajaranoticias.com.br\/index.php\/wp-json\/wp\/v2\/categories?post=6664"},{"taxonomy":"post_tag","embeddable":true,"href":"https:\/\/ubajaranoticias.com.br\/index.php\/wp-json\/wp\/v2\/tags?post=6664"}],"curies":[{"name":"wp","href":"https:\/\/api.w.org\/{rel}","templated":true}]}}