{"id":6541,"date":"2024-03-13T10:56:15","date_gmt":"2024-03-13T13:56:15","guid":{"rendered":"https:\/\/ubajaranoticias.com.br\/index.php\/2024\/03\/13\/drive-thru-da-reciclagem-comeca-amanha-e-vai-ate-sabado-nos-altos-da-afonso-pena-agencia-de-noticias-do-governo-de-mato-grosso-do-sul\/"},"modified":"2024-03-13T10:56:15","modified_gmt":"2024-03-13T13:56:15","slug":"drive-thru-da-reciclagem-comeca-amanha-e-vai-ate-sabado-nos-altos-da-afonso-pena-agencia-de-noticias-do-governo-de-mato-grosso-do-sul","status":"publish","type":"post","link":"https:\/\/ubajaranoticias.com.br\/index.php\/2024\/03\/13\/drive-thru-da-reciclagem-comeca-amanha-e-vai-ate-sabado-nos-altos-da-afonso-pena-agencia-de-noticias-do-governo-de-mato-grosso-do-sul\/","title":{"rendered":"Drive Thru da Reciclagem come\u00e7a amanh\u00e3 e vai at\u00e9 s\u00e1bado nos Altos da Afonso Pena \u2013 Ag\u00eancia de Noticias do Governo de Mato Grosso do Sul"},"content":{"rendered":"<p><\/p>\n<div>\n<p style=\"font-weight: 400; text-align: center;\"><em>A partir desta quinta-feira, 14, e at\u00e9 o pr\u00f3ximo s\u00e1bado, 16, os altos da Afonso Pena, em frente ao Parque das Na\u00e7\u00f5es Ind\u00edgenas se transformam em um grande espa\u00e7o de sustentabilidade, para discutir e praticar o descarte correto<\/em><\/p>\n<p style=\"font-weight: 400;\">O que t\u00eam em comum garrafa pl\u00e1stica vazia, papel, papel\u00e3o, vidro, \u00f3leo de cozinha usado, sucata de a\u00e7o, ferro, eletr\u00f4nico, tecido, lona, medicamento vencido, l\u00e2mpada, pilha, bateria e tantos materiais que n\u00e3o servem mais? A resposta \u00e9: nenhum desses materiais precisa ir para o lixo ou ficar ocupando espa\u00e7o em casa. A partir de amanh\u00e3 (14) acontece a 11\u00aa edi\u00e7\u00e3o de um super evento de reciclagem, pela primeira vez com a participa\u00e7\u00e3o da Ag\u00eancia Estadual de Regula\u00e7\u00e3o (Agems).<\/p>\n<p style=\"font-weight: 400;\">Nos tr\u00eas dias de evento \u2013 14, 15 e 16 de mar\u00e7o, os altos da Afonso Pena em frente ao Parque das Na\u00e7\u00f5es Ind\u00edgenas se transformam em um grande espa\u00e7o de sustentabilidade, para receber material descartado, arrecadar doa\u00e7\u00f5es para entidades assistenciais e promover atividades de lazer, educa\u00e7\u00e3o e cultura sobre preserva\u00e7\u00e3o ambiental e reuso de bens.<\/p>\n<p style=\"font-weight: 400;\">No Drive Thru da Reciclagem, o motorista pode entregar seu descarte sem precisar sair do carro, mas os organizadores est\u00e3o preparando uma programa\u00e7\u00e3o completa que vai fazer atrair a todos. Espa\u00e7o pet, palestras, brincadeiras, demonstra\u00e7\u00e3o de empresas de reciclagem, talk shows e uma s\u00e9rie de outras atividades gratuitas v\u00e3o acontecer durante todo o dia, das 9h \u00e0s 18h. Tamb\u00e9m barracas de venda de alimenta\u00e7\u00e3o.<\/p>\n<div id=\"gallery-1\" class=\"gallery galleryid-468961 gallery-columns-1 gallery-size-large\">\n<figure class=\"gallery-item\">\n<div class=\"gallery-icon landscape\"><\/div>\n<\/figure><\/div>\n<p style=\"font-weight: 400;\">\u201cN\u00f3s queremos convidar os pais, as crian\u00e7as, os jovens; estudantes, professores, donas de casa, quem trabalha no com\u00e9rcio, na ind\u00fastria, quem estuda ou ensina nas universidades, enfim, todo cidad\u00e3o pode aproveitar essa oportunidade\u201d, ressalta o diretor-presidente da Ag\u00eancia, Carlos Alberto de Assis.<\/p>\n<p style=\"font-weight: 400;\">Junto com o Instituto do Meio Ambiente de Mato Grosso do Sul (Imasul), a Agems lidera a parceria do Estado com esse evento que em 10 anos reuniu mais de 15 mil pessoas. Somente na edi\u00e7\u00e3o de agosto de 2023, foram arrecadadas seis toneladas de recicl\u00e1veis, e a expectativa \u00e9 superar essa meta, segundo Ana Franzolozo, da <em>startup<\/em>\u00a0Du Bem Sustent\u00e1vel, Idealizadora do projeto.<\/p>\n<p style=\"font-weight: 400;\">O Drive Trhu da Reciclagem quer incentivar o descarte correto e toda a cadeia de reaproveitamento e de gera\u00e7\u00e3o de renda que esse cuidado gera. \u201cN\u00f3s teremos tem\u00e1ticas que v\u00e3o envolver toda a sociedade. As pessoas, al\u00e9m de depositarem seus res\u00edduos para reciclagem, poder\u00e3o conhecer novas tecnologias, trabalhos e oficinas que envolvem todos os eixos de sa\u00fade e saneamento b\u00e1sico\u201d, conta a diretora Iara Marchioretto.<\/p>\n<p style=\"font-weight: 400;\">\u201cA Agems est\u00e1 trabalhando fortemente com a educa\u00e7\u00e3o ambiental, no apoio aos munic\u00edpios do Estado para a gest\u00e3o correta dos res\u00edduos e a preserva\u00e7\u00e3o da \u00e1gua. Tudo isso vai estar dispon\u00edvel gratuitamente para o cidad\u00e3o conhecer, vivenciar, se divertir. Esperamos todos l\u00e1\u201d, refor\u00e7a a diretora de Inova\u00e7\u00e3o Rejane Monteiro.<\/p>\n<div id=\"gallery-2\" class=\"gallery galleryid-468961 gallery-columns-1 gallery-size-large\">\n<figure class=\"gallery-item\">\n<div class=\"gallery-icon landscape\"><\/div>\n<\/figure><\/div>\n<p><em>Gizele Oliveira, Comunica\u00e7\u00e3o Agems<\/em><\/p>\n<\/div>\n","protected":false},"excerpt":{"rendered":"<p>A partir desta quinta-feira, 14, e at\u00e9 o pr\u00f3ximo s\u00e1bado, 16, os altos da Afonso Pena, em frente ao Parque das Na\u00e7\u00f5es Ind\u00edgenas se transformam em um grande espa\u00e7o de sustentabilidade, para discutir e praticar o descarte correto O que t\u00eam em comum garrafa pl\u00e1stica vazia, papel, papel\u00e3o, vidro, \u00f3leo de cozinha usado, sucata de &#8230; <a title=\"Drive Thru da Reciclagem come\u00e7a amanh\u00e3 e vai at\u00e9 s\u00e1bado nos Altos da Afonso Pena \u2013 Ag\u00eancia de Noticias do Governo de Mato Grosso do Sul\" class=\"read-more\" href=\"https:\/\/ubajaranoticias.com.br\/index.php\/2024\/03\/13\/drive-thru-da-reciclagem-comeca-amanha-e-vai-ate-sabado-nos-altos-da-afonso-pena-agencia-de-noticias-do-governo-de-mato-grosso-do-sul\/\" aria-label=\"Read more about Drive Thru da Reciclagem come\u00e7a amanh\u00e3 e vai at\u00e9 s\u00e1bado nos Altos da Afonso Pena \u2013 Ag\u00eancia de Noticias do Governo de Mato Grosso do Sul\">Ler mais<\/a><\/p>\n","protected":false},"author":1,"featured_media":0,"comment_status":"open","ping_status":"open","sticky":false,"template":"","format":"standard","meta":{"footnotes":""},"categories":[3],"tags":[],"class_list":["post-6541","post","type-post","status-publish","format-standard","hentry","category-noticias"],"amp_enabled":true,"_links":{"self":[{"href":"https:\/\/ubajaranoticias.com.br\/index.php\/wp-json\/wp\/v2\/posts\/6541","targetHints":{"allow":["GET"]}}],"collection":[{"href":"https:\/\/ubajaranoticias.com.br\/index.php\/wp-json\/wp\/v2\/posts"}],"about":[{"href":"https:\/\/ubajaranoticias.com.br\/index.php\/wp-json\/wp\/v2\/types\/post"}],"author":[{"embeddable":true,"href":"https:\/\/ubajaranoticias.com.br\/index.php\/wp-json\/wp\/v2\/users\/1"}],"replies":[{"embeddable":true,"href":"https:\/\/ubajaranoticias.com.br\/index.php\/wp-json\/wp\/v2\/comments?post=6541"}],"version-history":[{"count":0,"href":"https:\/\/ubajaranoticias.com.br\/index.php\/wp-json\/wp\/v2\/posts\/6541\/revisions"}],"wp:attachment":[{"href":"https:\/\/ubajaranoticias.com.br\/index.php\/wp-json\/wp\/v2\/media?parent=6541"}],"wp:term":[{"taxonomy":"category","embeddable":true,"href":"https:\/\/ubajaranoticias.com.br\/index.php\/wp-json\/wp\/v2\/categories?post=6541"},{"taxonomy":"post_tag","embeddable":true,"href":"https:\/\/ubajaranoticias.com.br\/index.php\/wp-json\/wp\/v2\/tags?post=6541"}],"curies":[{"name":"wp","href":"https:\/\/api.w.org\/{rel}","templated":true}]}}