{"id":6534,"date":"2024-03-13T08:45:41","date_gmt":"2024-03-13T11:45:41","guid":{"rendered":"https:\/\/ubajaranoticias.com.br\/index.php\/2024\/03\/13\/musica-no-centro-tem-programacao-nesta-quarta-quinta-e-sexta-feira-as-17h-e-18h\/"},"modified":"2024-03-13T08:45:41","modified_gmt":"2024-03-13T11:45:41","slug":"musica-no-centro-tem-programacao-nesta-quarta-quinta-e-sexta-feira-as-17h-e-18h","status":"publish","type":"post","link":"https:\/\/ubajaranoticias.com.br\/index.php\/2024\/03\/13\/musica-no-centro-tem-programacao-nesta-quarta-quinta-e-sexta-feira-as-17h-e-18h\/","title":{"rendered":"M\u00fasica no Centro tem programa\u00e7\u00e3o nesta quarta, quinta e sexta-feira, \u00e0s 17h e 18h"},"content":{"rendered":"<p><\/p>\n<div>\n<p>O projeto M\u00fasica no Centro \u2013 Corredor Tur\u00edstico Duque de Caxias inicia, nesta quarta-feira (13), a programa\u00e7\u00e3o com apresenta\u00e7\u00f5es do Combo Instrumental da Big Band Rubac\u00e3o Jazz, da soprano Izadora Fran\u00e7a e do pianista Lucas Bojikian. As performances seguem na quinta-feira (14) e sexta-feira (15). Nos tr\u00eas dias, os shows ter\u00e3o in\u00edcio no polo da Academia Paraibana de Letras (APL), \u00e0s 17h, e em seguida, no Centro Cultural S\u00e3o Francisco (CCSF), \u00e0s 18h. Para aqueles interessados em prestigiar as apresenta\u00e7\u00f5es, \u00e9 s\u00f3 acessar o Sympla e obter o voucher de entrada atrav\u00e9s do link abaixo. <\/p>\n<figure class=\"wp-block-gallery has-nested-images columns-default is-cropped wp-block-gallery-1 is-layout-flex wp-block-gallery-is-layout-flex\">\n<figure class=\"wp-block-image size-large\"><\/figure>\n<figure class=\"wp-block-image size-large\"><\/figure>\n<\/figure>\n<p>Nesta quarta-feira (13), no polo APL, se apresenta o Combo Instrumental da Big Band Rubac\u00e3o Jazz. Do ingl\u00eas, combo \u00e9 um termo que nos remete a uma combina\u00e7\u00e3o b\u00e1sica de instrumentos para a execu\u00e7\u00e3o de temas de jazz: bateria, contrabaixo e piano ou algum outro instrumento harm\u00f4nico. A partir desta s\u00f3lida forma\u00e7\u00e3o em trio, outros instrumentos podem integrar o combo a fim de executar tanto melodias cl\u00e1ssicas quanto regionais, fazendo uso de improvisos e varia\u00e7\u00f5es, caracter\u00edsticas t\u00edpicas da linguagem do Jazz. O grupo \u00e9 composto por sanfona (Rodrigo Alves), guitarra (Diego Rafael), baixo (Hermano de Paula), bateria e percuss\u00e3o (F\u00e1bio Lima e Alan Silva). No repert\u00f3rio, ser\u00e3o tocadas m\u00fasicas brasileiras, sobretudo cl\u00e1ssicos nordestinos. <\/p>\n<p>No segundo polo, CCSF, a partir das 18h, a soprano Izadora Fran\u00e7a e o pianista Lucas Bojikian abrem as apresenta\u00e7\u00f5es com a \u2018Ave Maria\u2019 de Johann Sebastian Bach (1685-1750) \/Charles-Fran\u00e7ois Gounod (1818-1893). Em seguida ser\u00e1 tocada m\u00fasica de c\u00e2mera. <\/p>\n<p>Na quinta-feira (14), a Big Band Rubac\u00e3o Jazz estar\u00e1 na APL a partir das 17h, animando o p\u00fablico com um repert\u00f3rio que vai desde o frevo ao jazz. No polo CCSF, tamb\u00e9m na quinta-feira, s\u00f3 que a partir das 18h, se apresentam a soprano Izadora Fran\u00e7a e o pianista Lucas Bojikian, com a \u2018Ave Maria\u2019 de Johann Sebastian Bach (1685-1750)\/ Charles-Fran\u00e7ois Gounod (1818-1893). Em seguida, se apresenta o Quinteto Geraldo Rocha. <\/p>\n<p>As apresenta\u00e7\u00f5es continuam na sexta-feira (8) com o Naipe de Trombones da Rubac\u00e3o Jazz, grupo composto por Clailton Fran\u00e7a (trombone tenor), Robson Franklin (trombone tenor), Mirele Barbosa (trombone tenor), Ronaldo Nunes (trombone baixo) e Fl\u00e1vio Jos\u00e9 (trombone baixo). A proposta do grupo \u00e9 realizar um trabalho de m\u00fasica de c\u00e2mara a partir da interpreta\u00e7\u00e3o de obras que integram um repert\u00f3rio ecl\u00e9tico, \u201cpasseando\u201d por diversos g\u00eaneros musicais, do jazz ao frevo, tendo por objetivo apresentar ao p\u00fablico m\u00fasicas de qualidade, sendo interpretadas com excel\u00eancia. Para este dia, teremos a participa\u00e7\u00e3o especial de Alexandre Magno Rog\u00e9rio Vicente, e Fl\u00e1vio Jos\u00e9 como trombonistas convidados. <\/p>\n<p><strong>Projeto Tur\u00edstico da Duque de Caxias \u2013 M\u00fasica no Centro \u2013<\/strong> Visa a promo\u00e7\u00e3o de um ambiente cultural criativo, pautado no reconhecimento da forte presen\u00e7a da atividade musical na cidade. Esse efervescente cen\u00e1rio da m\u00fasica popular e erudita busca conferir o \u201ctom local\u201d na constru\u00e7\u00e3o de uma imagem renovada do Centro Hist\u00f3rico de Jo\u00e3o Pessoa. Na primeira fase, s\u00e3o 4 meses de apresenta\u00e7\u00f5es de janeiro a abril, em dois diferentes locais, todas as quartas, quintas e sextas-feiras.\u00a0 <\/p>\n<p><strong>SERVI\u00c7O<\/strong><\/p>\n<p><strong>PROJETO CORREDOR TUR\u00cdSTICO \u2013 M\u00daSICA NO CENTRO<\/strong><\/p>\n<p><strong>QUARTA-FEIRA<\/strong><\/p>\n<p><strong>Polo Academia Paraibana de Letras \u2013 APL \u2013 17h<\/strong> <\/p>\n<p>Atra\u00e7\u00f5es: JP-Bone <\/p>\n<p>\u2013 Sympla \u2013 https:\/\/acesse.one\/2dnCD<\/p>\n<p><strong>Polo Centro Cultural S\u00e3o Francisco \u2013 CCFS \u2013 18h<\/strong> <\/p>\n<p>Atra\u00e7\u00f5es: Soprano Izadora Fran\u00e7a, Lucas Bojikian (piano) abrem as apresenta\u00e7\u00f5es com a \u2018Ave Maria\u2019 de Johann Sebastian Bach (1685 -1750) \/Charles-Fran\u00e7ois Gounod (1818-1893) e m\u00fasica de c\u00e2mara. <\/p>\n<p>\u00a0\u2013 Sympla \u2013 https:\/\/acesse.one\/cU74M<strong>\u00a0<\/strong><\/p>\n<p><strong>QUINTA-FEIRA<\/strong><\/p>\n<p><strong>Polo Academia Paraibana de Letras \u2013 APL \u2013 17h<\/strong> <\/p>\n<p>Atra\u00e7\u00f5es: Big Band Rubac\u00e3o Jazz <\/p>\n<p>\u2013 Sympla \u2013 https:\/\/acesse.one\/gfIFX<\/p>\n<p><strong>Polo Centro Cultural S\u00e3o Francisco \u2013 CCFS \u2013 18h<\/strong> <\/p>\n<p>Atra\u00e7\u00f5es: Soprano Izadora Fran\u00e7a, Lucas Bojikian (piano) abrem as apresenta\u00e7\u00f5es com a \u2018Ave Maria\u2019 de Johann Sebastian Bach (1685 -1750) \/Charles-Fran\u00e7ois Gounod (1818-1893) e m\u00fasica de c\u00e2mara. <\/p>\n<p>\u2013 Sympla \u2013 https:\/\/acesse.one\/OSD9Q<\/p>\n<p><strong>SEXTA-FEIRA<\/strong><\/p>\n<p><strong>Polo Academia Paraibana de Letras \u2013 APL \u2013 17h<\/strong> <\/p>\n<p>Atra\u00e7\u00f5es: Naipe de Trombones da Rubac\u00e3o Jazz <\/p>\n<p>\u2013 Sympla \u2013 https:\/\/acesse.one\/YqQBP<\/p>\n<p><strong>Polo Centro Cultural S\u00e3o Francisco \u2013 CCFS \u2013 18h<\/strong> <\/p>\n<p>Atra\u00e7\u00f5es: Soprano Izadora Fran\u00e7a, Lucas Bojikian (piano) abrem as apresenta\u00e7\u00f5es com a \u2018Ave Maria\u2019 de Johann Sebastian Bach (1685 -1750) \/Charles-Fran\u00e7ois Gounod (1818-1893) e m\u00fasica de c\u00e2mara. <\/p>\n<p>\u2013 Sympla \u2013 https:\/\/acesse.one\/dacij<\/p>\n<\/p><\/div>\n","protected":false},"excerpt":{"rendered":"<p>O projeto M\u00fasica no Centro \u2013 Corredor Tur\u00edstico Duque de Caxias inicia, nesta quarta-feira (13), a programa\u00e7\u00e3o com apresenta\u00e7\u00f5es do Combo Instrumental da Big Band Rubac\u00e3o Jazz, da soprano Izadora Fran\u00e7a e do pianista Lucas Bojikian. As performances seguem na quinta-feira (14) e sexta-feira (15). Nos tr\u00eas dias, os shows ter\u00e3o in\u00edcio no polo da &#8230; <a title=\"M\u00fasica no Centro tem programa\u00e7\u00e3o nesta quarta, quinta e sexta-feira, \u00e0s 17h e 18h\" class=\"read-more\" href=\"https:\/\/ubajaranoticias.com.br\/index.php\/2024\/03\/13\/musica-no-centro-tem-programacao-nesta-quarta-quinta-e-sexta-feira-as-17h-e-18h\/\" aria-label=\"Read more about M\u00fasica no Centro tem programa\u00e7\u00e3o nesta quarta, quinta e sexta-feira, \u00e0s 17h e 18h\">Ler mais<\/a><\/p>\n","protected":false},"author":1,"featured_media":0,"comment_status":"open","ping_status":"open","sticky":false,"template":"","format":"standard","meta":{"footnotes":""},"categories":[3],"tags":[],"class_list":["post-6534","post","type-post","status-publish","format-standard","hentry","category-noticias"],"amp_enabled":true,"_links":{"self":[{"href":"https:\/\/ubajaranoticias.com.br\/index.php\/wp-json\/wp\/v2\/posts\/6534","targetHints":{"allow":["GET"]}}],"collection":[{"href":"https:\/\/ubajaranoticias.com.br\/index.php\/wp-json\/wp\/v2\/posts"}],"about":[{"href":"https:\/\/ubajaranoticias.com.br\/index.php\/wp-json\/wp\/v2\/types\/post"}],"author":[{"embeddable":true,"href":"https:\/\/ubajaranoticias.com.br\/index.php\/wp-json\/wp\/v2\/users\/1"}],"replies":[{"embeddable":true,"href":"https:\/\/ubajaranoticias.com.br\/index.php\/wp-json\/wp\/v2\/comments?post=6534"}],"version-history":[{"count":0,"href":"https:\/\/ubajaranoticias.com.br\/index.php\/wp-json\/wp\/v2\/posts\/6534\/revisions"}],"wp:attachment":[{"href":"https:\/\/ubajaranoticias.com.br\/index.php\/wp-json\/wp\/v2\/media?parent=6534"}],"wp:term":[{"taxonomy":"category","embeddable":true,"href":"https:\/\/ubajaranoticias.com.br\/index.php\/wp-json\/wp\/v2\/categories?post=6534"},{"taxonomy":"post_tag","embeddable":true,"href":"https:\/\/ubajaranoticias.com.br\/index.php\/wp-json\/wp\/v2\/tags?post=6534"}],"curies":[{"name":"wp","href":"https:\/\/api.w.org\/{rel}","templated":true}]}}