{"id":6499,"date":"2024-03-12T18:15:43","date_gmt":"2024-03-12T21:15:43","guid":{"rendered":"https:\/\/ubajaranoticias.com.br\/index.php\/2024\/03\/12\/todas-as-vacinas-de-rotina-e-das-campanhas-ativas-estao-disponiveis-nos-diversos-servicos-da-rede-municipal\/"},"modified":"2024-03-12T18:15:43","modified_gmt":"2024-03-12T21:15:43","slug":"todas-as-vacinas-de-rotina-e-das-campanhas-ativas-estao-disponiveis-nos-diversos-servicos-da-rede-municipal","status":"publish","type":"post","link":"https:\/\/ubajaranoticias.com.br\/index.php\/2024\/03\/12\/todas-as-vacinas-de-rotina-e-das-campanhas-ativas-estao-disponiveis-nos-diversos-servicos-da-rede-municipal\/","title":{"rendered":"Todas as vacinas de rotina e das campanhas ativas est\u00e3o dispon\u00edveis nos diversos servi\u00e7os da rede municipal"},"content":{"rendered":"<p><\/p>\n<div>\n<p>Nesta quarta-feira (13), todas as vacinas das campanhas ativas (dengue e Covid-19) e de rotinas, contempladas no Programa Nacional de Imuniza\u00e7\u00e3o (PNI), est\u00e3o dispon\u00edveis de forma segura e de f\u00e1cil acesso nos servi\u00e7os da rede municipal de sa\u00fade distribu\u00eddos em diversos bairros da Capital. \u00a0 <\/p>\n<figure class=\"wp-block-gallery has-nested-images columns-default is-cropped wp-block-gallery-1 is-layout-flex wp-block-gallery-is-layout-flex\">\n<figure class=\"wp-block-image size-large\"><\/figure>\n<figure class=\"wp-block-image size-large\"><\/figure>\n<figure class=\"wp-block-image size-large\"><\/figure>\n<\/figure>\n<p>Munidos de um documento com foto, caderneta de vacina\u00e7\u00e3o ou cart\u00e3o de vacina, os usu\u00e1rios s\u00f3 precisam se dirigir a um dos tr\u00eas pontos extras localizados no Shopping Sul, no bairro dos Banc\u00e1rios, e no Home Center Ferreira Costa, \u00e0s margens da BR-230, que funcionam de segunda a sexta-feira, das 12h \u00e0s 21h, ou no Shopping Tambi\u00e1, com assist\u00eancia das 12h \u00e0s 20h. \u00a0 <\/p>\n<p>J\u00e1 nas salas de vacinas, as a\u00e7\u00f5es preventivas e de promo\u00e7\u00e3o \u00e0 sa\u00fade acontecem nos seguintes servi\u00e7os: nas unidades de sa\u00fade da fam\u00edlia (USFs), que funcionam das 7h \u00e0s 11h e das 12h \u00e0s 16h, no Centro Municipal de Imuniza\u00e7\u00e3o e nas policl\u00ednicas municipais, que atendem no per\u00edodo das 8h \u00e0s 16h. \u00a0 <\/p>\n<p>Todos os imunizantes dispon\u00edveis das campanhas ativas (Covid-19 ou dengue) podem ser administrados simultaneamente com qualquer outro que faz parte do calend\u00e1rio de rotina, em qualquer intervalo de tempo, na faixa et\u00e1ria de seis meses de idade ou mais. \u00a0 <\/p>\n<p><strong>Vacina\u00e7\u00e3o Domiciliar<\/strong> \u2013 Para pessoas acamadas e restritas ao leito, \u00e9 necess\u00e1rio fazer agendamento, por meio do n\u00famero (83) 98645-7727. As vacinas s\u00e3o disponibilizadas nos domic\u00edlios, de segunda a sexta-feira, no hor\u00e1rio das 8h \u00e0s 16h. \u00a0 <\/p>\n<p><strong>Locais de vacina\u00e7\u00e3o em Jo\u00e3o Pessoa nesta quarta-feira (13):\u00a0<\/strong><\/p>\n<p><strong>Unidades de Sa\u00fade da Fam\u00edlia (USFs)<\/strong> <\/p>\n<p>Hor\u00e1rio: 7h \u00e0s 11h e das 12h \u00e0s 16h (de segunda a sexta-feira) <\/p>\n<p><strong>*exce\u00e7\u00e3o:<\/strong> Alto do C\u00e9u II, Roger III, Cruz das Armas IV, Anayde Beiriz e Jardim Planalto \u00a0 <\/p>\n<p><strong>Policl\u00ednicas Municipais e Centro Municipal de Imuniza\u00e7\u00e3o<\/strong> <\/p>\n<p>Hor\u00e1rio: 8h \u00e0s 16h (de segunda a sexta-feira) \u00a0 <\/p>\n<p><strong>Home Center Ferreira Costa<\/strong> <\/p>\n<p>Hor\u00e1rio: 12h \u00e0s 21h (de segunda a sexta-feira) <\/p>\n<p>8h \u00e0s 16h (s\u00e1bado) \u00a0 <\/p>\n<p><strong>Shopping Sul<\/strong> <\/p>\n<p>Hor\u00e1rio: 12h \u00e0s 21h (de segunda a sexta-feira) <\/p>\n<p>10h \u00e0s 16h (s\u00e1bado) \u00a0 <\/p>\n<p><strong>Shopping Tambi\u00e1<\/strong> <\/p>\n<p>Hor\u00e1rio: 12h \u00e0s 20h (de segunda a sexta-feira) <\/p>\n<p>9h \u00e0s 16h (s\u00e1bado) \u00a0 <\/p>\n<p><strong>Vacina\u00e7\u00e3o Domiciliar<\/strong> <\/p>\n<p>Agendamento: (83) 98645-7727 \u2013 (<strong><u>Apenas whatsapp<\/u><\/strong>) <\/p>\n<p>Hor\u00e1rio: 8h \u00e0s 16h (de segunda a sexta-feira)<\/p>\n<\/p><\/div>\n","protected":false},"excerpt":{"rendered":"<p>Nesta quarta-feira (13), todas as vacinas das campanhas ativas (dengue e Covid-19) e de rotinas, contempladas no Programa Nacional de Imuniza\u00e7\u00e3o (PNI), est\u00e3o dispon\u00edveis de forma segura e de f\u00e1cil acesso nos servi\u00e7os da rede municipal de sa\u00fade distribu\u00eddos em diversos bairros da Capital. \u00a0 Munidos de um documento com foto, caderneta de vacina\u00e7\u00e3o ou &#8230; <a title=\"Todas as vacinas de rotina e das campanhas ativas est\u00e3o dispon\u00edveis nos diversos servi\u00e7os da rede municipal\" class=\"read-more\" href=\"https:\/\/ubajaranoticias.com.br\/index.php\/2024\/03\/12\/todas-as-vacinas-de-rotina-e-das-campanhas-ativas-estao-disponiveis-nos-diversos-servicos-da-rede-municipal\/\" aria-label=\"Read more about Todas as vacinas de rotina e das campanhas ativas est\u00e3o dispon\u00edveis nos diversos servi\u00e7os da rede municipal\">Ler mais<\/a><\/p>\n","protected":false},"author":1,"featured_media":0,"comment_status":"open","ping_status":"open","sticky":false,"template":"","format":"standard","meta":{"footnotes":""},"categories":[3],"tags":[],"class_list":["post-6499","post","type-post","status-publish","format-standard","hentry","category-noticias"],"amp_enabled":true,"_links":{"self":[{"href":"https:\/\/ubajaranoticias.com.br\/index.php\/wp-json\/wp\/v2\/posts\/6499","targetHints":{"allow":["GET"]}}],"collection":[{"href":"https:\/\/ubajaranoticias.com.br\/index.php\/wp-json\/wp\/v2\/posts"}],"about":[{"href":"https:\/\/ubajaranoticias.com.br\/index.php\/wp-json\/wp\/v2\/types\/post"}],"author":[{"embeddable":true,"href":"https:\/\/ubajaranoticias.com.br\/index.php\/wp-json\/wp\/v2\/users\/1"}],"replies":[{"embeddable":true,"href":"https:\/\/ubajaranoticias.com.br\/index.php\/wp-json\/wp\/v2\/comments?post=6499"}],"version-history":[{"count":0,"href":"https:\/\/ubajaranoticias.com.br\/index.php\/wp-json\/wp\/v2\/posts\/6499\/revisions"}],"wp:attachment":[{"href":"https:\/\/ubajaranoticias.com.br\/index.php\/wp-json\/wp\/v2\/media?parent=6499"}],"wp:term":[{"taxonomy":"category","embeddable":true,"href":"https:\/\/ubajaranoticias.com.br\/index.php\/wp-json\/wp\/v2\/categories?post=6499"},{"taxonomy":"post_tag","embeddable":true,"href":"https:\/\/ubajaranoticias.com.br\/index.php\/wp-json\/wp\/v2\/tags?post=6499"}],"curies":[{"name":"wp","href":"https:\/\/api.w.org\/{rel}","templated":true}]}}