{"id":37942,"date":"2026-05-01T17:28:21","date_gmt":"2026-05-01T20:28:21","guid":{"rendered":"https:\/\/ubajaranoticias.com.br\/index.php\/2026\/05\/01\/nota-de-pesar-policia-militar-56\/"},"modified":"2026-05-01T17:28:21","modified_gmt":"2026-05-01T20:28:21","slug":"nota-de-pesar-policia-militar-56","status":"publish","type":"post","link":"https:\/\/ubajaranoticias.com.br\/index.php\/2026\/05\/01\/nota-de-pesar-policia-militar-56\/","title":{"rendered":"Nota de Pesar &#8211; Pol\u00edcia Militar"},"content":{"rendered":"<p><\/p>\n<div id=\"\">&#13;<br \/>\n        &#13;<br \/>\n            &#13;<br \/>\n&#13;<br \/>\n            &#13;<br \/>\n&#13;<\/p>\n<h3 class=\"subtitulo  data  -bold\">&#13;<br \/>\n                1 de maio de 2026 &#8211; 13:35&#13;<br \/>\n                            <\/h3>\n<p>&#13;<br \/>\n&#13;<br \/>\n            &#13;<\/p>\n<p>A Pol\u00edcia Militar do Cear\u00e1 (PMCE) informa com pesar o falecimento do 1\u00ba sargento Jo\u00e3o Vitor da Silveira Neto, 63.<\/p>\n<p>O PM ingressou na Corpora\u00e7\u00e3o em 01 de junho de 1982 e desempenhou seu trabalho em prol da seguran\u00e7a do povo cearense. Atualmente, o militar estava revertido ao servi\u00e7o ativo e lotado no Batalh\u00e3o de Seguran\u00e7a Patrimonial (BSP).<\/p>\n<p>O Comando da Corpora\u00e7\u00e3o se solidariza com a dor dos familiares e amigos, ao tempo em que coloca o aparato da Institui\u00e7\u00e3o \u00e0 disposi\u00e7\u00e3o.<\/p>\n<p>\u201cQue o criador console toda a fam\u00edlia enlutada nesse momento de dor, e que as portas do c\u00e9u estejam abertas para acolher o nosso guerreiro Sgt PM Vitor\u201d, declarou o Capit\u00e3o QOAPM Aldemir Vieira da Silva, Comandante da 2\u00aaCia\/BSP.<\/p>\n<p>VEL\u00d3RIO: Estrada da Malheita S\/N.\u00ba Zona Rural de Paracuru-CE<br \/>SEPULTAMENTO: 02\/05\/2026 \u00e0s 9hs<br \/>LOCAL: Cemit\u00e9rio Casa de Telha na Cidade de Paracuru-CE<\/p>\n<p>Assessoria de Comunica\u00e7\u00e3o da PMCE<\/p>\n<p>&#13;<br \/>\n            &#13;<br \/>\n&#13;<br \/>\n&#13;\n        <\/p><\/div>\n","protected":false},"excerpt":{"rendered":"<p>&#13; &#13; &#13; &#13; &#13; &#13; &#13; 1 de maio de 2026 &#8211; 13:35&#13; &#13; &#13; &#13; A Pol\u00edcia Militar do Cear\u00e1 (PMCE) informa com pesar o falecimento do 1\u00ba sargento Jo\u00e3o Vitor da Silveira Neto, 63. O PM ingressou na Corpora\u00e7\u00e3o em 01 de junho de 1982 e desempenhou seu trabalho em prol da &#8230; <a title=\"Nota de Pesar &#8211; Pol\u00edcia Militar\" class=\"read-more\" href=\"https:\/\/ubajaranoticias.com.br\/index.php\/2026\/05\/01\/nota-de-pesar-policia-militar-56\/\" aria-label=\"Read more about Nota de Pesar &#8211; Pol\u00edcia Militar\">Ler mais<\/a><\/p>\n","protected":false},"author":1,"featured_media":17730,"comment_status":"","ping_status":"","sticky":false,"template":"","format":"standard","meta":{"footnotes":""},"categories":[3],"tags":[],"class_list":["post-37942","post","type-post","status-publish","format-standard","has-post-thumbnail","hentry","category-noticias"],"amp_enabled":true,"_links":{"self":[{"href":"https:\/\/ubajaranoticias.com.br\/index.php\/wp-json\/wp\/v2\/posts\/37942","targetHints":{"allow":["GET"]}}],"collection":[{"href":"https:\/\/ubajaranoticias.com.br\/index.php\/wp-json\/wp\/v2\/posts"}],"about":[{"href":"https:\/\/ubajaranoticias.com.br\/index.php\/wp-json\/wp\/v2\/types\/post"}],"author":[{"embeddable":true,"href":"https:\/\/ubajaranoticias.com.br\/index.php\/wp-json\/wp\/v2\/users\/1"}],"replies":[{"embeddable":true,"href":"https:\/\/ubajaranoticias.com.br\/index.php\/wp-json\/wp\/v2\/comments?post=37942"}],"version-history":[{"count":0,"href":"https:\/\/ubajaranoticias.com.br\/index.php\/wp-json\/wp\/v2\/posts\/37942\/revisions"}],"wp:featuredmedia":[{"embeddable":true,"href":"https:\/\/ubajaranoticias.com.br\/index.php\/wp-json\/wp\/v2\/media\/17730"}],"wp:attachment":[{"href":"https:\/\/ubajaranoticias.com.br\/index.php\/wp-json\/wp\/v2\/media?parent=37942"}],"wp:term":[{"taxonomy":"category","embeddable":true,"href":"https:\/\/ubajaranoticias.com.br\/index.php\/wp-json\/wp\/v2\/categories?post=37942"},{"taxonomy":"post_tag","embeddable":true,"href":"https:\/\/ubajaranoticias.com.br\/index.php\/wp-json\/wp\/v2\/tags?post=37942"}],"curies":[{"name":"wp","href":"https:\/\/api.w.org\/{rel}","templated":true}]}}