{"id":37941,"date":"2026-05-01T16:46:22","date_gmt":"2026-05-01T19:46:22","guid":{"rendered":"https:\/\/ubajaranoticias.com.br\/index.php\/2026\/05\/01\/bpma-da-pmce-conduz-responsavel-por-poluicao-sonora-e-apreende-equipamento-em-juazeiro-do-norte\/"},"modified":"2026-05-01T16:46:22","modified_gmt":"2026-05-01T19:46:22","slug":"bpma-da-pmce-conduz-responsavel-por-poluicao-sonora-e-apreende-equipamento-em-juazeiro-do-norte","status":"publish","type":"post","link":"https:\/\/ubajaranoticias.com.br\/index.php\/2026\/05\/01\/bpma-da-pmce-conduz-responsavel-por-poluicao-sonora-e-apreende-equipamento-em-juazeiro-do-norte\/","title":{"rendered":"BPMA da PMCE conduz respons\u00e1vel por polui\u00e7\u00e3o sonora e apreende equipamento em Juazeiro do Norte"},"content":{"rendered":"<p><\/p>\n<div id=\"\">&#13;<br \/>\n        &#13;<br \/>\n            &#13;<br \/>\n&#13;<br \/>\n            &#13;<br \/>\n&#13;<\/p>\n<h3 class=\"subtitulo  data  -bold\">&#13;<br \/>\n                1 de maio de 2026 &#8211; 15:47&#13;<br \/>\n                            <\/h3>\n<p>&#13;<br \/>\n&#13;<br \/>\n            &#13;<\/p>\n<p>Uma equipe da 2\u00aa Companhia do Batalh\u00e3o de Pol\u00edcia do Meio Ambiente (BPMA) da Pol\u00edcia Militar do Cear\u00e1 (PMCE) conduziu um homem de 28 anos e apreendeu um sistema de som automotivo, na noite dessa quinta-feira (30), na zona rural de Juazeiro do Norte.<\/p>\n<p>A a\u00e7\u00e3o policial ocorreu por volta das 21h15, na rua Evaristo Ara\u00fajo e Silva, no S\u00edtio Logradouro, ap\u00f3s den\u00fancia de polui\u00e7\u00e3o sonora causada por som automotivo em volume elevado. No local, os policiais constataram a presen\u00e7a de um ve\u00edculo com equipamento tipo \u201cpared\u00e3o\u201d em funcionamento. Ao perceber a aproxima\u00e7\u00e3o da viatura, o respons\u00e1vel desligou o som. Ainda assim, a equipe verificou que o volume era aud\u00edvel a aproximadamente 400 metros de dist\u00e2ncia, situa\u00e7\u00e3o registrada por meio de filmagem.<\/p>\n<p>Diante da constata\u00e7\u00e3o, o respons\u00e1vel foi conduzido \u00e0 Delegacia Regional de Pol\u00edcia Civil de Juazeiro do Norte, juntamente com o ve\u00edculo e o equipamento sonoro. Na unidade, foi lavrado Termo Circunstanciado de Ocorr\u00eancia por perturba\u00e7\u00e3o do sossego alheio.<\/p>\n<h3>Den\u00fancias<\/h3>\n<p>A popula\u00e7\u00e3o pode contribuir com as investiga\u00e7\u00f5es repassando informa\u00e7\u00f5es que auxiliem os trabalhos policiais. As informa\u00e7\u00f5es podem ser direcionadas para o n\u00famero 181, o Disque-Den\u00fancia da Secretaria da Seguran\u00e7a P\u00fablica e Defesa Social (SSPDS), ou para o (85) 3101-0181, que \u00e9 o n\u00famero de WhatsApp, pelo qual podem ser feitas den\u00fancias via mensagem, \u00e1udio, v\u00eddeo e fotografia ou ainda via \u201ce-den\u00fancia\u201d, o site do servi\u00e7o 181, por meio do endere\u00e7o eletr\u00f4nico: https:\/\/disquedenuncia181.sspds.ce.gov.br\/.<\/p>\n<p>Assessoria de Comunica\u00e7\u00e3o da PMCE<\/p>\n<p>&#13;<br \/>\n            &#13;<br \/>\n&#13;<br \/>\n&#13;\n        <\/p><\/div>\n","protected":false},"excerpt":{"rendered":"<p>&#13; &#13; &#13; &#13; &#13; &#13; &#13; 1 de maio de 2026 &#8211; 15:47&#13; &#13; &#13; &#13; Uma equipe da 2\u00aa Companhia do Batalh\u00e3o de Pol\u00edcia do Meio Ambiente (BPMA) da Pol\u00edcia Militar do Cear\u00e1 (PMCE) conduziu um homem de 28 anos e apreendeu um sistema de som automotivo, na noite dessa quinta-feira (30), na &#8230; <a title=\"BPMA da PMCE conduz respons\u00e1vel por polui\u00e7\u00e3o sonora e apreende equipamento em Juazeiro do Norte\" class=\"read-more\" href=\"https:\/\/ubajaranoticias.com.br\/index.php\/2026\/05\/01\/bpma-da-pmce-conduz-responsavel-por-poluicao-sonora-e-apreende-equipamento-em-juazeiro-do-norte\/\" aria-label=\"Read more about BPMA da PMCE conduz respons\u00e1vel por polui\u00e7\u00e3o sonora e apreende equipamento em Juazeiro do Norte\">Ler mais<\/a><\/p>\n","protected":false},"author":1,"featured_media":17730,"comment_status":"","ping_status":"","sticky":false,"template":"","format":"standard","meta":{"footnotes":""},"categories":[3],"tags":[],"class_list":["post-37941","post","type-post","status-publish","format-standard","has-post-thumbnail","hentry","category-noticias"],"amp_enabled":true,"_links":{"self":[{"href":"https:\/\/ubajaranoticias.com.br\/index.php\/wp-json\/wp\/v2\/posts\/37941","targetHints":{"allow":["GET"]}}],"collection":[{"href":"https:\/\/ubajaranoticias.com.br\/index.php\/wp-json\/wp\/v2\/posts"}],"about":[{"href":"https:\/\/ubajaranoticias.com.br\/index.php\/wp-json\/wp\/v2\/types\/post"}],"author":[{"embeddable":true,"href":"https:\/\/ubajaranoticias.com.br\/index.php\/wp-json\/wp\/v2\/users\/1"}],"replies":[{"embeddable":true,"href":"https:\/\/ubajaranoticias.com.br\/index.php\/wp-json\/wp\/v2\/comments?post=37941"}],"version-history":[{"count":0,"href":"https:\/\/ubajaranoticias.com.br\/index.php\/wp-json\/wp\/v2\/posts\/37941\/revisions"}],"wp:featuredmedia":[{"embeddable":true,"href":"https:\/\/ubajaranoticias.com.br\/index.php\/wp-json\/wp\/v2\/media\/17730"}],"wp:attachment":[{"href":"https:\/\/ubajaranoticias.com.br\/index.php\/wp-json\/wp\/v2\/media?parent=37941"}],"wp:term":[{"taxonomy":"category","embeddable":true,"href":"https:\/\/ubajaranoticias.com.br\/index.php\/wp-json\/wp\/v2\/categories?post=37941"},{"taxonomy":"post_tag","embeddable":true,"href":"https:\/\/ubajaranoticias.com.br\/index.php\/wp-json\/wp\/v2\/tags?post=37941"}],"curies":[{"name":"wp","href":"https:\/\/api.w.org\/{rel}","templated":true}]}}