{"id":37938,"date":"2026-05-01T14:42:23","date_gmt":"2026-05-01T17:42:23","guid":{"rendered":"https:\/\/ubajaranoticias.com.br\/index.php\/2026\/05\/01\/agehab-e-demurf-realizam-mutirao-de-regularizacao-em-conjuntos-habitacionais-de-bonito\/"},"modified":"2026-05-01T14:42:23","modified_gmt":"2026-05-01T17:42:23","slug":"agehab-e-demurf-realizam-mutirao-de-regularizacao-em-conjuntos-habitacionais-de-bonito","status":"publish","type":"post","link":"https:\/\/ubajaranoticias.com.br\/index.php\/2026\/05\/01\/agehab-e-demurf-realizam-mutirao-de-regularizacao-em-conjuntos-habitacionais-de-bonito\/","title":{"rendered":"AGEHAB e DEMURF realizam mutir\u00e3o de regulariza\u00e7\u00e3o em conjuntos habitacionais de Bonito"},"content":{"rendered":"<p> Por MRNews<br \/>\n<\/p>\n<div wp_automatic_readability=\"26.940622054665\">\n<p>A Prefeitura de Bonito, em conjunto com o Governo do Estado de Mato Grosso do Sul, por meio da AGEHAB\/MS, e o DEMURF, promove um novo mutir\u00e3o de regulariza\u00e7\u00e3o fundi\u00e1ria destinado aos conjuntos habitacionais da cidade.<\/p>\n<p>A iniciativa contempla os residenciais Bom Viver I e II, Lago Azul I, Jardim Boa Vista e Cohab, com o objetivo de atender benefici\u00e1rios retardat\u00e1rios, cujos im\u00f3veis j\u00e1 est\u00e3o aptos para o processo de titula\u00e7\u00e3o.<\/p>\n<p>O trabalho busca garantir seguran\u00e7a jur\u00eddica \u00e0s fam\u00edlias, assegurando a documenta\u00e7\u00e3o regular dos im\u00f3veis e avan\u00e7ando no compromisso de promover mais dignidade e tranquilidade aos moradores.<\/p>\n<p><strong><a href=\"https:\/\/mrnews.com.br\/index.php\/2026\/05\/01\/interdicoes-temporarias-ocorrem-em-duas-regioes-nesta-sexta-feira-1-cgnoticias\/\">Interdi\u00e7\u00f5es tempor\u00e1rias ocorrem em duas regi\u00f5es nesta sexta-feira (1\u00b0) \u2013 CGNot\u00edcias<\/a><\/strong><\/p>\n<p><strong><a href=\"https:\/\/mrnews.com.br\/index.php\/2026\/05\/01\/governo-de-ms-autoriza-promocoes-e-ampliacao-de-vagas-em-cursos-para-forcas-de-seguranca\/\">Governo de MS autoriza promo\u00e7\u00f5es e amplia\u00e7\u00e3o de vagas em cursos para for\u00e7as de seguran\u00e7a<\/a><\/strong><\/p>\n<p>O atendimento acontece entre os dias 27 e 30 de abril, na sede do DEMURF, localizada na Rua 24 de Fevereiro, n\u00ba 1840, esquina com a Rua 29 de Maio.<\/p>\n<figure class=\"wp-block-gallery has-nested-images columns-default is-cropped wp-block-gallery-1 is-layout-flex wp-block-gallery-is-layout-flex\">\n<figure class=\"wp-block-image size-large\"\/>\n<figure class=\"wp-block-image size-large\"\/>\n<figure class=\"wp-block-image size-large\"\/>\n<\/figure>\n<\/div>\n","protected":false},"excerpt":{"rendered":"<p>Por MRNews A Prefeitura de Bonito, em conjunto com o Governo do Estado de Mato Grosso do Sul, por meio da AGEHAB\/MS, e o DEMURF, promove um novo mutir\u00e3o de regulariza\u00e7\u00e3o fundi\u00e1ria destinado aos conjuntos habitacionais da cidade. A iniciativa contempla os residenciais Bom Viver I e II, Lago Azul I, Jardim Boa Vista e &#8230; <a title=\"AGEHAB e DEMURF realizam mutir\u00e3o de regulariza\u00e7\u00e3o em conjuntos habitacionais de Bonito\" class=\"read-more\" href=\"https:\/\/ubajaranoticias.com.br\/index.php\/2026\/05\/01\/agehab-e-demurf-realizam-mutirao-de-regularizacao-em-conjuntos-habitacionais-de-bonito\/\" aria-label=\"Read more about AGEHAB e DEMURF realizam mutir\u00e3o de regulariza\u00e7\u00e3o em conjuntos habitacionais de Bonito\">Ler mais<\/a><\/p>\n","protected":false},"author":1,"featured_media":0,"comment_status":"","ping_status":"","sticky":false,"template":"","format":"standard","meta":{"footnotes":""},"categories":[1],"tags":[],"class_list":["post-37938","post","type-post","status-publish","format-standard","hentry","category-blog"],"amp_enabled":true,"_links":{"self":[{"href":"https:\/\/ubajaranoticias.com.br\/index.php\/wp-json\/wp\/v2\/posts\/37938","targetHints":{"allow":["GET"]}}],"collection":[{"href":"https:\/\/ubajaranoticias.com.br\/index.php\/wp-json\/wp\/v2\/posts"}],"about":[{"href":"https:\/\/ubajaranoticias.com.br\/index.php\/wp-json\/wp\/v2\/types\/post"}],"author":[{"embeddable":true,"href":"https:\/\/ubajaranoticias.com.br\/index.php\/wp-json\/wp\/v2\/users\/1"}],"replies":[{"embeddable":true,"href":"https:\/\/ubajaranoticias.com.br\/index.php\/wp-json\/wp\/v2\/comments?post=37938"}],"version-history":[{"count":0,"href":"https:\/\/ubajaranoticias.com.br\/index.php\/wp-json\/wp\/v2\/posts\/37938\/revisions"}],"wp:attachment":[{"href":"https:\/\/ubajaranoticias.com.br\/index.php\/wp-json\/wp\/v2\/media?parent=37938"}],"wp:term":[{"taxonomy":"category","embeddable":true,"href":"https:\/\/ubajaranoticias.com.br\/index.php\/wp-json\/wp\/v2\/categories?post=37938"},{"taxonomy":"post_tag","embeddable":true,"href":"https:\/\/ubajaranoticias.com.br\/index.php\/wp-json\/wp\/v2\/tags?post=37938"}],"curies":[{"name":"wp","href":"https:\/\/api.w.org\/{rel}","templated":true}]}}