{"id":37879,"date":"2026-04-29T22:40:22","date_gmt":"2026-04-30T01:40:22","guid":{"rendered":"https:\/\/ubajaranoticias.com.br\/index.php\/2026\/04\/29\/ceara-segue-em-expansao-com-mais-de-6-mil-empregos-em-marco\/"},"modified":"2026-04-29T22:40:22","modified_gmt":"2026-04-30T01:40:22","slug":"ceara-segue-em-expansao-com-mais-de-6-mil-empregos-em-marco","status":"publish","type":"post","link":"https:\/\/ubajaranoticias.com.br\/index.php\/2026\/04\/29\/ceara-segue-em-expansao-com-mais-de-6-mil-empregos-em-marco\/","title":{"rendered":"Cear\u00e1 segue em expans\u00e3o com mais de 6 mil empregos em mar\u00e7o"},"content":{"rendered":"<p><\/p>\n<p>O Cear\u00e1 manteve o ritmo de crescimento de postos de trabalho em mar\u00e7o e registrou um saldo positivo, com a amplia\u00e7\u00e3o de 6.629 novos empregos com carteira assinada.<\/p>\n<p>\u201c\u00d3timo resultado para o mercado de trabalho do Cear\u00e1! Nosso compromisso em promover o desenvolvimento do estado traz mais um n\u00famero positivo: s\u00e3o mais de 168 mil novos empregos gerados desde 2023. Seguiremos firmes na atra\u00e7\u00e3o de novas empresas e nas iniciativas de qualifica\u00e7\u00e3o do nosso povo, para que isso represente mais renda e mais dignidade aos cearenses\u201d, destacou o governador Elmano de Freitas.<\/p>\n<p>Os dados s\u00e3o do Cadastro-Geral de Empregados e Desempregados (Novo Caged) e foram divulgados nesta quarta-feira (29) pelo Minist\u00e9rio do Trabalho e Emprego (MTE), em Bras\u00edlia. O resultado \u00e9 o melhor para o per\u00edodo de mar\u00e7o desde 2020, quando iniciou a s\u00e9rie hist\u00f3rica do Novo Caged, e coloca o Cear\u00e1 como o segundo maior gerador de postos de trabalho no Nordeste, atr\u00e1s somente da Bahia (14.008).<\/p>\n<figure class=\"wp-block-image aligncenter size-large\"><\/figure>\n<p>O n\u00edvel de emprego formal variou positivamente no Cear\u00e1 e atingiu o total de 1.469.712 pessoas com carteira assinada em mar\u00e7o de 2026.<\/p>\n<p>Em n\u00edvel setorial, o destaque \u00e9 para o setor de servi\u00e7os (5.368 vagas) que sozinho gerou cerca de 80% do saldo de empregos do per\u00edodo.<\/p>\n<p>\u201cO Cear\u00e1 refor\u00e7a sua voca\u00e7\u00e3o para o setor de servi\u00e7os, com o fortalecimento de diversos segmentos, a exemplo das centrais de teleatendimento que acolhem as demandas de todo o pa\u00eds. Destacamos ainda a ind\u00fastria, em \u00e1reas de produtos aliment\u00edcios e prepara\u00e7\u00e3o de couro, bem como o com\u00e9rcio. Vamos continuar focados na expans\u00e3o de empregos, para garantir mais oportunidades ao trabalhador cearense\u201d, analisa o secret\u00e1rio do Trabalho, Vladyson Viana.<\/p>\n<p>No recorte do setor da ind\u00fastria, o Cear\u00e1 conquistou tamb\u00e9m o segundo melhor resultado do Nordeste, atr\u00e1s somente da Bahia (2.183). Durante o per\u00edodo, o estado foi respons\u00e1vel pela gera\u00e7\u00e3o de 1.297 empregos com carteira assinada, com destaque para os subsetores de Fabrica\u00e7\u00e3o de Produtos Aliment\u00edcios (380) e Prepara\u00e7\u00e3o de Couros e Fabrica\u00e7\u00e3o de Artefatos de Couro (369).<\/p>\n<figure class=\"wp-block-image size-large\"><\/figure>\n<p>Em n\u00edvel geogr\u00e1fico, al\u00e9m da Capital (3.427), as cidades que se destacam na gera\u00e7\u00e3o de empregos formais s\u00e3o Juazeiro do Norte (974), Maracana\u00fa (391) e Eus\u00e9bio (367).<\/p>\n<p>O post Cear\u00e1 segue em expans\u00e3o com mais de 6 mil empregos em mar\u00e7o apareceu primeiro em Governo do Estado do Cear\u00e1.<\/p>\n","protected":false},"excerpt":{"rendered":"<p>O Cear\u00e1 manteve o ritmo de crescimento de postos de trabalho em mar\u00e7o e registrou um saldo positivo, com a amplia\u00e7\u00e3o de 6.629 novos empregos com carteira assinada. \u201c\u00d3timo resultado para o mercado de trabalho do Cear\u00e1! Nosso compromisso em promover o desenvolvimento do estado traz mais um n\u00famero positivo: s\u00e3o mais de 168 mil &#8230; <a title=\"Cear\u00e1 segue em expans\u00e3o com mais de 6 mil empregos em mar\u00e7o\" class=\"read-more\" href=\"https:\/\/ubajaranoticias.com.br\/index.php\/2026\/04\/29\/ceara-segue-em-expansao-com-mais-de-6-mil-empregos-em-marco\/\" aria-label=\"Read more about Cear\u00e1 segue em expans\u00e3o com mais de 6 mil empregos em mar\u00e7o\">Ler mais<\/a><\/p>\n","protected":false},"author":1,"featured_media":17730,"comment_status":"","ping_status":"","sticky":false,"template":"","format":"standard","meta":{"footnotes":""},"categories":[3],"tags":[],"class_list":["post-37879","post","type-post","status-publish","format-standard","has-post-thumbnail","hentry","category-noticias"],"amp_enabled":true,"_links":{"self":[{"href":"https:\/\/ubajaranoticias.com.br\/index.php\/wp-json\/wp\/v2\/posts\/37879","targetHints":{"allow":["GET"]}}],"collection":[{"href":"https:\/\/ubajaranoticias.com.br\/index.php\/wp-json\/wp\/v2\/posts"}],"about":[{"href":"https:\/\/ubajaranoticias.com.br\/index.php\/wp-json\/wp\/v2\/types\/post"}],"author":[{"embeddable":true,"href":"https:\/\/ubajaranoticias.com.br\/index.php\/wp-json\/wp\/v2\/users\/1"}],"replies":[{"embeddable":true,"href":"https:\/\/ubajaranoticias.com.br\/index.php\/wp-json\/wp\/v2\/comments?post=37879"}],"version-history":[{"count":0,"href":"https:\/\/ubajaranoticias.com.br\/index.php\/wp-json\/wp\/v2\/posts\/37879\/revisions"}],"wp:featuredmedia":[{"embeddable":true,"href":"https:\/\/ubajaranoticias.com.br\/index.php\/wp-json\/wp\/v2\/media\/17730"}],"wp:attachment":[{"href":"https:\/\/ubajaranoticias.com.br\/index.php\/wp-json\/wp\/v2\/media?parent=37879"}],"wp:term":[{"taxonomy":"category","embeddable":true,"href":"https:\/\/ubajaranoticias.com.br\/index.php\/wp-json\/wp\/v2\/categories?post=37879"},{"taxonomy":"post_tag","embeddable":true,"href":"https:\/\/ubajaranoticias.com.br\/index.php\/wp-json\/wp\/v2\/tags?post=37879"}],"curies":[{"name":"wp","href":"https:\/\/api.w.org\/{rel}","templated":true}]}}