{"id":37857,"date":"2026-04-29T12:52:17","date_gmt":"2026-04-29T15:52:17","guid":{"rendered":"https:\/\/ubajaranoticias.com.br\/index.php\/2026\/04\/29\/ceara-lidera-intencoes-de-busca-no-inovativa-de-impacto\/"},"modified":"2026-04-29T12:52:17","modified_gmt":"2026-04-29T15:52:17","slug":"ceara-lidera-intencoes-de-busca-no-inovativa-de-impacto","status":"publish","type":"post","link":"https:\/\/ubajaranoticias.com.br\/index.php\/2026\/04\/29\/ceara-lidera-intencoes-de-busca-no-inovativa-de-impacto\/","title":{"rendered":"Cear\u00e1 lidera inten\u00e7\u00f5es de busca no InovAtiva de Impacto"},"content":{"rendered":"<p><\/p>\n<p class=\"has-text-align-center\">SDE, Secitece e Adece intensificam mobiliza\u00e7\u00e3o de inscri\u00e7\u00f5es para o setor de moda e cadeia da ind\u00fastria criativa<\/p>\n<p>O Cear\u00e1 consolidou-se como o segundo estado com o maior volume de inten\u00e7\u00f5es de participa\u00e7\u00e3o no programa InovAtiva de Impacto 2026, ficando atr\u00e1s apenas de S\u00e3o Paulo. Os dados, monitorados em tempo real por um painel de controle do Minist\u00e9rio do Desenvolvimento, Ind\u00fastria, Com\u00e9rcio e Servi\u00e7os (MDIC) e pela Secretaria do Desenvolvimento Econ\u00f4mico (SDE), revelam o alto interesse do ecossistema local, mas acendem um alerta: a necessidade de efetivar as inscri\u00e7\u00f5es voltadas especificamente para a cadeia da moda e ind\u00fastria criativa.<\/p>\n<p>No Cear\u00e1, o programa \u00e9 realizado pelo MDIC e Sebrae, em parceria com o Governo do Cear\u00e1, por meio da SDE, da Secretaria da Ci\u00eancia, Tecnologia e Educa\u00e7\u00e3o Superior (Secitece) e da Ag\u00eancia de Desenvolvimento do Estado do Cear\u00e1 (Adece). A iniciativa \u00e9 operacionalizada pela Funda\u00e7\u00e3o CERTI, com coexecu\u00e7\u00e3o do Impact Hub. Ao todo, ser\u00e3o selecionadas at\u00e9 10 empresas, que participar\u00e3o de uma jornada completa de acelera\u00e7\u00e3o, contemplando diferentes est\u00e1gios de desenvolvimento, desde a valida\u00e7\u00e3o at\u00e9 a opera\u00e7\u00e3o ou tra\u00e7\u00e3o.<\/p>\n<p>A t\u00e9cnica da SDE, Josenira Pedrosa, destaca que, embora o volume de interessados seja expressivo (superando estados como Par\u00e1 e Esp\u00edrito Santo em um universo de 24 estados participantes), o desafio agora \u00e9 converter esse interesse em inscri\u00e7\u00f5es finalizadas dentro do perfil estrat\u00e9gico do Cear\u00e1.<\/p>\n<figure class=\"wp-block-image aligncenter\"><\/figure>\n<p>Para garantir que as 10 vagas destinadas ao estado sejam ocupadas por neg\u00f3cios com identidade local, a SDE, juntamente com os \u00f3rg\u00e3os vinculados ao tema, inicia uma a\u00e7\u00e3o direta de suporte. &#8220;Vamos fazer uma a\u00e7\u00e3o corpo a corpo, entrando em contato para entender o que est\u00e1 faltando e como podemos ajudar esses empreendedores a finalizarem o processo. O desafio agora \u00e9 converter esse interesse em inscri\u00e7\u00f5es finalizadas dentro da cadeia industrial estrat\u00e9gica para o Cear\u00e1&#8221;, explica Josenira.<\/p>\n<h3 class=\"wp-block-heading\"><strong>Foco estrat\u00e9gico: Moda e Ind\u00fastria Criativa<\/strong><\/h3>\n<p>O monitoramento aponta que as inscri\u00e7\u00f5es j\u00e1 efetivadas precisam alcan\u00e7ar o potencial da cadeia da moda cearense. Por isso, a SDE refor\u00e7a que o foco absoluto do edital no estado \u00e9 o fortalecimento dessa voca\u00e7\u00e3o natural.<\/p>\n<p>Para estimular a ades\u00e3o, os \u00f3rg\u00e3os lan\u00e7ar\u00e3o uma s\u00e9rie de conte\u00fados digitais com colaboradores do setor envolvidos na iniciativa.<\/p>\n<h3 class=\"wp-block-heading\"><strong>Desempenho do Cear\u00e1 no Painel InovAtiva<\/strong><\/h3>\n<p>O engajamento do Cear\u00e1 demonstra a for\u00e7a do ecossistema de inova\u00e7\u00e3o local frente ao cen\u00e1rio nacional:<br \/>Posi\u00e7\u00e3o Nacional: 2\u00ba lugar em inten\u00e7\u00f5es de inscri\u00e7\u00e3o;<br \/>Abrang\u00eancia: Disputa com 24 estados da federa\u00e7\u00e3o;<br \/>Lideran\u00e7a Regional: \u00c0 frente de estados com forte atua\u00e7\u00e3o em inova\u00e7\u00e3o, como Par\u00e1 e Esp\u00edrito Santo;<\/p>\n<h3 class=\"wp-block-heading\"><strong>Expectativas da gest\u00e3o<\/strong><\/h3>\n<p>A expectativa do Governo do Cear\u00e1, em sintonia com o Minist\u00e9rio do Desenvolvimento, Ind\u00fastria, Com\u00e9rcio e Servi\u00e7os (MDIC), \u00e9 que as a\u00e7\u00f5es de promo\u00e7\u00e3o aumentem o n\u00famero de empreendedores de impacto inscritos.<\/p>\n<p>O foco \u00e9 garantir que o Cear\u00e1 n\u00e3o apenas lidere as estat\u00edsticas de inten\u00e7\u00e3o, mas que preencha as vagas de acelera\u00e7\u00e3o com neg\u00f3cios que gerem valor, sustentabilidade e inova\u00e7\u00e3o para a ind\u00fastria t\u00eaxtil e criativa do estado, beneficiando empreendedores destas cadeias produtivas.<\/p>\n<h3 class=\"wp-block-heading\"><strong>Servi\u00e7o<\/strong><\/h3>\n<p>InovAtiva de Impacto 2026 \u2013 Inscri\u00e7\u00f5es abertas<br \/>Prazo final: 22 de maio de 2026<br \/>Foco: Moda e Ind\u00fastria Criativa<br \/>Onde se inscrever: hub.inovativa.online\/ciclo-2026<br \/>Inscri\u00e7\u00f5es gratuitas<\/p>\n<p>O post Cear\u00e1 lidera inten\u00e7\u00f5es de busca no InovAtiva de Impacto apareceu primeiro em Governo do Estado do Cear\u00e1.<\/p>\n","protected":false},"excerpt":{"rendered":"<p>SDE, Secitece e Adece intensificam mobiliza\u00e7\u00e3o de inscri\u00e7\u00f5es para o setor de moda e cadeia da ind\u00fastria criativa O Cear\u00e1 consolidou-se como o segundo estado com o maior volume de inten\u00e7\u00f5es de participa\u00e7\u00e3o no programa InovAtiva de Impacto 2026, ficando atr\u00e1s apenas de S\u00e3o Paulo. Os dados, monitorados em tempo real por um painel de &#8230; <a title=\"Cear\u00e1 lidera inten\u00e7\u00f5es de busca no InovAtiva de Impacto\" class=\"read-more\" href=\"https:\/\/ubajaranoticias.com.br\/index.php\/2026\/04\/29\/ceara-lidera-intencoes-de-busca-no-inovativa-de-impacto\/\" aria-label=\"Read more about Cear\u00e1 lidera inten\u00e7\u00f5es de busca no InovAtiva de Impacto\">Ler mais<\/a><\/p>\n","protected":false},"author":1,"featured_media":17730,"comment_status":"","ping_status":"","sticky":false,"template":"","format":"standard","meta":{"footnotes":""},"categories":[3],"tags":[],"class_list":["post-37857","post","type-post","status-publish","format-standard","has-post-thumbnail","hentry","category-noticias"],"amp_enabled":true,"_links":{"self":[{"href":"https:\/\/ubajaranoticias.com.br\/index.php\/wp-json\/wp\/v2\/posts\/37857","targetHints":{"allow":["GET"]}}],"collection":[{"href":"https:\/\/ubajaranoticias.com.br\/index.php\/wp-json\/wp\/v2\/posts"}],"about":[{"href":"https:\/\/ubajaranoticias.com.br\/index.php\/wp-json\/wp\/v2\/types\/post"}],"author":[{"embeddable":true,"href":"https:\/\/ubajaranoticias.com.br\/index.php\/wp-json\/wp\/v2\/users\/1"}],"replies":[{"embeddable":true,"href":"https:\/\/ubajaranoticias.com.br\/index.php\/wp-json\/wp\/v2\/comments?post=37857"}],"version-history":[{"count":0,"href":"https:\/\/ubajaranoticias.com.br\/index.php\/wp-json\/wp\/v2\/posts\/37857\/revisions"}],"wp:featuredmedia":[{"embeddable":true,"href":"https:\/\/ubajaranoticias.com.br\/index.php\/wp-json\/wp\/v2\/media\/17730"}],"wp:attachment":[{"href":"https:\/\/ubajaranoticias.com.br\/index.php\/wp-json\/wp\/v2\/media?parent=37857"}],"wp:term":[{"taxonomy":"category","embeddable":true,"href":"https:\/\/ubajaranoticias.com.br\/index.php\/wp-json\/wp\/v2\/categories?post=37857"},{"taxonomy":"post_tag","embeddable":true,"href":"https:\/\/ubajaranoticias.com.br\/index.php\/wp-json\/wp\/v2\/tags?post=37857"}],"curies":[{"name":"wp","href":"https:\/\/api.w.org\/{rel}","templated":true}]}}