{"id":37839,"date":"2026-04-29T00:58:31","date_gmt":"2026-04-29T03:58:31","guid":{"rendered":"https:\/\/ubajaranoticias.com.br\/index.php\/2026\/04\/29\/governo-do-ceara-leva-pet-ceara-movel-a-maracanau-com-servico-de-castracao-gratuita\/"},"modified":"2026-04-29T00:58:31","modified_gmt":"2026-04-29T03:58:31","slug":"governo-do-ceara-leva-pet-ceara-movel-a-maracanau-com-servico-de-castracao-gratuita","status":"publish","type":"post","link":"https:\/\/ubajaranoticias.com.br\/index.php\/2026\/04\/29\/governo-do-ceara-leva-pet-ceara-movel-a-maracanau-com-servico-de-castracao-gratuita\/","title":{"rendered":"Governo do Cear\u00e1 leva Pet Cear\u00e1 M\u00f3vel a Maracana\u00fa com servi\u00e7o de castra\u00e7\u00e3o gratuita"},"content":{"rendered":"<p><\/p>\n<p>O Governo do Cear\u00e1, por meio da Secretaria da Prote\u00e7\u00e3o Animal (Sepa), iniciou nesta ter\u00e7a-feira (28) mais uma etapa do Pet Cear\u00e1 M\u00f3vel, desta vez no munic\u00edpio de Maracana\u00fa. A a\u00e7\u00e3o segue at\u00e9 o pr\u00f3ximo s\u00e1bado (2), garantindo acesso gratuito ao servi\u00e7o de castra\u00e7\u00e3o de c\u00e3es e gatos para a popula\u00e7\u00e3o local.<\/p>\n<p>A unidade m\u00f3vel est\u00e1 instalada em frente \u00e0 C\u00e2mara Municipal de Maracana\u00fa, na Av. Luiz Gonzaga Hon\u00f3rio de Abreu, 890, no bairro Piratininga, com o objetivo de ampliar o alcance das pol\u00edticas p\u00fablicas de prote\u00e7\u00e3o animal e facilitar o atendimento. Para participar, os tutores devem realizar o agendamento pr\u00e9vio por meio do site oficial: www.protecaoanimal.ce.gov.br.<\/p>\n<p>A iniciativa faz parte das a\u00e7\u00f5es cont\u00ednuas do Governo do Estado voltadas ao controle populacional de animais, contribuindo para a sa\u00fade p\u00fablica, o bem-estar animal e a redu\u00e7\u00e3o do abandono.<\/p>\n<h3 class=\"wp-block-heading\"><strong>Giro Pet Cear\u00e1 tamb\u00e9m chega ao munic\u00edpio<\/strong><\/h3>\n<p>Dando continuidade \u00e0s atividades em Maracana\u00fa, o Governo levar\u00e1, nos dias 5, 6 e 7 de maio, o Giro Pet Cear\u00e1 ao munic\u00edpio. A a\u00e7\u00e3o itinerante oferecer\u00e1 servi\u00e7os de encoleiramento antiparasit\u00e1rio e vacina\u00e7\u00e3o antirr\u00e1bica. Os locais espec\u00edficos de atendimento dessas etapas ser\u00e3o divulgados em breve pelos canais oficiais da secretaria.<\/p>\n<h4 class=\"wp-block-heading\"><strong>Servi\u00e7o<\/strong><\/h4>\n<p><strong><br \/>Pet Cear\u00e1 M\u00f3vel em Maracana\u00fa<\/strong><br \/>Data: 28\/04\/26 (ter\u00e7a) a 2\/5\/26 (s\u00e1bado)<br \/>Hor\u00e1rio: A partir das 8h (mediante agendamento pr\u00e9vio)<br \/>Local: Av. Luiz Gonzaga Hon\u00f3rio de Abreu, 890 \u2013 Piratininga, Maracana\u00fa (Em frente \u00e0 C\u00e2mara Municipal).<\/p>\n<p>O post Governo do Cear\u00e1 leva Pet Cear\u00e1 M\u00f3vel a Maracana\u00fa com servi\u00e7o de castra\u00e7\u00e3o gratuita apareceu primeiro em Governo do Estado do Cear\u00e1.<\/p>\n","protected":false},"excerpt":{"rendered":"<p>O Governo do Cear\u00e1, por meio da Secretaria da Prote\u00e7\u00e3o Animal (Sepa), iniciou nesta ter\u00e7a-feira (28) mais uma etapa do Pet Cear\u00e1 M\u00f3vel, desta vez no munic\u00edpio de Maracana\u00fa. A a\u00e7\u00e3o segue at\u00e9 o pr\u00f3ximo s\u00e1bado (2), garantindo acesso gratuito ao servi\u00e7o de castra\u00e7\u00e3o de c\u00e3es e gatos para a popula\u00e7\u00e3o local. A unidade m\u00f3vel &#8230; <a title=\"Governo do Cear\u00e1 leva Pet Cear\u00e1 M\u00f3vel a Maracana\u00fa com servi\u00e7o de castra\u00e7\u00e3o gratuita\" class=\"read-more\" href=\"https:\/\/ubajaranoticias.com.br\/index.php\/2026\/04\/29\/governo-do-ceara-leva-pet-ceara-movel-a-maracanau-com-servico-de-castracao-gratuita\/\" aria-label=\"Read more about Governo do Cear\u00e1 leva Pet Cear\u00e1 M\u00f3vel a Maracana\u00fa com servi\u00e7o de castra\u00e7\u00e3o gratuita\">Ler mais<\/a><\/p>\n","protected":false},"author":1,"featured_media":17730,"comment_status":"","ping_status":"","sticky":false,"template":"","format":"standard","meta":{"footnotes":""},"categories":[3],"tags":[],"class_list":["post-37839","post","type-post","status-publish","format-standard","has-post-thumbnail","hentry","category-noticias"],"amp_enabled":true,"_links":{"self":[{"href":"https:\/\/ubajaranoticias.com.br\/index.php\/wp-json\/wp\/v2\/posts\/37839","targetHints":{"allow":["GET"]}}],"collection":[{"href":"https:\/\/ubajaranoticias.com.br\/index.php\/wp-json\/wp\/v2\/posts"}],"about":[{"href":"https:\/\/ubajaranoticias.com.br\/index.php\/wp-json\/wp\/v2\/types\/post"}],"author":[{"embeddable":true,"href":"https:\/\/ubajaranoticias.com.br\/index.php\/wp-json\/wp\/v2\/users\/1"}],"replies":[{"embeddable":true,"href":"https:\/\/ubajaranoticias.com.br\/index.php\/wp-json\/wp\/v2\/comments?post=37839"}],"version-history":[{"count":0,"href":"https:\/\/ubajaranoticias.com.br\/index.php\/wp-json\/wp\/v2\/posts\/37839\/revisions"}],"wp:featuredmedia":[{"embeddable":true,"href":"https:\/\/ubajaranoticias.com.br\/index.php\/wp-json\/wp\/v2\/media\/17730"}],"wp:attachment":[{"href":"https:\/\/ubajaranoticias.com.br\/index.php\/wp-json\/wp\/v2\/media?parent=37839"}],"wp:term":[{"taxonomy":"category","embeddable":true,"href":"https:\/\/ubajaranoticias.com.br\/index.php\/wp-json\/wp\/v2\/categories?post=37839"},{"taxonomy":"post_tag","embeddable":true,"href":"https:\/\/ubajaranoticias.com.br\/index.php\/wp-json\/wp\/v2\/tags?post=37839"}],"curies":[{"name":"wp","href":"https:\/\/api.w.org\/{rel}","templated":true}]}}