{"id":37829,"date":"2026-04-28T21:25:32","date_gmt":"2026-04-29T00:25:32","guid":{"rendered":"https:\/\/ubajaranoticias.com.br\/index.php\/2026\/04\/28\/cade-investiga-possivel-alinhamento-de-precos-entre-latam-e-gol\/"},"modified":"2026-04-28T21:25:32","modified_gmt":"2026-04-29T00:25:32","slug":"cade-investiga-possivel-alinhamento-de-precos-entre-latam-e-gol","status":"publish","type":"post","link":"https:\/\/ubajaranoticias.com.br\/index.php\/2026\/04\/28\/cade-investiga-possivel-alinhamento-de-precos-entre-latam-e-gol\/","title":{"rendered":"Cade investiga poss\u00edvel alinhamento de pre\u00e7os entre Latam e Gol"},"content":{"rendered":"<p> Por MRNews<br \/>\n<\/p>\n<div wp_automatic_readability=\"58.44014084507\">\n<p><strong>O Conselho Administrativo de Defesa Econ\u00f4mica (Cade) vai apurar poss\u00edveis condutas anticoncorrenciais no mercado brasileiro de transporte a\u00e9reo dom\u00e9stico de passageiros, envolvendo as empresas a\u00e9reas Gol e Latam. <\/strong>O processo administrativo examina ind\u00edcios de um poss\u00edvel alinhamento de pre\u00e7os em rotas de elevada relev\u00e2ncia comercial.\u00a0\u00a0<\/p>\n<p>As duas empresas ser\u00e3o notificadas para apresentar suas defesa. A decis\u00e3o final caber\u00e1 ao Tribunal do Cade.\u00a0<\/p>\n<p><strong>Segundo o Cade, a abertura do processo n\u00e3o representa julgamento definitivo e tem por finalidade aprofundar a apura\u00e7\u00e3o, assegurar o contradit\u00f3rio e permitir o exame completo do conjunto de evid\u00eancias.\u00a0<\/strong><\/p>\n<p><strong><a href=\"https:\/\/mrnews.com.br\/index.php\/2026\/04\/28\/orem-por-ela-maira-cardi-pede-apoio-apos-internacao-da-filha-nos-estados-unidos\/\">\u201cOrem por ela\u201d; Ma\u00edra Cardi pede apoio ap\u00f3s interna\u00e7\u00e3o da filha nos Estados Unidos<\/a><\/strong><\/p>\n<p><strong><a href=\"https:\/\/mrnews.com.br\/index.php\/2026\/04\/28\/governo-libera-r-330-milhoes-para-segurar-preco-do-gas-de-cozinha\/\">Governo libera R$ 330 milh\u00f5es para segurar pre\u00e7o do g\u00e1s de cozinha<\/a><\/strong><\/p>\n<p>A investiga\u00e7\u00e3o do Cade foi iniciada em 2023 e analisou o uso de ferramentas de precifica\u00e7\u00e3o e de bases de dados de mercado. <strong>As apura\u00e7\u00f5es indicam a exist\u00eancia de padr\u00e3o persistente de interdepend\u00eancia entre os movimentos de pre\u00e7os das empresas.<\/strong>\u00a0<\/p>\n<blockquote wp_automatic_readability=\"8\">\n<p>\u201cA an\u00e1lise buscou verificar se esse comportamento era compat\u00edvel com din\u00e2mica concorrencial independente ou refletia mecanismos de colus\u00e3o t\u00e1cita facilitada pelo uso de algoritmos e compartilhamento de dados\u201d, diz o Cade.<\/p>\n<\/blockquote>\n<p>Tamb\u00e9m foram analisados os contratos firmados por Latam e Gol com empresas fornecedoras de servi\u00e7os de intelig\u00eancia tarif\u00e1ria, distribui\u00e7\u00e3o de conte\u00fado e solu\u00e7\u00f5es de precifica\u00e7\u00e3o din\u00e2mica.\u00a0<\/p>\n<p>O Cade identificou que \u201cessas ferramentas trazem riscos de troca de informa\u00e7\u00f5es comercialmente sens\u00edveis, reduzindo a incerteza concorrencial e ampliando a capacidade coordena\u00e7\u00e3o\u201d.\u00a0<\/p>\n<p><strong><a href=\"https:\/\/mrnews.com.br\/index.php\/2026\/04\/28\/pf-prende-suspeito-de-distribuir-imagens-de-abuso-sexual-infantil\/\">PF prende suspeito de distribuir imagens de abuso sexual infantil<\/a><\/strong><\/p>\n<p><strong><a href=\"https:\/\/mrnews.com.br\/index.php\/2026\/04\/28\/senado-aprova-cadastro-de-condenados-por-violencia-contra-mulher\/\">Senado aprova cadastro de condenados por viol\u00eancia contra mulher<\/a><\/strong><\/p>\n<p>\u201cEm mercados concentrados e com alta transpar\u00eancia informacional, o uso convergente de ferramentas algor\u00edtmicas e de infraestruturas comuns de dados pode aumentar riscos concorrenciais\u201d, diz o Conselho.\u00a0<\/p>\n<h2>Outro lado<\/h2>\n<p><strong>A Gol informou que apresentou todas as informa\u00e7\u00f5es solicitadas pelo Cade e que continua \u00e0 disposi\u00e7\u00e3o do \u00f3rg\u00e3o.\u00a0<\/strong><\/p>\n<p>\u201cA Companhia reitera que sempre defendeu a livre concorr\u00eancia e a liberdade tarif\u00e1ria entre todos os competidores. A GOL nega e repudia qualquer pr\u00e1tica que fira tais princ\u00edpios\u201d, diz a empresa.<\/p>\n<p><strong>A Latam disse que sempre atua em conformidade com as melhores pr\u00e1ticas de <em>compliance<\/em>, transpar\u00eancia e integridade.<\/strong><\/p>\n<p>\u201cA Latam repudia categoricamente qualquer hip\u00f3tese de postura contr\u00e1ria \u00e0 livre concorr\u00eancia, valor inegoci\u00e1vel para a companhia\u201d, informou.\u00a0<\/p>\n<\/div>\n","protected":false},"excerpt":{"rendered":"<p>Por MRNews O Conselho Administrativo de Defesa Econ\u00f4mica (Cade) vai apurar poss\u00edveis condutas anticoncorrenciais no mercado brasileiro de transporte a\u00e9reo dom\u00e9stico de passageiros, envolvendo as empresas a\u00e9reas Gol e Latam. O processo administrativo examina ind\u00edcios de um poss\u00edvel alinhamento de pre\u00e7os em rotas de elevada relev\u00e2ncia comercial.\u00a0\u00a0 As duas empresas ser\u00e3o notificadas para apresentar suas &#8230; <a title=\"Cade investiga poss\u00edvel alinhamento de pre\u00e7os entre Latam e Gol\" class=\"read-more\" href=\"https:\/\/ubajaranoticias.com.br\/index.php\/2026\/04\/28\/cade-investiga-possivel-alinhamento-de-precos-entre-latam-e-gol\/\" aria-label=\"Read more about Cade investiga poss\u00edvel alinhamento de pre\u00e7os entre Latam e Gol\">Ler mais<\/a><\/p>\n","protected":false},"author":1,"featured_media":0,"comment_status":"","ping_status":"","sticky":false,"template":"","format":"standard","meta":{"footnotes":""},"categories":[1],"tags":[],"class_list":["post-37829","post","type-post","status-publish","format-standard","hentry","category-blog"],"amp_enabled":true,"_links":{"self":[{"href":"https:\/\/ubajaranoticias.com.br\/index.php\/wp-json\/wp\/v2\/posts\/37829","targetHints":{"allow":["GET"]}}],"collection":[{"href":"https:\/\/ubajaranoticias.com.br\/index.php\/wp-json\/wp\/v2\/posts"}],"about":[{"href":"https:\/\/ubajaranoticias.com.br\/index.php\/wp-json\/wp\/v2\/types\/post"}],"author":[{"embeddable":true,"href":"https:\/\/ubajaranoticias.com.br\/index.php\/wp-json\/wp\/v2\/users\/1"}],"replies":[{"embeddable":true,"href":"https:\/\/ubajaranoticias.com.br\/index.php\/wp-json\/wp\/v2\/comments?post=37829"}],"version-history":[{"count":0,"href":"https:\/\/ubajaranoticias.com.br\/index.php\/wp-json\/wp\/v2\/posts\/37829\/revisions"}],"wp:attachment":[{"href":"https:\/\/ubajaranoticias.com.br\/index.php\/wp-json\/wp\/v2\/media?parent=37829"}],"wp:term":[{"taxonomy":"category","embeddable":true,"href":"https:\/\/ubajaranoticias.com.br\/index.php\/wp-json\/wp\/v2\/categories?post=37829"},{"taxonomy":"post_tag","embeddable":true,"href":"https:\/\/ubajaranoticias.com.br\/index.php\/wp-json\/wp\/v2\/tags?post=37829"}],"curies":[{"name":"wp","href":"https:\/\/api.w.org\/{rel}","templated":true}]}}