{"id":37750,"date":"2026-04-26T10:14:33","date_gmt":"2026-04-26T13:14:33","guid":{"rendered":"https:\/\/ubajaranoticias.com.br\/index.php\/2026\/04\/26\/sesau-informa-cancelamento-de-evento-de-amamentacao-coletiva-cgnoticias-2\/"},"modified":"2026-04-26T10:14:33","modified_gmt":"2026-04-26T13:14:33","slug":"sesau-informa-cancelamento-de-evento-de-amamentacao-coletiva-cgnoticias-2","status":"publish","type":"post","link":"https:\/\/ubajaranoticias.com.br\/index.php\/2026\/04\/26\/sesau-informa-cancelamento-de-evento-de-amamentacao-coletiva-cgnoticias-2\/","title":{"rendered":"Sesau informa cancelamento de evento de amamenta\u00e7\u00e3o coletiva \u2013 CGNot\u00edcias"},"content":{"rendered":"<p> Por MRNews<br \/>\n<\/p>\n<div wp_automatic_readability=\"34.574202496533\">\n<p>A Secretaria Municipal de Sa\u00fade (Sesau) informa o cancelamento do evento de amamenta\u00e7\u00e3o coletiva que seria realizado neste domingo (26), conforme programa\u00e7\u00e3o previamente divulgada, dentro das atividades do Encontro Nacional de Aleitamento Materno (ENAM) e do Encontro Nacional de Alimenta\u00e7\u00e3o Complementar (ENAC).<\/p>\n<p>A decis\u00e3o foi tomada de forma preventiva, considerando o atual per\u00edodo de maior circula\u00e7\u00e3o de v\u00edrus respirat\u00f3rios, comum nas esta\u00e7\u00f5es mais frias do ano. Como o p\u00fablico-alvo do evento inclui beb\u00eas e crian\u00e7as pequenas grupo mais vulner\u00e1vel a complica\u00e7\u00f5es, a medida visa garantir a seguran\u00e7a e a sa\u00fade dos participantes.<\/p>\n<p>A Sesau esclarece que a programa\u00e7\u00e3o do ENAM e do ENAC est\u00e1 mantida, sendo o cancelamento restrito apenas \u00e0 atividade no domingo, que ocorreria na Pra\u00e7a do R\u00e1dio.<\/p>\n<p><strong><a href=\"https:\/\/mrnews.com.br\/index.php\/2026\/04\/25\/guia-lopes-da-laguna-ganha-reforma-do-hospital-escola-e-obras-para-qualificar-infraestrutura-da-cidade\/\">Guia Lopes da Laguna ganha reforma do hospital, escola e obras para qualificar infraestrutura da cidade<\/a><\/strong><\/p>\n<p><strong><a href=\"https:\/\/mrnews.com.br\/index.php\/2026\/04\/25\/dona-de-casa-viaja-212-km-para-participar-do-mutirao-todos-em-acao-cgnoticias\/\">Dona de casa viaja 212 km para participar do Mutir\u00e3o Todos em A\u00e7\u00e3o \u2013 CGNot\u00edcias<\/a><\/strong><\/p>\n<p>O evento, que tinha como objetivo incentivar e conscientizar sobre a import\u00e2ncia do aleitamento materno, dever\u00e1 ser reprogramado em momento oportuno, quando houver condi\u00e7\u00f5es mais seguras para sua realiza\u00e7\u00e3o.<\/p>\n<p>A Sesau refor\u00e7a que segue atenta \u00e0s recomenda\u00e7\u00f5es das autoridades de sa\u00fade e mant\u00e9m o compromisso com a promo\u00e7\u00e3o de a\u00e7\u00f5es que priorizem o bem-estar da popula\u00e7\u00e3o.<\/p>\n<\/div>\n<p><script async defer async defer src=\"https:\/\/connect.facebook.net\/en_US\/sdk.js?ver=1#xfbml=1&amp;version=v3.2\" id=\"prefeitura-campogrande-script-facebook-sdk-js\" type=\"88c4078f92403858c3b9a935-text\/javascript\"><\/script><\/p>\n","protected":false},"excerpt":{"rendered":"<p>Por MRNews A Secretaria Municipal de Sa\u00fade (Sesau) informa o cancelamento do evento de amamenta\u00e7\u00e3o coletiva que seria realizado neste domingo (26), conforme programa\u00e7\u00e3o previamente divulgada, dentro das atividades do Encontro Nacional de Aleitamento Materno (ENAM) e do Encontro Nacional de Alimenta\u00e7\u00e3o Complementar (ENAC). A decis\u00e3o foi tomada de forma preventiva, considerando o atual per\u00edodo &#8230; <a title=\"Sesau informa cancelamento de evento de amamenta\u00e7\u00e3o coletiva \u2013 CGNot\u00edcias\" class=\"read-more\" href=\"https:\/\/ubajaranoticias.com.br\/index.php\/2026\/04\/26\/sesau-informa-cancelamento-de-evento-de-amamentacao-coletiva-cgnoticias-2\/\" aria-label=\"Read more about Sesau informa cancelamento de evento de amamenta\u00e7\u00e3o coletiva \u2013 CGNot\u00edcias\">Ler mais<\/a><\/p>\n","protected":false},"author":1,"featured_media":0,"comment_status":"","ping_status":"","sticky":false,"template":"","format":"standard","meta":{"footnotes":""},"categories":[1],"tags":[],"class_list":["post-37750","post","type-post","status-publish","format-standard","hentry","category-blog"],"amp_enabled":true,"_links":{"self":[{"href":"https:\/\/ubajaranoticias.com.br\/index.php\/wp-json\/wp\/v2\/posts\/37750","targetHints":{"allow":["GET"]}}],"collection":[{"href":"https:\/\/ubajaranoticias.com.br\/index.php\/wp-json\/wp\/v2\/posts"}],"about":[{"href":"https:\/\/ubajaranoticias.com.br\/index.php\/wp-json\/wp\/v2\/types\/post"}],"author":[{"embeddable":true,"href":"https:\/\/ubajaranoticias.com.br\/index.php\/wp-json\/wp\/v2\/users\/1"}],"replies":[{"embeddable":true,"href":"https:\/\/ubajaranoticias.com.br\/index.php\/wp-json\/wp\/v2\/comments?post=37750"}],"version-history":[{"count":0,"href":"https:\/\/ubajaranoticias.com.br\/index.php\/wp-json\/wp\/v2\/posts\/37750\/revisions"}],"wp:attachment":[{"href":"https:\/\/ubajaranoticias.com.br\/index.php\/wp-json\/wp\/v2\/media?parent=37750"}],"wp:term":[{"taxonomy":"category","embeddable":true,"href":"https:\/\/ubajaranoticias.com.br\/index.php\/wp-json\/wp\/v2\/categories?post=37750"},{"taxonomy":"post_tag","embeddable":true,"href":"https:\/\/ubajaranoticias.com.br\/index.php\/wp-json\/wp\/v2\/tags?post=37750"}],"curies":[{"name":"wp","href":"https:\/\/api.w.org\/{rel}","templated":true}]}}