{"id":37736,"date":"2026-04-25T19:50:46","date_gmt":"2026-04-25T22:50:46","guid":{"rendered":"https:\/\/ubajaranoticias.com.br\/index.php\/2026\/04\/25\/forca-tatica-do-19-bpm-cumpre-mandado-de-prisao-no-bairro-edson-queiroz-em-fortaleza\/"},"modified":"2026-04-25T19:50:46","modified_gmt":"2026-04-25T22:50:46","slug":"forca-tatica-do-19-bpm-cumpre-mandado-de-prisao-no-bairro-edson-queiroz-em-fortaleza","status":"publish","type":"post","link":"https:\/\/ubajaranoticias.com.br\/index.php\/2026\/04\/25\/forca-tatica-do-19-bpm-cumpre-mandado-de-prisao-no-bairro-edson-queiroz-em-fortaleza\/","title":{"rendered":"For\u00e7a T\u00e1tica do 19\u00b0 BPM cumpre mandado de pris\u00e3o no bairro Edson Queiroz, em Fortaleza"},"content":{"rendered":"<p><\/p>\n<div id=\"\">&#13;<br \/>\n        &#13;<br \/>\n            &#13;<br \/>\n&#13;<br \/>\n            &#13;<br \/>\n&#13;<\/p>\n<h3 class=\"subtitulo  data  -bold\">&#13;<br \/>\n                25 de abril de 2026 &#8211; 18:38&#13;<br \/>\n                            <\/h3>\n<p>&#13;<br \/>\n&#13;<br \/>\n            &#13;<\/p>\n<p>Policiais militares da For\u00e7a T\u00e1tica do 19\u00ba Batalh\u00e3o da Pol\u00edcia Militar do Cear\u00e1 (PMCE) cumpriram um mandado de pris\u00e3o na tarde dessa sexta-feira (24), no bairro Edson Queiroz, em Fortaleza. Um homem de 21 anos foi capturado ap\u00f3s tentar fugir ao perceber a aproxima\u00e7\u00e3o da equipe.<\/p>\n<p>\u00a0<\/p>\n<p>A a\u00e7\u00e3o teve in\u00edcio ap\u00f3s informa\u00e7\u00f5es repassadas \u00e0 patrulha, que se deslocou at\u00e9 a Rua Lucas Francisco Ant\u00f4nio para averigua\u00e7\u00e3o. No local, o suspeito foi visualizado e, ao notar a presen\u00e7a policial, tentou se evadir, sendo rapidamente abordado. Durante a verifica\u00e7\u00e3o junto \u00e0 Coordenadoria Integrada de Opera\u00e7\u00f5es de Seguran\u00e7a (Ciops), foi confirmado um mandado de pris\u00e3o em aberto por roubo, expedido pela 1\u00aa Vara de Execu\u00e7\u00f5es Penais de Fortaleza.<\/p>\n<p>\u00a0<\/p>\n<p>Diante dos fatos, o indiv\u00edduo foi conduzido ao 26\u00ba Distrito Policial, onde foram realizados os procedimentos cab\u00edveis, incluindo o cumprimento do mandado de pris\u00e3o.<\/p>\n<p>\u00a0<\/p>\n<p>Em janeiro do corrente ano, o suspeito foi preso por tr\u00e1fico e associa\u00e7\u00e3o para o tr\u00e1fico de drogas.<\/p>\n<p>\u00a0<\/p>\n<p>Assessoria de Comunica\u00e7\u00e3o da PMCE<\/p>\n<p>&#13;<br \/>\n            &#13;<br \/>\n&#13;<br \/>\n&#13;\n        <\/p><\/div>\n","protected":false},"excerpt":{"rendered":"<p>&#13; &#13; &#13; &#13; &#13; &#13; &#13; 25 de abril de 2026 &#8211; 18:38&#13; &#13; &#13; &#13; Policiais militares da For\u00e7a T\u00e1tica do 19\u00ba Batalh\u00e3o da Pol\u00edcia Militar do Cear\u00e1 (PMCE) cumpriram um mandado de pris\u00e3o na tarde dessa sexta-feira (24), no bairro Edson Queiroz, em Fortaleza. Um homem de 21 anos foi capturado ap\u00f3s &#8230; <a title=\"For\u00e7a T\u00e1tica do 19\u00b0 BPM cumpre mandado de pris\u00e3o no bairro Edson Queiroz, em Fortaleza\" class=\"read-more\" href=\"https:\/\/ubajaranoticias.com.br\/index.php\/2026\/04\/25\/forca-tatica-do-19-bpm-cumpre-mandado-de-prisao-no-bairro-edson-queiroz-em-fortaleza\/\" aria-label=\"Read more about For\u00e7a T\u00e1tica do 19\u00b0 BPM cumpre mandado de pris\u00e3o no bairro Edson Queiroz, em Fortaleza\">Ler mais<\/a><\/p>\n","protected":false},"author":1,"featured_media":17730,"comment_status":"","ping_status":"","sticky":false,"template":"","format":"standard","meta":{"footnotes":""},"categories":[3],"tags":[],"class_list":["post-37736","post","type-post","status-publish","format-standard","has-post-thumbnail","hentry","category-noticias"],"amp_enabled":true,"_links":{"self":[{"href":"https:\/\/ubajaranoticias.com.br\/index.php\/wp-json\/wp\/v2\/posts\/37736","targetHints":{"allow":["GET"]}}],"collection":[{"href":"https:\/\/ubajaranoticias.com.br\/index.php\/wp-json\/wp\/v2\/posts"}],"about":[{"href":"https:\/\/ubajaranoticias.com.br\/index.php\/wp-json\/wp\/v2\/types\/post"}],"author":[{"embeddable":true,"href":"https:\/\/ubajaranoticias.com.br\/index.php\/wp-json\/wp\/v2\/users\/1"}],"replies":[{"embeddable":true,"href":"https:\/\/ubajaranoticias.com.br\/index.php\/wp-json\/wp\/v2\/comments?post=37736"}],"version-history":[{"count":0,"href":"https:\/\/ubajaranoticias.com.br\/index.php\/wp-json\/wp\/v2\/posts\/37736\/revisions"}],"wp:featuredmedia":[{"embeddable":true,"href":"https:\/\/ubajaranoticias.com.br\/index.php\/wp-json\/wp\/v2\/media\/17730"}],"wp:attachment":[{"href":"https:\/\/ubajaranoticias.com.br\/index.php\/wp-json\/wp\/v2\/media?parent=37736"}],"wp:term":[{"taxonomy":"category","embeddable":true,"href":"https:\/\/ubajaranoticias.com.br\/index.php\/wp-json\/wp\/v2\/categories?post=37736"},{"taxonomy":"post_tag","embeddable":true,"href":"https:\/\/ubajaranoticias.com.br\/index.php\/wp-json\/wp\/v2\/tags?post=37736"}],"curies":[{"name":"wp","href":"https:\/\/api.w.org\/{rel}","templated":true}]}}