{"id":37731,"date":"2026-04-25T16:02:37","date_gmt":"2026-04-25T19:02:37","guid":{"rendered":"https:\/\/ubajaranoticias.com.br\/index.php\/2026\/04\/25\/samba-da-gamboa-recebe-o-cantor-e-compositor-dudu-nobre-neste-domingo\/"},"modified":"2026-04-25T16:02:37","modified_gmt":"2026-04-25T19:02:37","slug":"samba-da-gamboa-recebe-o-cantor-e-compositor-dudu-nobre-neste-domingo","status":"publish","type":"post","link":"https:\/\/ubajaranoticias.com.br\/index.php\/2026\/04\/25\/samba-da-gamboa-recebe-o-cantor-e-compositor-dudu-nobre-neste-domingo\/","title":{"rendered":"Samba da Gamboa recebe o cantor e compositor Dudu Nobre neste domingo"},"content":{"rendered":"<p> Por MRNews<br \/>\n<\/p>\n<div wp_automatic_readability=\"174.31965843698\">\n<p><strong>A TV Brasil\u00a0leva ao ar, neste domingo (26), \u00e0s 13h, o programa <em>Samba na Gamboa<\/em>\u00a0com a presen\u00e7a de Dudu Nobre. <\/strong>Na atra\u00e7\u00e3o comandada por Teresa Cristina, o sambista apresenta grandes sucessos e as hist\u00f3rias que marcaram sua carreira.\u00a0<\/p>\n<p>Cantor e compositor, Dudu Nobre come\u00e7ou a estudar m\u00fasica ainda na inf\u00e2ncia, aos 5 anos de idade. Carioca, o artista tem o cavaquinho como principal instrumento de trabalho. No bate-papo repleto de samba, o m\u00fasico compartilha curiosidades, como o parentesco com Seu Jorge.\u00a0<\/p>\n<p>Para o repert\u00f3rio desta edi\u00e7\u00e3o do Samba na Gamboa, foram escolhidas as can\u00e7\u00f5es: <em>Vou Botar Teu Nome na Macumba<\/em> (Dudu Nobre e Zeca Pagodinho), <em>\u00c1gua da Minha Sede<\/em> (Dudu Nobre e Roque Ferreira), <em>Posso at\u00e9 me Apaixonar<\/em> (Dudu Nobre), <em>Papagaio<\/em> (Almir Guineto,\u00a0Luverci\u00a0Ernesto e Beto Sem Bra\u00e7o), <em>Goiabada Casc\u00e3o<\/em> (Wilson Moreira e Nei Lopes), <em>Feliz da Vida<\/em> (Dudu Nobre e Nei Lopes),<em> No Mexe-Mexe, no Bole-Bole<\/em> (Dudu Nobre), <em>Xod\u00f3 de M\u00e3e<\/em> (Martinho da Vila e Ti\u00e3o Motorista), <em>Meu Gurufim<\/em> (Jorge Carioca), <em>Hutukara<\/em> (Marcelo Motta, Pedrinho da Flor,\u00a0Arlindinho, Renato Galante, Dudu Nobre, Leonardo\u00a0Gallo, Ramon Via13 e\u00a0Ralfe\u00a0Ribeiro), <em>Velho Ditado<\/em> (Dudu Nobre e Luizinho SP) e <em>E Eles Ver\u00e3o a Deus<\/em> (Ambr\u00f3sio, Renatinho e Mazinho).\u00a0<\/p>\n<p><strong><a href=\"https:\/\/mrnews.com.br\/index.php\/2026\/04\/25\/ir-2026-como-deduzir-gastos-com-educacao-saude-e-previdencia-privada\/\">IR 2026: como deduzir gastos com educa\u00e7\u00e3o, sa\u00fade e previd\u00eancia privada<\/a><\/strong><\/p>\n<p><strong><a href=\"https:\/\/mrnews.com.br\/index.php\/2026\/04\/25\/vacinacao-nas-escolas-segue-ate-dia-30-e-meta-e-imunizar-27-milhoes\/\">Vacina\u00e7\u00e3o nas escolas segue at\u00e9 dia 30 e meta \u00e9 imunizar 27 milh\u00f5es<\/a><\/strong><\/p>\n<h2>Sobre o programa\u00a0<\/h2>\n<div class=\"dnd-widget-wrapper context-cheio_8colunas type-image\" wp_automatic_readability=\"7.5\">\n<div class=\"dnd-caption-wrapper\" wp_automatic_readability=\"10\">\n<p>Programa Samba na Gamboa, da TV Brasil, apresentado por Teresa Cristina \u2013 <strong>Fernando Fraz\u00e3o\/Ag\u00eancia Brasil<\/strong><!--END copyright=408624--><\/p>\n<\/div>\n<\/div>\n<p>Esta temporada do<em> Samba na Gamboa<\/em>\u00a0com\u00a0Teresa Cristina\u00a0como apresentadora foi gravada no Teatro Ruth de Souza, no Parque Gl\u00f3ria Maria, em Santa Teresa, na regi\u00e3o central do Rio de Janeiro. O palco para conversas embaladas por hits \u00e9 um cen\u00e1rio colorido que evoca uma pra\u00e7a na Gamboa \u2013 bairro hist\u00f3rico da zona portu\u00e1ria da capital carioca. A presen\u00e7a de plateia \u00e9 outro destaque da atra\u00e7\u00e3o.\u00a0<\/p>\n<p>Os encontros contam, ainda, com uma banda da pesada, comandada pelo lend\u00e1rio Paul\u00e3o Sete Cordas, que acompanha Teresa Cristina e seus convidados pelo inesgot\u00e1vel repert\u00f3rio do samba brasileiro. A equipe re\u00fane os m\u00fasicos Eduardo Neves (sopros), Jo\u00e3o Callado (cavaco), Paulino Dias (percuss\u00e3o), Rodrigo Jesus (percuss\u00e3o) e\u00a0Waltis\u00a0Zacarias (percuss\u00e3o).\u00a0<\/p>\n<p><strong><a href=\"https:\/\/mrnews.com.br\/index.php\/2026\/04\/25\/mutirao-do-inss-preve-19-mil-atendimentos-para-reduzir-fila-da-pericia\/\">Mutir\u00e3o do INSS prev\u00ea 19 mil atendimentos para reduzir fila da per\u00edcia<\/a><\/strong><\/p>\n<p><strong><a href=\"https:\/\/mrnews.com.br\/index.php\/2026\/04\/25\/tartarugas-cabecudas-reaparecem-na-baia-de-guanabara\/\">Tartarugas-cabe\u00e7udas reaparecem na Ba\u00eda de Guanabara<\/a><\/strong><\/p>\n<p>Cantora e compositora de m\u00e3o cheia, a diva tamb\u00e9m tem se revelado uma \u00f3tima entrevistadora. Teresa Cristina conduz os papos com muita gra\u00e7a, informa\u00e7\u00e3o, e, principalmente, emo\u00e7\u00e3o. A pesquisa sobre a cultura popular \u00e9 importante para a artista que, al\u00e9m do sucesso com o grupo <em>Semente <\/em>e na carreira solo, ganhou ainda mais aten\u00e7\u00e3o com as lives que fez nas redes sociais no per\u00edodo da pandemia.\u00a0<\/p>\n<p>Com novo cen\u00e1rio, pacote gr\u00e1fico e a trilha sonora de abertura repaginados, o <em>Samba na Gamboa<\/em>\u00a0tem janela semanal, aos domingos, \u00e0s 13h, na programa\u00e7\u00e3o da <strong>TV Brasil<\/strong>, e hor\u00e1rio alternativo aos s\u00e1bados, \u00e0s 23h.\u00a0<\/p>\n<h2>Destaques da temporada\u00a0<\/h2>\n<p>Durante esta temporada do <em>Samba na Gamboa<\/em>, Teresa Cristina recebe nomes consagrados do g\u00eanero como \u00c1urea Martins, Dorina, Dudu Nobre, Jorge Arag\u00e3o, Moacyr Luz, Nei Lopes, Tia Surica, Marquinhos de Oswaldo Cruz, Neguinho da Beija Flor, Nei Lopes, Nelson Rufino, Nilze Carvalho, P\u00e9ricles e Sombrinha.\u00a0<\/p>\n<p>O programa da <strong>TV Brasil<\/strong>\u00a0tamb\u00e9m conta com a presen\u00e7a de c\u00e9lebres artistas de outras matizes da m\u00fasica como Adriana Calcanhotto, Fabiana Cozza, Herm\u00ednio\u00a0Bello\u00a0de Carvalho, M\u00f4nica Salmaso, Roberta S\u00e1, Simone Mazzer e Z\u00e9 Renato.\u00a0<\/p>\n<p>A produ\u00e7\u00e3o musical valoriza compositores que escreveram sucessos, mas nem sempre t\u00eam o devido reconhecimento e espa\u00e7o na m\u00eddia. Teresa Cristina recebe nomes como Alex Ribeiro, Alfredo Del-Penho, Claudio Jorge,\u00a0Mariene\u00a0de Castro, Moyseis Marques, Serginho Meriti, Toninho Geraes e Z\u00e9 Roberto. Artistas como Lu\u00edsa Dion\u00edsio, Marina \u00cdris, Nego \u00c1lvaro e Mingo Silva s\u00e3o outros convidados da temporada.\u00a0<\/p>\n<p>O <em>Samba na Gamboa<\/em>\u00a0ainda traz nessa sequ\u00eancia de atra\u00e7\u00f5es in\u00e9ditas uma s\u00e9rie de programas especiais que destacam a import\u00e2ncia de personalidades consagradas da sonoridade tipicamente nacional. Os conte\u00fados tem\u00e1ticos reverenciam o trabalho de Arlindo Cruz, Chico Buarque e Paulinho da Viola.\u00a0<\/p>\n<p>O canal p\u00fablico tamb\u00e9m exibe edi\u00e7\u00f5es tem\u00e1ticas que prestam tributo a \u00edcones que j\u00e1 partiram como Aldir Blanc, Almir Guineto, Beth Carvalho, Candeia, Clara Nunes, Dona Ivone Lara, Elizeth Cardoso, Elton Medeiros, Lupic\u00ednio Rodrigues, Monarco, Nelson Cavaquinho, Nelson Sargento, Reinaldo, Wilson Moreira e Z\u00e9 Keti.\u00a0<\/p>\n<p>Com dire\u00e7\u00e3o de\u00a0Shirlene\u00a0Paix\u00e3o, o programa tem roteiro e pesquisa do jornalista Leonardo Bruno, profundo conhecedor do samba.\u00a0<\/p>\n<h2>Servi\u00e7o\u00a0<\/h2>\n<p><strong>Samba na Gamboa\u00a0com Dudu Nobre\u00a0\u2013\u00a0Domingo, dia 26\/4, \u00e0s 13h, na TV Brasil\u00a0<\/strong><\/p>\n<p>Ao vivo e\u00a0on\u00a0demand\u00a0\u00a0\u00a0<\/p>\n<p>Acompanhe a programa\u00e7\u00e3o da TV Brasil\u00a0pelo canal aberto, TV por assinatura e parab\u00f3lica. Sintonize: https:\/\/tvbrasil.ebc.com.br\/comosintonizar.\u00a0\u00a0\u00a0<\/p>\n<p>Seus programas favoritos est\u00e3o no TV Brasil Play, pelo site http:\/\/tvbrasilplay.com.br\u00a0ou por aplicativo no smartphone. O app pode ser baixado gratuitamente e est\u00e1 dispon\u00edvel para Android e iOS. Assista tamb\u00e9m pela WebTV: https:\/\/tvbrasil.ebc.com.br\/webtv.\u00a0\u00a0\u00a0<\/p>\n<p>\u00a0<\/p>\n<p>\u00a0<\/p>\n<\/div>\n","protected":false},"excerpt":{"rendered":"<p>Por MRNews A TV Brasil\u00a0leva ao ar, neste domingo (26), \u00e0s 13h, o programa Samba na Gamboa\u00a0com a presen\u00e7a de Dudu Nobre. Na atra\u00e7\u00e3o comandada por Teresa Cristina, o sambista apresenta grandes sucessos e as hist\u00f3rias que marcaram sua carreira.\u00a0 Cantor e compositor, Dudu Nobre come\u00e7ou a estudar m\u00fasica ainda na inf\u00e2ncia, aos 5 anos &#8230; <a title=\"Samba da Gamboa recebe o cantor e compositor Dudu Nobre neste domingo\" class=\"read-more\" href=\"https:\/\/ubajaranoticias.com.br\/index.php\/2026\/04\/25\/samba-da-gamboa-recebe-o-cantor-e-compositor-dudu-nobre-neste-domingo\/\" aria-label=\"Read more about Samba da Gamboa recebe o cantor e compositor Dudu Nobre neste domingo\">Ler mais<\/a><\/p>\n","protected":false},"author":1,"featured_media":0,"comment_status":"","ping_status":"","sticky":false,"template":"","format":"standard","meta":{"footnotes":""},"categories":[1],"tags":[],"class_list":["post-37731","post","type-post","status-publish","format-standard","hentry","category-blog"],"amp_enabled":true,"_links":{"self":[{"href":"https:\/\/ubajaranoticias.com.br\/index.php\/wp-json\/wp\/v2\/posts\/37731","targetHints":{"allow":["GET"]}}],"collection":[{"href":"https:\/\/ubajaranoticias.com.br\/index.php\/wp-json\/wp\/v2\/posts"}],"about":[{"href":"https:\/\/ubajaranoticias.com.br\/index.php\/wp-json\/wp\/v2\/types\/post"}],"author":[{"embeddable":true,"href":"https:\/\/ubajaranoticias.com.br\/index.php\/wp-json\/wp\/v2\/users\/1"}],"replies":[{"embeddable":true,"href":"https:\/\/ubajaranoticias.com.br\/index.php\/wp-json\/wp\/v2\/comments?post=37731"}],"version-history":[{"count":0,"href":"https:\/\/ubajaranoticias.com.br\/index.php\/wp-json\/wp\/v2\/posts\/37731\/revisions"}],"wp:attachment":[{"href":"https:\/\/ubajaranoticias.com.br\/index.php\/wp-json\/wp\/v2\/media?parent=37731"}],"wp:term":[{"taxonomy":"category","embeddable":true,"href":"https:\/\/ubajaranoticias.com.br\/index.php\/wp-json\/wp\/v2\/categories?post=37731"},{"taxonomy":"post_tag","embeddable":true,"href":"https:\/\/ubajaranoticias.com.br\/index.php\/wp-json\/wp\/v2\/tags?post=37731"}],"curies":[{"name":"wp","href":"https:\/\/api.w.org\/{rel}","templated":true}]}}