{"id":37730,"date":"2026-04-25T14:56:16","date_gmt":"2026-04-25T17:56:16","guid":{"rendered":"https:\/\/ubajaranoticias.com.br\/index.php\/2026\/04\/25\/cpraio-da-pmce-captura-quatro-suspeitos-e-apreende-revolver-na-ce-187-em-ibiapina\/"},"modified":"2026-04-25T14:56:16","modified_gmt":"2026-04-25T17:56:16","slug":"cpraio-da-pmce-captura-quatro-suspeitos-e-apreende-revolver-na-ce-187-em-ibiapina","status":"publish","type":"post","link":"https:\/\/ubajaranoticias.com.br\/index.php\/2026\/04\/25\/cpraio-da-pmce-captura-quatro-suspeitos-e-apreende-revolver-na-ce-187-em-ibiapina\/","title":{"rendered":"CPRAIO da PMCE captura quatro suspeitos e apreende rev\u00f3lver na CE-187, em Ibiapina"},"content":{"rendered":"<p><\/p>\n<div id=\"\">&#13;<br \/>\n        &#13;<br \/>\n            &#13;<br \/>\n&#13;<br \/>\n            &#13;<br \/>\n&#13;<\/p>\n<h3 class=\"subtitulo  data  -bold\">&#13;<br \/>\n                25 de abril de 2026 &#8211; 13:30&#13;<br \/>\n                            <\/h3>\n<p>&#13;<br \/>\n&#13;<br \/>\n            &#13;<\/p>\n<p style=\"text-align: center\">\n<p>A Pol\u00edcia Militar do Cear\u00e1 (PMCE), por meio de equipes do Comando de Policiamento de Rondas de A\u00e7\u00f5es Intensivas e Ostensivas (CPRAIO), realizou a captura de quatro homens e apreendeu um rev\u00f3lver calibre .38, na noite dessa sexta-feira (24), na CE-187, no S\u00edtio Barroquinha, em Ibiapina. A a\u00e7\u00e3o ocorreu ap\u00f3s informa\u00e7\u00f5es da Subag\u00eancia de Intelig\u00eancia (SAI) sobre um suspeito com mandado de pris\u00e3o em aberto que estaria se deslocando para o munic\u00edpio.<\/p>\n<p>Diante das informa\u00e7\u00f5es, as equipes montaram uma barreira policial na rodovia para intercepta\u00e7\u00e3o do ve\u00edculo suspeito. Ap\u00f3s diversas abordagens, um carro foi parado com quatro ocupantes. Durante a verifica\u00e7\u00e3o, foi constatado que um dos indiv\u00edduos possu\u00eda mandado de pris\u00e3o em aberto, enquanto outro estava em posse de uma arma de fogo.<\/p>\n<p>Conforme relato dos abordados, o grupo tinha a inten\u00e7\u00e3o de praticar um roubo na cidade de Ibiapina. Al\u00e9m da arma, tamb\u00e9m foram apreendidos um ve\u00edculo Chevrolet Celta, de cor prata, e um aparelho celular.<\/p>\n<p>O material e os suspeitos foram encaminhados \u00e0 Delegacia Regional de Tiangu\u00e1, onde foi feita autua\u00e7\u00e3o por porte ilegal de arma de fogo de um homem de 19 anos, os demais foram ouvidos como testemunhas. Tamb\u00e9m foi dado cumprimento do mandado de pris\u00e3o de um homem de 37 anos por furto qualificado, roubo e porte ilegal de arma de fogo.<\/p>\n<p>O suspeito de 37 anos possui antecedentes criminais por tr\u00e1fico de drogas, apropria\u00e7\u00e3o ind\u00e9bita e os demais do mandado de pris\u00e3o. Uma testemunha de 33 anos por perturba\u00e7\u00e3o do trabalho ou do sossego alheios.<\/p>\n<p style=\"text-align: center\">\n<p style=\"text-align: center\">\n<p>Assessoria de Comunica\u00e7\u00e3o da PMCE<\/p>\n<p>&#13;<br \/>\n            &#13;<br \/>\n&#13;<br \/>\n&#13;\n        <\/p><\/div>\n","protected":false},"excerpt":{"rendered":"<p>&#13; &#13; &#13; &#13; &#13; &#13; &#13; 25 de abril de 2026 &#8211; 13:30&#13; &#13; &#13; &#13; A Pol\u00edcia Militar do Cear\u00e1 (PMCE), por meio de equipes do Comando de Policiamento de Rondas de A\u00e7\u00f5es Intensivas e Ostensivas (CPRAIO), realizou a captura de quatro homens e apreendeu um rev\u00f3lver calibre .38, na noite dessa sexta-feira &#8230; <a title=\"CPRAIO da PMCE captura quatro suspeitos e apreende rev\u00f3lver na CE-187, em Ibiapina\" class=\"read-more\" href=\"https:\/\/ubajaranoticias.com.br\/index.php\/2026\/04\/25\/cpraio-da-pmce-captura-quatro-suspeitos-e-apreende-revolver-na-ce-187-em-ibiapina\/\" aria-label=\"Read more about CPRAIO da PMCE captura quatro suspeitos e apreende rev\u00f3lver na CE-187, em Ibiapina\">Ler mais<\/a><\/p>\n","protected":false},"author":1,"featured_media":17730,"comment_status":"","ping_status":"","sticky":false,"template":"","format":"standard","meta":{"footnotes":""},"categories":[3],"tags":[],"class_list":["post-37730","post","type-post","status-publish","format-standard","has-post-thumbnail","hentry","category-noticias"],"amp_enabled":true,"_links":{"self":[{"href":"https:\/\/ubajaranoticias.com.br\/index.php\/wp-json\/wp\/v2\/posts\/37730","targetHints":{"allow":["GET"]}}],"collection":[{"href":"https:\/\/ubajaranoticias.com.br\/index.php\/wp-json\/wp\/v2\/posts"}],"about":[{"href":"https:\/\/ubajaranoticias.com.br\/index.php\/wp-json\/wp\/v2\/types\/post"}],"author":[{"embeddable":true,"href":"https:\/\/ubajaranoticias.com.br\/index.php\/wp-json\/wp\/v2\/users\/1"}],"replies":[{"embeddable":true,"href":"https:\/\/ubajaranoticias.com.br\/index.php\/wp-json\/wp\/v2\/comments?post=37730"}],"version-history":[{"count":0,"href":"https:\/\/ubajaranoticias.com.br\/index.php\/wp-json\/wp\/v2\/posts\/37730\/revisions"}],"wp:featuredmedia":[{"embeddable":true,"href":"https:\/\/ubajaranoticias.com.br\/index.php\/wp-json\/wp\/v2\/media\/17730"}],"wp:attachment":[{"href":"https:\/\/ubajaranoticias.com.br\/index.php\/wp-json\/wp\/v2\/media?parent=37730"}],"wp:term":[{"taxonomy":"category","embeddable":true,"href":"https:\/\/ubajaranoticias.com.br\/index.php\/wp-json\/wp\/v2\/categories?post=37730"},{"taxonomy":"post_tag","embeddable":true,"href":"https:\/\/ubajaranoticias.com.br\/index.php\/wp-json\/wp\/v2\/tags?post=37730"}],"curies":[{"name":"wp","href":"https:\/\/api.w.org\/{rel}","templated":true}]}}