{"id":37723,"date":"2026-04-25T10:02:30","date_gmt":"2026-04-25T13:02:30","guid":{"rendered":"https:\/\/ubajaranoticias.com.br\/index.php\/2026\/04\/25\/mercado-alimentace-abre-inscricoes-para-a-3a-edicao-do-projeto-hortas-comunitarias\/"},"modified":"2026-04-25T10:02:30","modified_gmt":"2026-04-25T13:02:30","slug":"mercado-alimentace-abre-inscricoes-para-a-3a-edicao-do-projeto-hortas-comunitarias","status":"publish","type":"post","link":"https:\/\/ubajaranoticias.com.br\/index.php\/2026\/04\/25\/mercado-alimentace-abre-inscricoes-para-a-3a-edicao-do-projeto-hortas-comunitarias\/","title":{"rendered":"Mercado AlimentaCE abre inscri\u00e7\u00f5es para a 3\u00aa edi\u00e7\u00e3o do projeto Hortas Comunit\u00e1rias"},"content":{"rendered":"<p><\/p>\n<p class=\"has-text-align-center\"><em>Projeto selecionar\u00e1 oito bolsistas do Moura Brasil e bairros adjacentes para difundir a\u00e7\u00f5es de desenvolvimento sustent\u00e1vel<\/em><\/p>\n<p>Est\u00e3o abertas, de 24 de abril a 3 de maio, as inscri\u00e7\u00f5es gratuitas para a 3\u00aa edi\u00e7\u00e3o do Projeto Hortas Comunit\u00e1rias AlimentaCE, iniciativa do Mercado AlimentaCE. O edital vai selecionar oito pessoas, residentes dos bairros Moura Brasil, Centro, Graviola, Pirambu e Po\u00e7o da Draga, para participar de atividades formativas e pr\u00e1ticas integrantes do Programa Comida, Cultura e Natureza voltadas \u00e0 agricultura urbana, cultura alimentar e fortalecimento comunit\u00e1rio. <strong>Acesse aqui edital completo<\/strong>. O Mercado \u00e9 um equipamento da Secretaria da Cultura do Cear\u00e1 (Secult Cear\u00e1) gerido em parceria com o Instituto Mirante.<\/p>\n<p>A proposta do projeto \u00e9 transformar espa\u00e7os urbanos em territ\u00f3rios f\u00e9rteis de aprendizagem, conviv\u00eancia e produ\u00e7\u00e3o de alimentos, articulando cultura, meio ambiente e cidadania. Ao longo de quatro meses, os participantes ir\u00e3o vivenciar um percurso formativo que combina reflex\u00f5es sobre sistemas alimentares com pr\u00e1ticas de cultivo agroecol\u00f3gico.<\/p>\n<p>As hortas comunit\u00e1rias s\u00e3o compreendidas como espa\u00e7os de ensino e aprendizagem que contribuem para o debate sobre pol\u00edticas alimentares, identidade cultural e seguran\u00e7a alimentar. A iniciativa busca qualificar e expandir esses espa\u00e7os no territ\u00f3rio, promovendo acesso a alimentos saud\u00e1veis e fortalecendo v\u00ednculos comunit\u00e1rios.<\/p>\n<p>Durante o projeto, as pessoas bolsistas participar\u00e3o de atividades formativas organizadas em quatro m\u00f3dulos: \u201cAgriculturas, territ\u00f3rio e transi\u00e7\u00e3o agroecol\u00f3gica\u201d; \u201cSementes, solo vivo e produ\u00e7\u00e3o de alimentos\u201d; \u201cBiodiversidade, agrofloresta e poliniza\u00e7\u00e3o\u201d; e \u201cCultura alimentar, sa\u00fade e sistemas alimentares\u201d.&nbsp;<\/p>\n<p>A forma\u00e7\u00e3o inclui momentos te\u00f3ricos e pr\u00e1ticos, totalizando 340 horas de atividades, com direito a certificado para as pessoas bolsistas que cumprirem o m\u00ednimo de 75% de frequ\u00eancia.<\/p>\n<p><strong>Sobre o Projeto<\/strong><\/p>\n<p>O Projeto Hortas Comunit\u00e1rias AlimentaCE, consolidado em 2024; integra o Programa Comida, Cultura e Natureza, que tem como objetivo promover o desenvolvimento sustent\u00e1vel, valorizar a sociobiodiversidade e fortalecer saberes ligados \u00e0 cultura alimentar. O programa \u00e9 desenvolvido pelo N\u00facleo de Pesquisa e Desenvolvimento do Mercado AlimentaCE.<\/p>\n<p>Segundo Manjari Ikeda, coordenadora de Desenvolvimento do Mercado AlimentaCE, o projeto j\u00e1 demonstra impactos concretos nos territ\u00f3rios desde as edi\u00e7\u00f5es anteriores. \u201cAs duas edi\u00e7\u00f5es anteriores criaram boas condi\u00e7\u00f5es de continuidade. As hortas n\u00e3o ficaram inativas no per\u00edodo sem bolsistas remunerados. A comunidade abra\u00e7ou e mant\u00e9m o cuidado e zelo pelas \u00e1reas de cultivo que foram constru\u00eddas\u201d, destaca.&nbsp;<\/p>\n<p>Sobre a nova edi\u00e7\u00e3o, Manjari explica que o percurso formativo ganha ainda mais estrutura. \u201cTeremos forma\u00e7\u00f5es organizadas em m\u00f3dulos e a integra\u00e7\u00e3o com pessoas de diferentes territ\u00f3rios e \u00e1reas, com o intuito de fortalecer os argumentos e os conceitos com os quais trabalhamos\u201d, pontua.&nbsp;<\/p>\n<p><strong>Sobre a bolsa<\/strong><\/p>\n<p>Do total de vagas ofertadas, tr\u00eas s\u00e3o destinadas a participantes de edi\u00e7\u00f5es anteriores e cinco a novos integrantes. As pessoas selecionadas receber\u00e3o bolsa no valor de R$ 4.400,00, pagos em quatro parcelas mensais de R$ 1.100.&nbsp;<\/p>\n<p>O projeto \u00e9 voltado para pessoas com mais de 16 anos, residentes nos territ\u00f3rios do Moura Brasil, Centro, Graviola, Pirambu e Po\u00e7o da Draga, em Fortaleza (CE). Al\u00e9m dos crit\u00e9rios obrigat\u00f3rios, \u00e9 desej\u00e1vel que os candidatos tenham interesse em temas como seguran\u00e7a alimentar, sustentabilidade, agroecologia e atua\u00e7\u00e3o comunit\u00e1ria.<\/p>\n<p><strong>Sobre as inscri\u00e7\u00f5es<\/strong><\/p>\n<p>As inscri\u00e7\u00f5es s\u00e3o gratuitas e devem ser feitas exclusivamente de forma online, mediante preenchimento de formul\u00e1rio e envio da documenta\u00e7\u00e3o exigida no site oficial do Instituo Mirante. O resultado final est\u00e1 previsto para o dia 2 de junho, com in\u00edcio das atividades no mesmo m\u00eas.<\/p>\n<p>A sele\u00e7\u00e3o ser\u00e1 realizada em tr\u00eas etapas: habilita\u00e7\u00e3o das inscri\u00e7\u00f5es, an\u00e1lise de carta ou v\u00eddeo de inten\u00e7\u00e3o e entrevistas coletivas. Ao final do processo, tamb\u00e9m ser\u00e1 formada uma lista de classific\u00e1veis para poss\u00edveis convoca\u00e7\u00f5es futuras.<\/p>\n<p>Pontos de apoio e tira-d\u00favidas presenciais estar\u00e3o dispon\u00edveis para auxiliar os interessados, conforme o seguinte cronograma:\u00a0<\/p>\n<p><strong>Dia 28 de abril de 2026, das 16h \u00e0s 19h30<\/strong><\/p>\n<p>Rua Padre Moror\u00f3, 300 &#8211; Moura Brasil &#8211; Pra\u00e7a do muri\u00e7oca<strong>&nbsp;<\/strong><\/p>\n<p><strong>Dia 29 de abril de 2026, das 16h \u00e0s 18h<\/strong><\/p>\n<p>Travessa Jo\u00e3o Felipe, 116, Moura Brasil &#8211; Revival<\/p>\n<p><strong>Dia 30 de abril de 2026, das 13h \u00e0s 17h<\/strong><\/p>\n<p>Bistr\u00f4 do Mercado AlimentaCE &#8211; Rua Dr. Jo\u00e3o Moreira, 540, Centro<\/p>\n<p>Use tamb\u00e9m o e-mail para tirar d\u00favidas:<\/p>\n<p>edital.mercadoalimentace@institutomirante.org<\/p>\n<p><strong>S<\/strong>ervi\u00e7o<\/p>\n<p><strong>EDITAL HORTAS COMUNIT\u00c1RIAS 2026 &#8211; Edital n. 13\/2026<\/strong><\/p>\n<p>Lan\u00e7amento &#8211; 24 de abril de 2026<\/p>\n<p>Inscri\u00e7\u00f5es &#8211; 24 de abril a 3 de maio de 2026<\/p>\n<p>Resultado da fase de inscri\u00e7\u00e3o &#8211; 13 de maio de 2026<\/p>\n<p>Resultado da an\u00e1lise t\u00e9cnica de cartas ou v\u00eddeos de inten\u00e7\u00e3o &#8211; 22 de maio de 2026<\/p>\n<p>Entrevistas &#8211; 26 de maio de 2026<\/p>\n<p>Resultado final &#8211; 2 de junho de 2026<\/p>\n<p>Assinatura do Termo de Pessoa Bolsista &#8211; 3, 4 e 5 de junho de 2026<\/p>\n<p>In\u00edcio das atividades &#8211; Junho de 2026<\/p>\n<p>Link para edital completo: https:\/\/institutomirante.org\/tipo-editais\/3o-edital-hortas-comunitarias-alimentace\/<\/p>\n<p>Link para inscri\u00e7\u00e3o: https:\/\/bit.ly\/editalhortas3<br \/>D\u00favidas: edital.mercadoalimentace@instituomirante.org<\/p>\n<\/p>\n<p>O post Mercado AlimentaCE abre inscri\u00e7\u00f5es para a 3\u00aa edi\u00e7\u00e3o do projeto Hortas Comunit\u00e1rias apareceu primeiro em Governo do Estado do Cear\u00e1.<\/p>\n","protected":false},"excerpt":{"rendered":"<p>Projeto selecionar\u00e1 oito bolsistas do Moura Brasil e bairros adjacentes para difundir a\u00e7\u00f5es de desenvolvimento sustent\u00e1vel Est\u00e3o abertas, de 24 de abril a 3 de maio, as inscri\u00e7\u00f5es gratuitas para a 3\u00aa edi\u00e7\u00e3o do Projeto Hortas Comunit\u00e1rias AlimentaCE, iniciativa do Mercado AlimentaCE. O edital vai selecionar oito pessoas, residentes dos bairros Moura Brasil, Centro, Graviola, &#8230; <a title=\"Mercado AlimentaCE abre inscri\u00e7\u00f5es para a 3\u00aa edi\u00e7\u00e3o do projeto Hortas Comunit\u00e1rias\" class=\"read-more\" href=\"https:\/\/ubajaranoticias.com.br\/index.php\/2026\/04\/25\/mercado-alimentace-abre-inscricoes-para-a-3a-edicao-do-projeto-hortas-comunitarias\/\" aria-label=\"Read more about Mercado AlimentaCE abre inscri\u00e7\u00f5es para a 3\u00aa edi\u00e7\u00e3o do projeto Hortas Comunit\u00e1rias\">Ler mais<\/a><\/p>\n","protected":false},"author":1,"featured_media":17730,"comment_status":"","ping_status":"","sticky":false,"template":"","format":"standard","meta":{"footnotes":""},"categories":[3],"tags":[],"class_list":["post-37723","post","type-post","status-publish","format-standard","has-post-thumbnail","hentry","category-noticias"],"amp_enabled":true,"_links":{"self":[{"href":"https:\/\/ubajaranoticias.com.br\/index.php\/wp-json\/wp\/v2\/posts\/37723","targetHints":{"allow":["GET"]}}],"collection":[{"href":"https:\/\/ubajaranoticias.com.br\/index.php\/wp-json\/wp\/v2\/posts"}],"about":[{"href":"https:\/\/ubajaranoticias.com.br\/index.php\/wp-json\/wp\/v2\/types\/post"}],"author":[{"embeddable":true,"href":"https:\/\/ubajaranoticias.com.br\/index.php\/wp-json\/wp\/v2\/users\/1"}],"replies":[{"embeddable":true,"href":"https:\/\/ubajaranoticias.com.br\/index.php\/wp-json\/wp\/v2\/comments?post=37723"}],"version-history":[{"count":0,"href":"https:\/\/ubajaranoticias.com.br\/index.php\/wp-json\/wp\/v2\/posts\/37723\/revisions"}],"wp:featuredmedia":[{"embeddable":true,"href":"https:\/\/ubajaranoticias.com.br\/index.php\/wp-json\/wp\/v2\/media\/17730"}],"wp:attachment":[{"href":"https:\/\/ubajaranoticias.com.br\/index.php\/wp-json\/wp\/v2\/media?parent=37723"}],"wp:term":[{"taxonomy":"category","embeddable":true,"href":"https:\/\/ubajaranoticias.com.br\/index.php\/wp-json\/wp\/v2\/categories?post=37723"},{"taxonomy":"post_tag","embeddable":true,"href":"https:\/\/ubajaranoticias.com.br\/index.php\/wp-json\/wp\/v2\/tags?post=37723"}],"curies":[{"name":"wp","href":"https:\/\/api.w.org\/{rel}","templated":true}]}}