{"id":37711,"date":"2026-04-24T23:32:23","date_gmt":"2026-04-25T02:32:23","guid":{"rendered":"https:\/\/ubajaranoticias.com.br\/index.php\/2026\/04\/24\/set-inicia-capacitacoes-em-caninde\/"},"modified":"2026-04-24T23:32:23","modified_gmt":"2026-04-25T02:32:23","slug":"set-inicia-capacitacoes-em-caninde","status":"publish","type":"post","link":"https:\/\/ubajaranoticias.com.br\/index.php\/2026\/04\/24\/set-inicia-capacitacoes-em-caninde\/","title":{"rendered":"SET inicia capacita\u00e7\u00f5es em Canind\u00e9"},"content":{"rendered":"<p><\/p>\n<p>Teve in\u00edcio nesta quarta-feira (22) a jornada de forma\u00e7\u00e3o profissional do Qualificar+ em Canind\u00e9. A iniciativa, que tem como meta capacitar mais de 100 cidad\u00e3os para o mercado de trabalho da cidade e regi\u00e3o, realizou sua aula inaugural no Centro de Comercializa\u00e7\u00e3o e Cultura da Agricultura Familiar.<\/p>\n<p>O Qualificar+ \u00e9 um programa do Governo do Cear\u00e1, por meio da Secretaria do Trabalho (SET). No munic\u00edpio, a a\u00e7\u00e3o ser\u00e1 executada pelo Instituto de Desenvolvimento do Trabalho (IDT). A iniciativa busca ampliar oportunidades de ocupa\u00e7\u00e3o e renda para a popula\u00e7\u00e3o jovem e adulta, com foco em setores estrat\u00e9gicos para a economia local. Em Canind\u00e9, o cronograma de cursos inclui forma\u00e7\u00f5es em turismo, eletricidade e cuidados com idosos.<\/p>\n<figure class=\"wp-block-image size-large\"><\/figure>\n<p>Participaram da solenidade o secret\u00e1rio do Trabalho do Cear\u00e1, Vladyson Viana, o prefeito Professor Jardel, o presidente da C\u00e2mara dos Dirigentes Logistas de Canind\u00e9 (CDL), Elenilton Sousa, parlamentares, e demais autoridades da gest\u00e3o municipal. Tamb\u00e9m esteve presente a gestora da Unidade de Atendimento do IDT\/Sine na cidade, Henriqueta Bianor e a equipe pedag\u00f3gica do IDT.<\/p>\n<figure class=\"wp-block-image size-large\"><\/figure>\n<p>O titular da pasta trabalho no estado, Vladyson Viana, reiterou que promover emprego e renda como ferramenta de inclus\u00e3o e autonomia \u00e9 miss\u00e3o priorit\u00e1ria para o governo. \u201cDurante a aula inaugural eu pude conversar com trabalhadores que v\u00eaem na qualifica\u00e7\u00e3o uma nova oportunidade de seguir um caminho diferente, buscando conhecimento, alinhando a teoria com a pr\u00e1tica e fortalecendo suas chances de construir uma jornada de sucesso no mercado de trabalho. \u00c9 criando oportunidades, ouvindo as necessidades e trabalhando com efetividade que vamos melhorar cada vez mais a vida do povo cearense\u201d, refor\u00e7a.<\/p>\n<h3 class=\"wp-block-heading\">Parceria, desenvolvimento e novas frentes de trabalho<\/h3>\n<figure class=\"wp-block-image size-large\"><\/figure>\n<p>O prefeito Professor Jardel enfatizou que a parceria com o governo do estado para a educa\u00e7\u00e3o profissional \u00e9 o motor para o crescimento econ\u00f4mico da cidade. Segundo o gestor, o projeto prepara a m\u00e3o de obra para aproveitar o fluxo gerado por novas obras e investimentos que chegam ao munic\u00edpio, especialmente nos eixos de servi\u00e7os e turismo religioso.<\/p>\n<h3 class=\"wp-block-heading\">Detalhes das forma\u00e7\u00f5es<\/h3>\n<p>As aulas ter\u00e3o dura\u00e7\u00e3o de 25 dias e ser\u00e3o sediadas na Escola Frei Orlando. Os eixos contemplados nesta etapa s\u00e3o: Recepcionista em Turismo, Eletricidade B\u00e1sica e Cuidador de Idosos.<\/p>\n<p>Os cursos s\u00e3o 100% gratuitos e oferecem kit completo aos participantes, incluindo uniforme, lanche e a certifica\u00e7\u00e3o ao final do per\u00edodo letivo.<\/p>\n<h3 class=\"wp-block-heading\">Sobre o Qualificar+<\/h3>\n<p>O Qualificar+ \u00e9 um programa do Governo do Cear\u00e1, operacionalizado pela Secretaria do Trabalho (SET) em parceria com o Instituto de Desenvolvimento do Trabalho (IDT) e o Instituto Centec. Criada em agosto de 2024, a iniciativa foca na inclus\u00e3o sociodigital e na inser\u00e7\u00e3o produtiva dos cidad\u00e3os, visando gerar emprego, renda e autonomia financeira.<\/p>\n<p>De janeiro de 2025 a fevereiro de 2026, o programa beneficiou mais de 9 mil pessoas em a\u00e7\u00f5es de qualifica\u00e7\u00e3o profissional no Cear\u00e1, beneficiando trabalhadores em geral e p\u00fablicos priorit\u00e1rios em situa\u00e7\u00e3o de vulnerabilidade social.<\/p>\n<p>O post SET inicia capacita\u00e7\u00f5es em Canind\u00e9 apareceu primeiro em Governo do Estado do Cear\u00e1.<\/p>\n","protected":false},"excerpt":{"rendered":"<p>Teve in\u00edcio nesta quarta-feira (22) a jornada de forma\u00e7\u00e3o profissional do Qualificar+ em Canind\u00e9. A iniciativa, que tem como meta capacitar mais de 100 cidad\u00e3os para o mercado de trabalho da cidade e regi\u00e3o, realizou sua aula inaugural no Centro de Comercializa\u00e7\u00e3o e Cultura da Agricultura Familiar. O Qualificar+ \u00e9 um programa do Governo do &#8230; <a title=\"SET inicia capacita\u00e7\u00f5es em Canind\u00e9\" class=\"read-more\" href=\"https:\/\/ubajaranoticias.com.br\/index.php\/2026\/04\/24\/set-inicia-capacitacoes-em-caninde\/\" aria-label=\"Read more about SET inicia capacita\u00e7\u00f5es em Canind\u00e9\">Ler mais<\/a><\/p>\n","protected":false},"author":1,"featured_media":17730,"comment_status":"","ping_status":"","sticky":false,"template":"","format":"standard","meta":{"footnotes":""},"categories":[3],"tags":[],"class_list":["post-37711","post","type-post","status-publish","format-standard","has-post-thumbnail","hentry","category-noticias"],"amp_enabled":true,"_links":{"self":[{"href":"https:\/\/ubajaranoticias.com.br\/index.php\/wp-json\/wp\/v2\/posts\/37711","targetHints":{"allow":["GET"]}}],"collection":[{"href":"https:\/\/ubajaranoticias.com.br\/index.php\/wp-json\/wp\/v2\/posts"}],"about":[{"href":"https:\/\/ubajaranoticias.com.br\/index.php\/wp-json\/wp\/v2\/types\/post"}],"author":[{"embeddable":true,"href":"https:\/\/ubajaranoticias.com.br\/index.php\/wp-json\/wp\/v2\/users\/1"}],"replies":[{"embeddable":true,"href":"https:\/\/ubajaranoticias.com.br\/index.php\/wp-json\/wp\/v2\/comments?post=37711"}],"version-history":[{"count":0,"href":"https:\/\/ubajaranoticias.com.br\/index.php\/wp-json\/wp\/v2\/posts\/37711\/revisions"}],"wp:featuredmedia":[{"embeddable":true,"href":"https:\/\/ubajaranoticias.com.br\/index.php\/wp-json\/wp\/v2\/media\/17730"}],"wp:attachment":[{"href":"https:\/\/ubajaranoticias.com.br\/index.php\/wp-json\/wp\/v2\/media?parent=37711"}],"wp:term":[{"taxonomy":"category","embeddable":true,"href":"https:\/\/ubajaranoticias.com.br\/index.php\/wp-json\/wp\/v2\/categories?post=37711"},{"taxonomy":"post_tag","embeddable":true,"href":"https:\/\/ubajaranoticias.com.br\/index.php\/wp-json\/wp\/v2\/tags?post=37711"}],"curies":[{"name":"wp","href":"https:\/\/api.w.org\/{rel}","templated":true}]}}