{"id":37710,"date":"2026-04-24T23:20:26","date_gmt":"2026-04-25T02:20:26","guid":{"rendered":"https:\/\/ubajaranoticias.com.br\/index.php\/2026\/04\/24\/apos-acordo-com-reitoria-funcionarios-da-usp-encerram-greve\/"},"modified":"2026-04-24T23:20:26","modified_gmt":"2026-04-25T02:20:26","slug":"apos-acordo-com-reitoria-funcionarios-da-usp-encerram-greve","status":"publish","type":"post","link":"https:\/\/ubajaranoticias.com.br\/index.php\/2026\/04\/24\/apos-acordo-com-reitoria-funcionarios-da-usp-encerram-greve\/","title":{"rendered":"Ap\u00f3s acordo com reitoria, funcion\u00e1rios da USP encerram greve"},"content":{"rendered":"<p> Por MRNews<br \/>\n<\/p>\n<div wp_automatic_readability=\"40.733435270133\">\n<p><strong>Os servidores t\u00e9cnicos e administrativos da Universidade de S\u00e3o Paulo (USP) encerraram a greve iniciada h\u00e1 10 dias, ap\u00f3s acordo entre a reitoria da Universidade e o Sindicato dos Trabalhadores da USP (Sintusp). <\/strong>A categoria entrou em greve no \u00faltimo dia 14, pleiteando isonomia em rela\u00e7\u00e3o a gratifica\u00e7\u00f5es que foram dadas aos docentes.\u00a0<\/p>\n<p><strong>A Universidade informou que ir\u00e1 igualar o recurso destinado a gratifica\u00e7\u00f5es para as duas categorias.<\/strong>\u00a0O pagamento das gratifica\u00e7\u00f5es depende ainda de envio de proposta estruturada para \u00f3rg\u00e3os t\u00e9cnicos da Universidade, n\u00e3o havendo previs\u00e3o da data de in\u00edcio.\u00a0<\/p>\n<p><strong>Tamb\u00e9m foi firmado compromisso para a formaliza\u00e7\u00e3o do abono das horas n\u00e3o trabalhadas em per\u00edodos de \u201cpontes\u201d de feriados e recesso de final de ano.\u00a0<\/strong><\/p>\n<p><strong><a href=\"https:\/\/mrnews.com.br\/index.php\/2026\/04\/24\/milena-surpreende-apos-o-bbb26-e-decide-doar-apartamento-conquistado-no-reality\/\">Milena surpreende ap\u00f3s o BBB26 e decide doar apartamento conquistado no reality<\/a><\/strong><\/p>\n<p><strong><a href=\"https:\/\/mrnews.com.br\/index.php\/2026\/04\/24\/nunes-marques-assume-presidencia-do-tse-dia-12-de-maio\/\">Nunes Marques assume presid\u00eancia do TSE dia 12 de maio<\/a><\/strong><\/p>\n<p>A discuss\u00e3o avan\u00e7ou tamb\u00e9m no atendimento a um acordo que envolve os trabalhadores terceirizados, com o compromisso de buscar solu\u00e7\u00f5es que assegurem condi\u00e7\u00f5es de deslocamento an\u00e1logas \u00e0s oferecidas aos servidores da USP, como gratuidade no transporte dentro do campus.<\/p>\n<h2>Greve estudantil continua<\/h2>\n<p><strong>Os estudantes da Universidade mant\u00eam a paralisa\u00e7\u00e3o iniciada no dia 16 de abril. Eles protestam contra cortes no programa de bolsas, falta de vagas de moradia estudantil e no fornecimento de \u00e1gua. \u00a0<\/strong><\/p>\n<p>Ap\u00f3s reuni\u00e3o com a reitoria, foi marcada uma mesa de negocia\u00e7\u00e3o para a pr\u00f3xima ter\u00e7a-feira (28).\u00a0\u00a0<\/p>\n<p>Segundo a USP, foi revogada uma portaria que interferia nos espa\u00e7os cedidos pela USP aos centros acad\u00eamicos, impedindo o com\u00e9rcio ou a subloca\u00e7\u00e3o. A medida foi um dos maiores impulsos para a mobiliza\u00e7\u00e3o discente nesse momento.\u00a0<\/p>\n<p><strong><a href=\"https:\/\/mrnews.com.br\/index.php\/2026\/04\/24\/caixa-e-elo-diners-club-4-pontos-por-dolar-e-priority-pass-ilimitado-nova-aposta-no-alta-renda\/\">CAIXA e Elo Diners Club: 4 pontos por d\u00f3lar e Priority Pass ilimitado? Nova aposta no Alta Renda<\/a><\/strong><\/p>\n<p><strong><a href=\"https:\/\/mrnews.com.br\/index.php\/2026\/04\/24\/justica-federal-decreta-nova-prisao-de-mc-ryam-sp-e-mc-poze\/\">Justi\u00e7a Federal decreta nova pris\u00e3o de MC Ryam SP e MC Poze<\/a><\/strong><\/p>\n<\/div>\n","protected":false},"excerpt":{"rendered":"<p>Por MRNews Os servidores t\u00e9cnicos e administrativos da Universidade de S\u00e3o Paulo (USP) encerraram a greve iniciada h\u00e1 10 dias, ap\u00f3s acordo entre a reitoria da Universidade e o Sindicato dos Trabalhadores da USP (Sintusp). A categoria entrou em greve no \u00faltimo dia 14, pleiteando isonomia em rela\u00e7\u00e3o a gratifica\u00e7\u00f5es que foram dadas aos docentes.\u00a0 &#8230; <a title=\"Ap\u00f3s acordo com reitoria, funcion\u00e1rios da USP encerram greve\" class=\"read-more\" href=\"https:\/\/ubajaranoticias.com.br\/index.php\/2026\/04\/24\/apos-acordo-com-reitoria-funcionarios-da-usp-encerram-greve\/\" aria-label=\"Read more about Ap\u00f3s acordo com reitoria, funcion\u00e1rios da USP encerram greve\">Ler mais<\/a><\/p>\n","protected":false},"author":1,"featured_media":0,"comment_status":"","ping_status":"","sticky":false,"template":"","format":"standard","meta":{"footnotes":""},"categories":[1],"tags":[],"class_list":["post-37710","post","type-post","status-publish","format-standard","hentry","category-blog"],"amp_enabled":true,"_links":{"self":[{"href":"https:\/\/ubajaranoticias.com.br\/index.php\/wp-json\/wp\/v2\/posts\/37710","targetHints":{"allow":["GET"]}}],"collection":[{"href":"https:\/\/ubajaranoticias.com.br\/index.php\/wp-json\/wp\/v2\/posts"}],"about":[{"href":"https:\/\/ubajaranoticias.com.br\/index.php\/wp-json\/wp\/v2\/types\/post"}],"author":[{"embeddable":true,"href":"https:\/\/ubajaranoticias.com.br\/index.php\/wp-json\/wp\/v2\/users\/1"}],"replies":[{"embeddable":true,"href":"https:\/\/ubajaranoticias.com.br\/index.php\/wp-json\/wp\/v2\/comments?post=37710"}],"version-history":[{"count":0,"href":"https:\/\/ubajaranoticias.com.br\/index.php\/wp-json\/wp\/v2\/posts\/37710\/revisions"}],"wp:attachment":[{"href":"https:\/\/ubajaranoticias.com.br\/index.php\/wp-json\/wp\/v2\/media?parent=37710"}],"wp:term":[{"taxonomy":"category","embeddable":true,"href":"https:\/\/ubajaranoticias.com.br\/index.php\/wp-json\/wp\/v2\/categories?post=37710"},{"taxonomy":"post_tag","embeddable":true,"href":"https:\/\/ubajaranoticias.com.br\/index.php\/wp-json\/wp\/v2\/tags?post=37710"}],"curies":[{"name":"wp","href":"https:\/\/api.w.org\/{rel}","templated":true}]}}