{"id":37704,"date":"2026-04-24T20:44:21","date_gmt":"2026-04-24T23:44:21","guid":{"rendered":"https:\/\/ubajaranoticias.com.br\/index.php\/2026\/04\/24\/piquet-carneiro-sedia-2a-edicao-do-forum-de-gestores-municipais-do-trabalho\/"},"modified":"2026-04-24T20:44:21","modified_gmt":"2026-04-24T23:44:21","slug":"piquet-carneiro-sedia-2a-edicao-do-forum-de-gestores-municipais-do-trabalho","status":"publish","type":"post","link":"https:\/\/ubajaranoticias.com.br\/index.php\/2026\/04\/24\/piquet-carneiro-sedia-2a-edicao-do-forum-de-gestores-municipais-do-trabalho\/","title":{"rendered":"Piquet Carneiro sedia 2\u00aa edi\u00e7\u00e3o do F\u00f3rum de Gestores Municipais do Trabalho"},"content":{"rendered":"<p><\/p>\n<p>Nesta sexta-feira (24), o munic\u00edpio de Piquet Carneiro sediou a segunda edi\u00e7\u00e3o do F\u00f3rum de Gestores Municipais do Trabalho. O evento, realizado no Audit\u00f3rio Sabino Chagas Sales, reuniu lideran\u00e7as da Regi\u00e3o do Sert\u00e3o Central nos munic\u00edpios de Milh\u00e3, Pedra Branca e Senador Pompeu para uma programa\u00e7\u00e3o intensa de debates, apresenta\u00e7\u00f5es t\u00e9cnicas e encaminhamentos estrat\u00e9gicos.<\/p>\n<p>Promovido pela Secretaria do Trabalho (SET), em parceria com a Prefeitura de Piquet Carneiro, o encontro contou com a participa\u00e7\u00e3o do secret\u00e1rio do Trabalho, Vladyson Viana, do presidente do Instituto de Desenvolvimento do Trabalho (IDT), Raimundo Angelo, e da prefeita de Piquet Carneiro, Neila Vitoriano.<\/p>\n<p>O objetivo da iniciativa \u00e9 fortalecer a autonomia dos munic\u00edpios na gest\u00e3o de pol\u00edticas p\u00fablicas, adaptando programas de qualifica\u00e7\u00e3o e fomento ao emprego \u00e0s particularidades econ\u00f4micas de cada localidade.<\/p>\n<h3 class=\"wp-block-heading\">Fortalecimento do pacto federativo<\/h3>\n<figure class=\"wp-block-image size-large\"><\/figure>\n<p>O secret\u00e1rio Vladyson Viana, que tamb\u00e9m preside o F\u00f3rum Nacional de Secret\u00e1rios do Trabalho (Fonset), destacou que a articula\u00e7\u00e3o entre as esferas de governo \u00e9 o caminho para o sucesso das pol\u00edticas de trabalho.<\/p>\n<p>\u201cA pol\u00edtica de trabalho \u00e9 muito longeva, mas ela precisa de articula\u00e7\u00e3o e de um pacto federativo que a fa\u00e7a se desenvolver. \u00c9 isso que queremos implementar em todo o estado do Cear\u00e1. Tenho estimulado meus colegas secret\u00e1rios em todo o pa\u00eds a fazerem o mesmo, criando um movimento nacional. Este encontro \u00e9 uma sementinha que dar\u00e1 bons frutos. Se estivermos antenados com as obras estruturantes, o desenvolvimento econ\u00f4mico e a atra\u00e7\u00e3o de investimentos privados, estaremos no rumo certo e preparados para quando a oportunidade chegar\u201d, pontuou Vladyson Viana.<\/p>\n<figure class=\"wp-block-image size-large\"><\/figure>\n<p>Destacando os avan\u00e7os da atual gest\u00e3o estadual, o presidente do IDT, Raimundo Angelo refor\u00e7ou o compromisso do governo com a gera\u00e7\u00e3o de emprego. \u201cN\u00f3s temos um governo estadual que avan\u00e7ou em todas as \u00e1reas. E na \u00e1rea do trabalho foram gerados 160 postos de trabalho de carteira assinada. Nossa inten\u00e7\u00e3o com a\u00e7\u00f5es como essa \u00e9 assegurar que as pol\u00edticas p\u00fablicas de trabalho cheguem para todos, garantindo oportunidades de emprego para nosso povo\u201d, pontuou.<\/p>\n<h3 class=\"wp-block-heading\">O desafio da empregabilidade no interior<\/h3>\n<figure class=\"wp-block-image size-large\"><\/figure>\n<p>Para a prefeita Neila Vitoriano, anfitri\u00e3 do evento, o f\u00f3rum representa uma grande oportunidade para prefeitos que enfrentam o desafio de gerar renda em cidades menores.<\/p>\n<p>\u201cPiquet Carneiro sedia com muita honra este encontro, recebendo mais de doze representantes do Sert\u00e3o Central para pensarmos juntos no desenvolvimento da nossa regi\u00e3o. Agradecemos ao governador Elmano de Freitas e ao secret\u00e1rio Vladyson, pois sabemos que, nas pequenas cidades do interior, o que mais aflige a gest\u00e3o \u00e9 a falta de emprego. Precisamos de expertise para oferecer dignidade e qualidade de vida aos nossos mun\u00edcipes\u201d, afirmou a prefeita Neila Vitoriano.<\/p>\n<h3 class=\"wp-block-heading\">Conex\u00e3o com o setor privado<\/h3>\n<p>Um dos destaques da programa\u00e7\u00e3o foi a participa\u00e7\u00e3o da empresa Itaueira Alimentos, que apresentou um case sobre a integra\u00e7\u00e3o de suas atividades com a agricultura familiar no Sert\u00e3o Central, demonstrando como a parceria p\u00fablico-privada pode impulsionar a economia regional.<\/p>\n<h3 class=\"wp-block-heading\">Sobre o F\u00f3rum<\/h3>\n<p>A s\u00e9rie de encontros regionais teve in\u00edcio em agosto de 2025, na cidade de S\u00e3o Gon\u00e7alo do Amarante. Naquela ocasi\u00e3o, o evento reuniu representantes de 17 munic\u00edpios do Litoral Oeste, Vale do Curu e Regi\u00e3o Metropolitana de Fortaleza.<\/p>\n<p>O post Piquet Carneiro sedia 2\u00aa edi\u00e7\u00e3o do F\u00f3rum de Gestores Municipais do Trabalho apareceu primeiro em Governo do Estado do Cear\u00e1.<\/p>\n","protected":false},"excerpt":{"rendered":"<p>Nesta sexta-feira (24), o munic\u00edpio de Piquet Carneiro sediou a segunda edi\u00e7\u00e3o do F\u00f3rum de Gestores Municipais do Trabalho. O evento, realizado no Audit\u00f3rio Sabino Chagas Sales, reuniu lideran\u00e7as da Regi\u00e3o do Sert\u00e3o Central nos munic\u00edpios de Milh\u00e3, Pedra Branca e Senador Pompeu para uma programa\u00e7\u00e3o intensa de debates, apresenta\u00e7\u00f5es t\u00e9cnicas e encaminhamentos estrat\u00e9gicos. Promovido &#8230; <a title=\"Piquet Carneiro sedia 2\u00aa edi\u00e7\u00e3o do F\u00f3rum de Gestores Municipais do Trabalho\" class=\"read-more\" href=\"https:\/\/ubajaranoticias.com.br\/index.php\/2026\/04\/24\/piquet-carneiro-sedia-2a-edicao-do-forum-de-gestores-municipais-do-trabalho\/\" aria-label=\"Read more about Piquet Carneiro sedia 2\u00aa edi\u00e7\u00e3o do F\u00f3rum de Gestores Municipais do Trabalho\">Ler mais<\/a><\/p>\n","protected":false},"author":1,"featured_media":17730,"comment_status":"","ping_status":"","sticky":false,"template":"","format":"standard","meta":{"footnotes":""},"categories":[3],"tags":[],"class_list":["post-37704","post","type-post","status-publish","format-standard","has-post-thumbnail","hentry","category-noticias"],"amp_enabled":true,"_links":{"self":[{"href":"https:\/\/ubajaranoticias.com.br\/index.php\/wp-json\/wp\/v2\/posts\/37704","targetHints":{"allow":["GET"]}}],"collection":[{"href":"https:\/\/ubajaranoticias.com.br\/index.php\/wp-json\/wp\/v2\/posts"}],"about":[{"href":"https:\/\/ubajaranoticias.com.br\/index.php\/wp-json\/wp\/v2\/types\/post"}],"author":[{"embeddable":true,"href":"https:\/\/ubajaranoticias.com.br\/index.php\/wp-json\/wp\/v2\/users\/1"}],"replies":[{"embeddable":true,"href":"https:\/\/ubajaranoticias.com.br\/index.php\/wp-json\/wp\/v2\/comments?post=37704"}],"version-history":[{"count":0,"href":"https:\/\/ubajaranoticias.com.br\/index.php\/wp-json\/wp\/v2\/posts\/37704\/revisions"}],"wp:featuredmedia":[{"embeddable":true,"href":"https:\/\/ubajaranoticias.com.br\/index.php\/wp-json\/wp\/v2\/media\/17730"}],"wp:attachment":[{"href":"https:\/\/ubajaranoticias.com.br\/index.php\/wp-json\/wp\/v2\/media?parent=37704"}],"wp:term":[{"taxonomy":"category","embeddable":true,"href":"https:\/\/ubajaranoticias.com.br\/index.php\/wp-json\/wp\/v2\/categories?post=37704"},{"taxonomy":"post_tag","embeddable":true,"href":"https:\/\/ubajaranoticias.com.br\/index.php\/wp-json\/wp\/v2\/tags?post=37704"}],"curies":[{"name":"wp","href":"https:\/\/api.w.org\/{rel}","templated":true}]}}