{"id":37703,"date":"2026-04-24T20:18:40","date_gmt":"2026-04-24T23:18:40","guid":{"rendered":"https:\/\/ubajaranoticias.com.br\/index.php\/2026\/04\/24\/anac-estabelece-restricoes-para-transporte-de-power-banks-em-avioes\/"},"modified":"2026-04-24T20:18:40","modified_gmt":"2026-04-24T23:18:40","slug":"anac-estabelece-restricoes-para-transporte-de-power-banks-em-avioes","status":"publish","type":"post","link":"https:\/\/ubajaranoticias.com.br\/index.php\/2026\/04\/24\/anac-estabelece-restricoes-para-transporte-de-power-banks-em-avioes\/","title":{"rendered":"Anac estabelece restri\u00e7\u00f5es para transporte de power banks em avi\u00f5es"},"content":{"rendered":"<p> Por MRNews<br \/>\n<\/p>\n<div wp_automatic_readability=\"30.157761884729\">\n<p>Por EBC, <\/p>\n<div wp_automatic_readability=\"29.434829637642\">\n<p><strong>A Ag\u00eancia Nacional de Avia\u00e7\u00e3o Civil (Anac) atualizou as regras para o transporte de carregadores port\u00e1teis (power banks) em voos. O objetivo \u00e9 aumentar a seguran\u00e7a das opera\u00e7\u00f5es a\u00e9reas.\u00a0\u00a0<\/strong><\/p>\n<p>Segundo a Anac, as medidas t\u00eam o objetivo de reduzir o risco de inc\u00eandios em cabine, pois as baterias de l\u00edtio podem apresentar falhas que levam ao superaquecimento.\u00a0<\/p>\n<p>A portaria regulat\u00f3ria que revisa regras j\u00e1 existentes foi publicada no Di\u00e1rio Oficial da Uni\u00e3o. A revis\u00e3o incorporou as novas especifica\u00e7\u00f5es da Organiza\u00e7\u00e3o da Avia\u00e7\u00e3o Civil Internacional (Oaci) sobre o transporte desses itens.\u00a0<\/p>\n<p><strong><a href=\"https:\/\/mrnews.com.br\/index.php\/2026\/04\/24\/aneel-define-que-maio-tera-bandeira-tarifaria-amarela\/\">Aneel define que maio ter\u00e1 bandeira tarif\u00e1ria amarela<\/a><\/strong><\/p>\n<p><strong><a href=\"https:\/\/mrnews.com.br\/index.php\/2026\/04\/24\/butantan-busca-voluntarios-para-teste-de-vacina-da-gripe-para-idosos\/\">Butantan busca volunt\u00e1rios para teste de vacina da gripe para idosos<\/a><\/strong><\/p>\n<p><strong>As novas regras estabelecem:\u00a0<\/strong><\/p>\n<ul>\n<li>Power banks devem ser transportados exclusivamente na bagagem de m\u00e3o (regra j\u00e1 existente, agora refor\u00e7ada);<\/li>\n<li>Cada passageiro poder\u00e1 transportar, no m\u00e1ximo, dois power banks;<\/li>\n<li>Equipamentos devem ter capacidade de at\u00e9 100Wh;<\/li>\n<li>Modelos entre 100 Wh e 160 Wh precisar\u00e3o de autoriza\u00e7\u00e3o pr\u00e9via da companhia a\u00e9rea;\u00a0<\/li>\n<li>Modelos superiores a 160 Wh s\u00e3o proibidos e dever\u00e3o ser descartados antes da entrada na aeronave;<\/li>\n<li>Power banks n\u00e3o devem ser utilizados para carregar outros eletr\u00f4nicos a bordo da aeronave;<\/li>\n<li>Power banks devem estar protegidos contra curto-circuito, com os terminais isolados ou na embalagem original;\u00a0<\/li>\n<li>\u00c9 proibido recarregar power banks a bordo da aeronave.<\/li>\n<\/ul>\n<p><strong>A Anac orienta que passageiros entrem em contato com as empresas a\u00e9reas antes de embarcar portando power banks.\u00a0<\/strong><\/p>\n<p>Para mais informa\u00e7\u00f5es sobre itens permitidos e restri\u00e7\u00f5es no transporte a\u00e9reo, consulte o site\u00a0 da Anac.\u00a0<\/p>\n<p><strong><a href=\"https:\/\/mrnews.com.br\/index.php\/2026\/04\/24\/motta-cria-comissao-para-analisar-pec-da-reducao-da-escala-6x1\/\">Motta cria comiss\u00e3o para analisar PEC da redu\u00e7\u00e3o da escala 6X1<\/a><\/strong><\/p>\n<p><strong><a href=\"https:\/\/mrnews.com.br\/index.php\/2026\/04\/24\/confianca-do-consumidor-registra-segunda-alta-consecutiva-diz-fgv\/\">Confian\u00e7a do Consumidor registra segunda alta consecutiva, diz FGV<\/a><\/strong><\/p>\n<\/div>\n<p><!-- CONTENT END 2 --><\/p><\/div>\n","protected":false},"excerpt":{"rendered":"<p>Por MRNews Por EBC, A Ag\u00eancia Nacional de Avia\u00e7\u00e3o Civil (Anac) atualizou as regras para o transporte de carregadores port\u00e1teis (power banks) em voos. O objetivo \u00e9 aumentar a seguran\u00e7a das opera\u00e7\u00f5es a\u00e9reas.\u00a0\u00a0 Segundo a Anac, as medidas t\u00eam o objetivo de reduzir o risco de inc\u00eandios em cabine, pois as baterias de l\u00edtio podem &#8230; <a title=\"Anac estabelece restri\u00e7\u00f5es para transporte de power banks em avi\u00f5es\" class=\"read-more\" href=\"https:\/\/ubajaranoticias.com.br\/index.php\/2026\/04\/24\/anac-estabelece-restricoes-para-transporte-de-power-banks-em-avioes\/\" aria-label=\"Read more about Anac estabelece restri\u00e7\u00f5es para transporte de power banks em avi\u00f5es\">Ler mais<\/a><\/p>\n","protected":false},"author":1,"featured_media":0,"comment_status":"","ping_status":"","sticky":false,"template":"","format":"standard","meta":{"footnotes":""},"categories":[1],"tags":[],"class_list":["post-37703","post","type-post","status-publish","format-standard","hentry","category-blog"],"amp_enabled":true,"_links":{"self":[{"href":"https:\/\/ubajaranoticias.com.br\/index.php\/wp-json\/wp\/v2\/posts\/37703","targetHints":{"allow":["GET"]}}],"collection":[{"href":"https:\/\/ubajaranoticias.com.br\/index.php\/wp-json\/wp\/v2\/posts"}],"about":[{"href":"https:\/\/ubajaranoticias.com.br\/index.php\/wp-json\/wp\/v2\/types\/post"}],"author":[{"embeddable":true,"href":"https:\/\/ubajaranoticias.com.br\/index.php\/wp-json\/wp\/v2\/users\/1"}],"replies":[{"embeddable":true,"href":"https:\/\/ubajaranoticias.com.br\/index.php\/wp-json\/wp\/v2\/comments?post=37703"}],"version-history":[{"count":0,"href":"https:\/\/ubajaranoticias.com.br\/index.php\/wp-json\/wp\/v2\/posts\/37703\/revisions"}],"wp:attachment":[{"href":"https:\/\/ubajaranoticias.com.br\/index.php\/wp-json\/wp\/v2\/media?parent=37703"}],"wp:term":[{"taxonomy":"category","embeddable":true,"href":"https:\/\/ubajaranoticias.com.br\/index.php\/wp-json\/wp\/v2\/categories?post=37703"},{"taxonomy":"post_tag","embeddable":true,"href":"https:\/\/ubajaranoticias.com.br\/index.php\/wp-json\/wp\/v2\/tags?post=37703"}],"curies":[{"name":"wp","href":"https:\/\/api.w.org\/{rel}","templated":true}]}}