{"id":37556,"date":"2026-04-20T22:42:50","date_gmt":"2026-04-21T01:42:50","guid":{"rendered":"https:\/\/ubajaranoticias.com.br\/index.php\/2026\/04\/20\/cpraio-da-pmce-prende-suspeito-e-apreende-arma-de-fogo-e-droga-em-camocim\/"},"modified":"2026-04-20T22:42:50","modified_gmt":"2026-04-21T01:42:50","slug":"cpraio-da-pmce-prende-suspeito-e-apreende-arma-de-fogo-e-droga-em-camocim","status":"publish","type":"post","link":"https:\/\/ubajaranoticias.com.br\/index.php\/2026\/04\/20\/cpraio-da-pmce-prende-suspeito-e-apreende-arma-de-fogo-e-droga-em-camocim\/","title":{"rendered":"CPRaio da PMCE prende suspeito e apreende arma de fogo e droga em Camocim"},"content":{"rendered":"<p><\/p>\n<div id=\"\">&#13;<br \/>\n        &#13;<br \/>\n            &#13;<br \/>\n&#13;<br \/>\n            &#13;<br \/>\n&#13;<\/p>\n<h3 class=\"subtitulo  data  -bold\">&#13;<br \/>\n                20 de abril de 2026 &#8211; 11:24&#13;<br \/>\n                            <\/h3>\n<p>&#13;<br \/>\n&#13;<br \/>\n            &#13;<\/p>\n<p>Uma equipe do Comando de Policiamento de Rondas de A\u00e7\u00f5es Intensivas e Ostensivas (CPRaio) da Pol\u00edcia Militar do Cear\u00e1 (PMCE) prendeu um homem de 22 anos e apreendeu um rev\u00f3lver calibre .38 com seis muni\u00e7\u00f5es intactas, 8 gramas de coca\u00edna, um celular e R$ 233 em esp\u00e9cie, na noite dessa sexta-feira (18), na avenida Beira-Mar, em Camocim.<\/p>\n<p>Durante patrulhamento ostensivo, os policiais visualizaram um ve\u00edculo associado a den\u00fancias de envolvimento com o tr\u00e1fico de drogas e realizaram a abordagem. Na busca veicular, foram encontrados entorpecentes fracionados, al\u00e9m de dinheiro e um aparelho celular. Em continuidade \u00e0 ocorr\u00eancia, a equipe seguiu at\u00e9 a resid\u00eancia do suspeito, com autoriza\u00e7\u00e3o da companheira, onde localizou o rev\u00f3lver calibre .38 municiado.<\/p>\n<p>Diante dos fatos, o indiv\u00edduo recebeu voz de pris\u00e3o e foi conduzido \u00e0 Delegacia Regional de Camocim, onde foi autuado por tr\u00e1fico de drogas e posse ilegal de arma de fogo, sendo colocado \u00e0 disposi\u00e7\u00e3o da Justi\u00e7a.<\/p>\n<h3>Den\u00fancias<\/h3>\n<p>A popula\u00e7\u00e3o pode contribuir com as investiga\u00e7\u00f5es repassando informa\u00e7\u00f5es que auxiliem os trabalhos policiais. As informa\u00e7\u00f5es podem ser direcionadas para o n\u00famero 181, o Disque-Den\u00fancia da Secretaria da Seguran\u00e7a P\u00fablica e Defesa Social (SSPDS), ou para o (85) 3101-0181, que \u00e9 o n\u00famero de WhatsApp, pelo qual podem ser feitas den\u00fancias via mensagem, \u00e1udio, v\u00eddeo e fotografia ou ainda via \u201ce-den\u00fancia\u201d, o site do servi\u00e7o 181, por meio do endere\u00e7o eletr\u00f4nico: https:\/\/disquedenuncia181.sspds.ce.gov.br\/.<\/p>\n<p>Assessoria de Comunica\u00e7\u00e3o da PMCE<\/p>\n<p>&#13;<br \/>\n            &#13;<br \/>\n&#13;<br \/>\n&#13;\n        <\/p><\/div>\n","protected":false},"excerpt":{"rendered":"<p>&#13; &#13; &#13; &#13; &#13; &#13; &#13; 20 de abril de 2026 &#8211; 11:24&#13; &#13; &#13; &#13; Uma equipe do Comando de Policiamento de Rondas de A\u00e7\u00f5es Intensivas e Ostensivas (CPRaio) da Pol\u00edcia Militar do Cear\u00e1 (PMCE) prendeu um homem de 22 anos e apreendeu um rev\u00f3lver calibre .38 com seis muni\u00e7\u00f5es intactas, 8 gramas &#8230; <a title=\"CPRaio da PMCE prende suspeito e apreende arma de fogo e droga em Camocim\" class=\"read-more\" href=\"https:\/\/ubajaranoticias.com.br\/index.php\/2026\/04\/20\/cpraio-da-pmce-prende-suspeito-e-apreende-arma-de-fogo-e-droga-em-camocim\/\" aria-label=\"Read more about CPRaio da PMCE prende suspeito e apreende arma de fogo e droga em Camocim\">Ler mais<\/a><\/p>\n","protected":false},"author":1,"featured_media":17730,"comment_status":"","ping_status":"","sticky":false,"template":"","format":"standard","meta":{"footnotes":""},"categories":[3],"tags":[],"class_list":["post-37556","post","type-post","status-publish","format-standard","has-post-thumbnail","hentry","category-noticias"],"amp_enabled":true,"_links":{"self":[{"href":"https:\/\/ubajaranoticias.com.br\/index.php\/wp-json\/wp\/v2\/posts\/37556","targetHints":{"allow":["GET"]}}],"collection":[{"href":"https:\/\/ubajaranoticias.com.br\/index.php\/wp-json\/wp\/v2\/posts"}],"about":[{"href":"https:\/\/ubajaranoticias.com.br\/index.php\/wp-json\/wp\/v2\/types\/post"}],"author":[{"embeddable":true,"href":"https:\/\/ubajaranoticias.com.br\/index.php\/wp-json\/wp\/v2\/users\/1"}],"replies":[{"embeddable":true,"href":"https:\/\/ubajaranoticias.com.br\/index.php\/wp-json\/wp\/v2\/comments?post=37556"}],"version-history":[{"count":0,"href":"https:\/\/ubajaranoticias.com.br\/index.php\/wp-json\/wp\/v2\/posts\/37556\/revisions"}],"wp:featuredmedia":[{"embeddable":true,"href":"https:\/\/ubajaranoticias.com.br\/index.php\/wp-json\/wp\/v2\/media\/17730"}],"wp:attachment":[{"href":"https:\/\/ubajaranoticias.com.br\/index.php\/wp-json\/wp\/v2\/media?parent=37556"}],"wp:term":[{"taxonomy":"category","embeddable":true,"href":"https:\/\/ubajaranoticias.com.br\/index.php\/wp-json\/wp\/v2\/categories?post=37556"},{"taxonomy":"post_tag","embeddable":true,"href":"https:\/\/ubajaranoticias.com.br\/index.php\/wp-json\/wp\/v2\/tags?post=37556"}],"curies":[{"name":"wp","href":"https:\/\/api.w.org\/{rel}","templated":true}]}}