{"id":36544,"date":"2026-03-21T13:29:43","date_gmt":"2026-03-21T16:29:43","guid":{"rendered":"https:\/\/ubajaranoticias.com.br\/index.php\/2026\/03\/21\/bbb26-vazamento-na-central-do-lider-intriga-participantes-e-levanta-teorias\/"},"modified":"2026-03-21T13:29:43","modified_gmt":"2026-03-21T16:29:43","slug":"bbb26-vazamento-na-central-do-lider-intriga-participantes-e-levanta-teorias","status":"publish","type":"post","link":"https:\/\/ubajaranoticias.com.br\/index.php\/2026\/03\/21\/bbb26-vazamento-na-central-do-lider-intriga-participantes-e-levanta-teorias\/","title":{"rendered":"BBB26; \u201cvazamento\u201d na Central do L\u00edder intriga participantes e levanta teorias"},"content":{"rendered":"<p> Por MRNews<br \/>\n<\/p>\n<div wp_automatic_readability=\"97.751161085309\">\n<p>BBB26: suposto \u201cvazamento\u201d na Central do L\u00edder intriga participantes e levanta teorias<\/p>\n<p>Um momento r\u00e1pido, mas cheio de mist\u00e9rio, movimentou a casa do Big Brother Brasil 26 nesta sexta-feira (20). Um poss\u00edvel \u201cvazamento\u201d na Central do L\u00edder chamou a aten\u00e7\u00e3o de alguns brothers e virou assunto dentro do confinamento.<\/p>\n<p>Durante a tarde, um conte\u00fado inesperado apareceu por poucos segundos na tela da Central, deixando d\u00favidas e levantando diversas interpreta\u00e7\u00f5es entre os participantes.<\/p>\n<hr\/>\n<h2>\ud83d\udcfa O que apareceu na Central do L\u00edder?<\/h2>\n<p>No momento do ocorrido, Alberto Cowboy, Jonas Sulzbach e Jordana estavam no Quarto do L\u00edder.<\/p>\n<p><strong><a href=\"https:\/\/mrnews.com.br\/index.php\/2026\/03\/19\/bbb26-milena-e-punida-apos-quebrar-regra-e-situacao-preocupa-dentro-da-casa\/\">BBB26; Milena \u00e9 punida ap\u00f3s quebrar regra e situa\u00e7\u00e3o preocupa dentro da casa<\/a><\/strong><\/p>\n<p><strong><a href=\"https:\/\/mrnews.com.br\/index.php\/2026\/03\/18\/milena-ignora-alertas-e-pode-ser-expulsa-do-bbb26-apos-sequencia-de-punicoes\/\">Milena ignora alertas e pode ser expulsa do BBB26 ap\u00f3s sequ\u00eancia de puni\u00e7\u00f5es<\/a><\/strong><\/p>\n<p>De forma inesperada, um ranking com nomes e tempos surgiu rapidamente na tela \u2014 desaparecendo quase imediatamente, sem qualquer explica\u00e7\u00e3o oficial.<\/p>\n<p>\ud83d\udc49 O detalhe que mais chamou aten\u00e7\u00e3o foi justamente a presen\u00e7a de tempos ao lado dos nomes, algo que n\u00e3o faz parte das fun\u00e7\u00f5es comuns da Central do L\u00edder.<\/p>\n<hr\/>\n<h2>\ud83e\udd14 Rea\u00e7\u00e3o imediata dos participantes<\/h2>\n<p>Assim que o conte\u00fado sumiu, os brothers come\u00e7aram a tentar entender o que tinham visto.<\/p>\n<ul>\n<li>Jonas Sulzbach questionou se aquilo realmente havia aparecido<\/li>\n<li>Jordana confirmou que viu um ranking<\/li>\n<li>Alberto Cowboy tamb\u00e9m refor\u00e7ou a percep\u00e7\u00e3o<\/li>\n<\/ul>\n<p>\ud83d\udc49 A situa\u00e7\u00e3o gerou confus\u00e3o imediata e levantou d\u00favidas sobre um poss\u00edvel erro t\u00e9cnico ou at\u00e9 mesmo uma informa\u00e7\u00e3o exibida antes da hora.<\/p>\n<p><strong><a href=\"https:\/\/mrnews.com.br\/index.php\/2026\/03\/18\/gafe-de-ana-maria-braga-com-eliminado-do-bbb26-viraliza-e-louro-mane-reage-ao-vivo\/\">Gafe de Ana Maria Braga com eliminado do BBB26 viraliza e Louro Man\u00e9 reage ao vivo<\/a><\/strong><\/p>\n<p><strong><a href=\"https:\/\/mrnews.com.br\/index.php\/2026\/03\/17\/milena-sera-expulsa-do-bbb26-polemica-com-jonas-viraliza-e-decisao-da-globo-chama-atencao\/\">Milena ser\u00e1 expulsa do BBB26? Pol\u00eamica com Jonas viraliza e decis\u00e3o da Globo chama aten\u00e7\u00e3o<\/a><\/strong><\/p>\n<hr\/>\n<h2>\ud83e\udde0 Teorias dentro da casa<\/h2>\n<p>Sem qualquer explica\u00e7\u00e3o da produ\u00e7\u00e3o do TV Globo, os participantes come\u00e7aram a especular.<\/p>\n<p>Entre as principais hip\u00f3teses levantadas:<\/p>\n<ul>\n<li>Ranking de desempenho em provas<\/li>\n<li>Algum tipo de din\u00e2mica futura<\/li>\n<li>Tela de teste exibida por engano<\/li>\n<\/ul>\n<p>Jordana chegou a tentar lembrar sua posi\u00e7\u00e3o no ranking, acreditando estar entre os primeiros colocados.<\/p>\n<p>J\u00e1 Alberto Cowboy adotou um tom mais cauteloso, sugerindo que poderia ser apenas uma falha ou algo sem relev\u00e2ncia direta para o jogo naquele momento.<\/p>\n<hr\/>\n<h2>\ud83c\udfae Pode influenciar o jogo?<\/h2>\n<p>Mesmo sem confirma\u00e7\u00e3o oficial, o epis\u00f3dio levanta uma quest\u00e3o importante:<br \/>\ud83d\udc49 at\u00e9 que ponto esse tipo de informa\u00e7\u00e3o pode impactar a estrat\u00e9gia dos participantes?<\/p>\n<p>Se o ranking estiver ligado a provas ou desempenho, pode indicar:<\/p>\n<ul>\n<li>Quem est\u00e1 se destacando<\/li>\n<li>Quem pode se tornar alvo<\/li>\n<li>Poss\u00edveis vantagens futuras<\/li>\n<\/ul>\n<p>Por outro lado, tamb\u00e9m pode n\u00e3o significar absolutamente nada \u2014 apenas um erro t\u00e9cnico isolado.<\/p>\n<hr\/>\n<h2>\ud83d\udc40 Clima de mist\u00e9rio continua<\/h2>\n<p>O fato de a produ\u00e7\u00e3o n\u00e3o ter se pronunciado mant\u00e9m o clima de incerteza dentro da casa.<\/p>\n<p>No Big Brother Brasil 26, pequenos detalhes costumam gerar grandes teorias \u2014 e esse epis\u00f3dio \u00e9 mais um exemplo disso.<\/p>\n<p>\ud83d\udc49 Mesmo sendo algo r\u00e1pido, o \u201cvazamento\u201d foi suficiente para deixar os participantes atentos e o p\u00fablico curioso.<\/p>\n<hr\/>\n<h2>\ud83d\udcdd Conclus\u00e3o<\/h2>\n<p>O poss\u00edvel erro na Central do L\u00edder adicionou mais um elemento de tens\u00e3o ao jogo. Entre d\u00favidas, especula\u00e7\u00f5es e tentativas de interpreta\u00e7\u00e3o, os brothers seguem sem respostas.<\/p>\n<p>Enquanto isso, o p\u00fablico acompanha tudo de perto, esperando para descobrir se o ranking visto foi apenas um bug\u2026 ou uma pista do que est\u00e1 por vir.<\/p>\n<hr\/>\n<p><strong>Tags:<\/strong> bbb26, central do l\u00edder, ranking bbb, alberto cowboy, jonas sulzbach, jordana bbb, reality show globo, vazamento bbb<\/p>\n<p><!-- CONTENT END 2 --><\/p><\/div>\n","protected":false},"excerpt":{"rendered":"<p>Por MRNews BBB26: suposto \u201cvazamento\u201d na Central do L\u00edder intriga participantes e levanta teorias Um momento r\u00e1pido, mas cheio de mist\u00e9rio, movimentou a casa do Big Brother Brasil 26 nesta sexta-feira (20). Um poss\u00edvel \u201cvazamento\u201d na Central do L\u00edder chamou a aten\u00e7\u00e3o de alguns brothers e virou assunto dentro do confinamento. Durante a tarde, um &#8230; <a title=\"BBB26; \u201cvazamento\u201d na Central do L\u00edder intriga participantes e levanta teorias\" class=\"read-more\" href=\"https:\/\/ubajaranoticias.com.br\/index.php\/2026\/03\/21\/bbb26-vazamento-na-central-do-lider-intriga-participantes-e-levanta-teorias\/\" aria-label=\"Read more about BBB26; \u201cvazamento\u201d na Central do L\u00edder intriga participantes e levanta teorias\">Ler mais<\/a><\/p>\n","protected":false},"author":1,"featured_media":0,"comment_status":"","ping_status":"","sticky":false,"template":"","format":"standard","meta":{"footnotes":""},"categories":[1],"tags":[],"class_list":["post-36544","post","type-post","status-publish","format-standard","hentry","category-blog"],"amp_enabled":true,"_links":{"self":[{"href":"https:\/\/ubajaranoticias.com.br\/index.php\/wp-json\/wp\/v2\/posts\/36544","targetHints":{"allow":["GET"]}}],"collection":[{"href":"https:\/\/ubajaranoticias.com.br\/index.php\/wp-json\/wp\/v2\/posts"}],"about":[{"href":"https:\/\/ubajaranoticias.com.br\/index.php\/wp-json\/wp\/v2\/types\/post"}],"author":[{"embeddable":true,"href":"https:\/\/ubajaranoticias.com.br\/index.php\/wp-json\/wp\/v2\/users\/1"}],"replies":[{"embeddable":true,"href":"https:\/\/ubajaranoticias.com.br\/index.php\/wp-json\/wp\/v2\/comments?post=36544"}],"version-history":[{"count":0,"href":"https:\/\/ubajaranoticias.com.br\/index.php\/wp-json\/wp\/v2\/posts\/36544\/revisions"}],"wp:attachment":[{"href":"https:\/\/ubajaranoticias.com.br\/index.php\/wp-json\/wp\/v2\/media?parent=36544"}],"wp:term":[{"taxonomy":"category","embeddable":true,"href":"https:\/\/ubajaranoticias.com.br\/index.php\/wp-json\/wp\/v2\/categories?post=36544"},{"taxonomy":"post_tag","embeddable":true,"href":"https:\/\/ubajaranoticias.com.br\/index.php\/wp-json\/wp\/v2\/tags?post=36544"}],"curies":[{"name":"wp","href":"https:\/\/api.w.org\/{rel}","templated":true}]}}