{"id":36244,"date":"2026-02-28T04:15:50","date_gmt":"2026-02-28T07:15:50","guid":{"rendered":"https:\/\/ubajaranoticias.com.br\/index.php\/2026\/02\/28\/homem-com-extensa-ficha-criminal-e-preso-com-mais-de-37-kg-de-drogas-e-armas-de-fogo-em-itaitinga\/"},"modified":"2026-02-28T04:15:50","modified_gmt":"2026-02-28T07:15:50","slug":"homem-com-extensa-ficha-criminal-e-preso-com-mais-de-37-kg-de-drogas-e-armas-de-fogo-em-itaitinga","status":"publish","type":"post","link":"https:\/\/ubajaranoticias.com.br\/index.php\/2026\/02\/28\/homem-com-extensa-ficha-criminal-e-preso-com-mais-de-37-kg-de-drogas-e-armas-de-fogo-em-itaitinga\/","title":{"rendered":"Homem com extensa ficha criminal \u00e9 preso com mais de 37 kg de drogas e armas de fogo em Itaitinga"},"content":{"rendered":"<p><\/p>\n<div id=\"\">&#13;<br \/>\n        &#13;<br \/>\n            &#13;<br \/>\n&#13;<br \/>\n            &#13;<br \/>\n&#13;<\/p>\n<h3 class=\"subtitulo  data  -bold\">&#13;<br \/>\n                27 de fevereiro de 2026 &#8211; 16:00&#13;<br \/>\n                                    <span class=\"hashtag\">  #AIS 25 #Cotam #PMCE #Tr\u00e1fico de Drogas <\/span>&#13;<br \/>\n                            <\/h3>\n<p>&#13;<br \/>\n&#13;<\/p>\n<div class=\"autor\">\n<p><span> Ascom PMCE <\/span> &#8211; Texto e Foto <\/p>\n<\/p><\/div>\n<p>&#13;<br \/>\n            &#13;<\/p>\n<p>A Pol\u00edcia Militar do Cear\u00e1 (PMCE) prendeu, nessa quinta-feira (26), um suspeito de tr\u00e1fico de drogas no bairro Barroc\u00e3o, em Itaitinga, \u00c1rea Integrada de Seguran\u00e7a 25 (AIS 25) do estado. A ofensiva ainda resultou na apreens\u00e3o de mais de 37 kg de entorpecentes, duas armas de fogo, 54 muni\u00e7\u00f5es 9 mm e .38, dois simulacros de arma de fogo e quatro balan\u00e7as de precis\u00e3o. O homem, de 22 anos, foi colocado \u00e0 disposi\u00e7\u00e3o da Justi\u00e7a pela Delegacia de Pol\u00edcia Civil de Horizonte.<\/p>\n<p>Por volta das 16h30, policiais militares do Comando T\u00e1tico Motorizado (Cotam) receberam informa\u00e7\u00f5es do servi\u00e7o de intelig\u00eancia indicando que uma carga de maconha havia sido entregue em uma resid\u00eancia situada no Barroc\u00e3o. As equipes se deslocaram at\u00e9 o local, quando indiv\u00edduos se evadiram pelos quintais das casa vizinhas. Entretanto, um dos suspeitos foi alcan\u00e7ado e recebeu voz de pris\u00e3o em um terreno.<\/p>\n<p>No im\u00f3vel, os policiais militares encontraram 36,7 kg de maconha, 90 g de coca\u00edna e 3 g de crack, al\u00e9m de uma pistola e 28 muni\u00e7\u00f5es 9 mm, um rev\u00f3lver e 26 muni\u00e7\u00f5es .38, dois simulacros de pistola, quatro balan\u00e7as de precis\u00e3o, uma quantia em dinheiro e material para embalar entorpecentes.<\/p>\n<p>O suspeito, de 22 anos, e o material il\u00edcito apreendido foram apresentados na Delegacia de Pol\u00edcia Civil de Horizonte. Ele foi autuado em flagrante por tr\u00e1fico de drogas e posse ilegal de arma na unidade da Pol\u00edcia Civil do Estado do Cear\u00e1 (PCCE). O indiv\u00edduo, que j\u00e1 respondia por associa\u00e7\u00e3o criminosa, homic\u00eddio doloso, tortura, tr\u00e1fico de drogas, posse ou porte ilegal de arma de fogo e recepta\u00e7\u00e3o, foi colocado \u00e0 disposi\u00e7\u00e3o da Justi\u00e7a.<\/p>\n<p><em>* Com informa\u00e7\u00f5es da Assessoria de Comunica\u00e7\u00e3o da PMCE.<\/em><\/p>\n<p>&#13;<br \/>\n            &#13;<br \/>\n&#13;<br \/>\n&#13;\n        <\/p><\/div>\n<p><script>\n  !function(f,b,e,v,n,t,s)\n  {if(f.fbq)return;n=f.fbq=function(){n.callMethod?\n  n.callMethod.apply(n,arguments):n.queue.push(arguments)};\n  if(!f._fbq)f._fbq=n;n.push=n;n.loaded=!0;n.version='2.0';\n  n.queue=[];t=b.createElement(e);t.async=!0;\n  t.src=v;s=b.getElementsByTagName(e)[0];\n  s.parentNode.insertBefore(t,s)}(window, document,'script',\n  'https:\/\/connect.facebook.net\/en_US\/fbevents.js');\n  fbq('init', '2184817648452087');\n  fbq('track', 'PageView');\n<\/script><script>\n  !function(f,b,e,v,n,t,s)\n  {if(f.fbq)return;n=f.fbq=function(){n.callMethod?\n  n.callMethod.apply(n,arguments):n.queue.push(arguments)};\n  if(!f._fbq)f._fbq=n;n.push=n;n.loaded=!0;n.version='2.0';\n  n.queue=[];t=b.createElement(e);t.async=!0;\n  t.src=v;s=b.getElementsByTagName(e)[0];\n  s.parentNode.insertBefore(t,s)}(window, document,'script',\n  'https:\/\/connect.facebook.net\/en_US\/fbevents.js');\n  fbq('init', '1160355440779120');\n  fbq('track', 'PageView');\n<\/script><script>(function(d, s, id) {\n  var js, fjs = d.getElementsByTagName(s)[0];\n  if (d.getElementById(id)) return;\n  js = d.createElement(s); js.id = id;\n  js.src = \"\/\/connect.facebook.net\/pt_BR\/sdk.js#xfbml=1&version=v2.10&appId=849378428549697\";\n  fjs.parentNode.insertBefore(js, fjs);\n}(document, 'script', 'facebook-jssdk'));<\/script><script>(function(d, s, id) {\n  var js, fjs = d.getElementsByTagName(s)[0];\n  if (d.getElementById(id)) return;\n  js = d.createElement(s); js.id = id;\n  js.src=\"https:\/\/connect.facebook.net\/pt_BR\/sdk.js#xfbml=1&version=v3.2&appId=664762440587486&autoLogAppEvents=1\";\n  fjs.parentNode.insertBefore(js, fjs);\n}(document, 'script', 'facebook-jssdk'));<\/script><\/p>\n","protected":false},"excerpt":{"rendered":"<p>&#13; &#13; &#13; &#13; &#13; &#13; &#13; 27 de fevereiro de 2026 &#8211; 16:00&#13; #AIS 25 #Cotam #PMCE #Tr\u00e1fico de Drogas &#13; &#13; &#13; Ascom PMCE &#8211; Texto e Foto &#13; &#13; A Pol\u00edcia Militar do Cear\u00e1 (PMCE) prendeu, nessa quinta-feira (26), um suspeito de tr\u00e1fico de drogas no bairro Barroc\u00e3o, em Itaitinga, \u00c1rea Integrada &#8230; <a title=\"Homem com extensa ficha criminal \u00e9 preso com mais de 37 kg de drogas e armas de fogo em Itaitinga\" class=\"read-more\" href=\"https:\/\/ubajaranoticias.com.br\/index.php\/2026\/02\/28\/homem-com-extensa-ficha-criminal-e-preso-com-mais-de-37-kg-de-drogas-e-armas-de-fogo-em-itaitinga\/\" aria-label=\"Read more about Homem com extensa ficha criminal \u00e9 preso com mais de 37 kg de drogas e armas de fogo em Itaitinga\">Ler mais<\/a><\/p>\n","protected":false},"author":1,"featured_media":17730,"comment_status":"","ping_status":"","sticky":false,"template":"","format":"standard","meta":{"footnotes":""},"categories":[3],"tags":[],"class_list":["post-36244","post","type-post","status-publish","format-standard","has-post-thumbnail","hentry","category-noticias"],"amp_enabled":true,"_links":{"self":[{"href":"https:\/\/ubajaranoticias.com.br\/index.php\/wp-json\/wp\/v2\/posts\/36244","targetHints":{"allow":["GET"]}}],"collection":[{"href":"https:\/\/ubajaranoticias.com.br\/index.php\/wp-json\/wp\/v2\/posts"}],"about":[{"href":"https:\/\/ubajaranoticias.com.br\/index.php\/wp-json\/wp\/v2\/types\/post"}],"author":[{"embeddable":true,"href":"https:\/\/ubajaranoticias.com.br\/index.php\/wp-json\/wp\/v2\/users\/1"}],"replies":[{"embeddable":true,"href":"https:\/\/ubajaranoticias.com.br\/index.php\/wp-json\/wp\/v2\/comments?post=36244"}],"version-history":[{"count":0,"href":"https:\/\/ubajaranoticias.com.br\/index.php\/wp-json\/wp\/v2\/posts\/36244\/revisions"}],"wp:featuredmedia":[{"embeddable":true,"href":"https:\/\/ubajaranoticias.com.br\/index.php\/wp-json\/wp\/v2\/media\/17730"}],"wp:attachment":[{"href":"https:\/\/ubajaranoticias.com.br\/index.php\/wp-json\/wp\/v2\/media?parent=36244"}],"wp:term":[{"taxonomy":"category","embeddable":true,"href":"https:\/\/ubajaranoticias.com.br\/index.php\/wp-json\/wp\/v2\/categories?post=36244"},{"taxonomy":"post_tag","embeddable":true,"href":"https:\/\/ubajaranoticias.com.br\/index.php\/wp-json\/wp\/v2\/tags?post=36244"}],"curies":[{"name":"wp","href":"https:\/\/api.w.org\/{rel}","templated":true}]}}