{"id":36044,"date":"2026-02-23T20:06:46","date_gmt":"2026-02-23T23:06:46","guid":{"rendered":"https:\/\/ubajaranoticias.com.br\/index.php\/2026\/02\/23\/bragantino-multa-zagueiro-por-fala-machista-contra-arbitra\/"},"modified":"2026-02-23T20:06:46","modified_gmt":"2026-02-23T23:06:46","slug":"bragantino-multa-zagueiro-por-fala-machista-contra-arbitra","status":"publish","type":"post","link":"https:\/\/ubajaranoticias.com.br\/index.php\/2026\/02\/23\/bragantino-multa-zagueiro-por-fala-machista-contra-arbitra\/","title":{"rendered":"Bragantino multa zagueiro por fala machista contra \u00e1rbitra"},"content":{"rendered":"<p><\/p>\n<div wp_automatic_readability=\"59.388398914518\">\n<p>O Bragantino anunciou, nesta segunda-feira (23), que multou o zagueiro Gustavo Marques em\u00a050% do total de seus vencimentos em consequ\u00eancia das declara\u00e7\u00f5es machistas feitas contra a \u00e1rbitra Daiane Muniz, ap\u00f3s a partida contra o S\u00e3o Paulo, e que o jogador n\u00e3o ser\u00e1 relacionado para o pr\u00f3ximo compromisso do Massa Bruta, contra o Athletico-PR, pelo Campeonato Brasileiro, na pr\u00f3xima quarta-feira (25).<\/p>\n<p>Na nota, a equipe de Bragan\u00e7a Paulista afirmou que \u201co valor da multa ser\u00e1 destinado para a ONG\u00a0Rendar, que cuida de mulheres em situa\u00e7\u00e3o de vulnerabilidade na regi\u00e3o bragantina\u201d.<\/p>\n<p>Na noite do \u00faltimo s\u00e1bado (21), ap\u00f3s derrota do Bragantino para o S\u00e3o Paulo pelo Campeonato Paulista, Gustavo Marques proferiu falas machistas ao questionar e criticar a escala\u00e7\u00e3o da \u00e1rbitra Daiane Muniz para o jogo. \u201cPrimeiramente, quero falar da arbitragem porque n\u00e3o adianta jogar contra S\u00e3o Paulo, Palmeiras, Corinthians e eles colocarem uma mulher para apitar um jogo desse tamanho. Era nosso sonho chegar \u00e0 semifinal, ou at\u00e9 a final, mas ela acabou com nosso jogo. Acho que a Federa\u00e7\u00e3o Paulista tem que olhar para os jogos desse tamanho e n\u00e3o colocar uma mulher. Todo respeito \u00e0s mulheres do mundo, sou casado, tenho minha m\u00e3e, ent\u00e3o desculpa se estou falando alguma coisa para as mulheres\u201d, declarou o zagueiro em entrevista ap\u00f3s a partida para uma equipe de reportagem da emissora TNT.<\/p>\n<p><strong><a href=\"https:\/\/mrnews.com.br\/index.php\/2026\/02\/23\/sao-paulo-e-bahia-encerram-segunda-rodada-do-brasileirao-feminino\/\">S\u00e3o Paulo e Bahia encerram segunda rodada do Brasileir\u00e3o Feminino<\/a><\/strong><\/p>\n<p><strong><a href=\"https:\/\/mrnews.com.br\/index.php\/2026\/02\/22\/flu-derrota-vasco-e-sai-em-vantagem-por-vaga-na-final-do-carioca\/\">Flu derrota Vasco e sai em vantagem por vaga na final do Carioca<\/a><\/strong><\/p>\n<p>Horas ap\u00f3s o ocorrido, em postagem nas redes sociais, o jogador pediu desculpas pelas declara\u00e7\u00f5es: \u201cEstava de cabe\u00e7a quente e muito frustrado pelo resultado da nossa equipe e acabei falando o que n\u00e3o deveria e poderia. Isso n\u00e3o justifica minha atitude e pe\u00e7o desculpas a todas mulheres e em especial a Daiane [\u2026]. Espero sair desse epis\u00f3dio uma pessoa melhor. Prometo aprender com esse erro\u201d.<\/p>\n<p>A atitude foi prontamente criticada pela Federa\u00e7\u00e3o Paulista de Futebol (FPF), que afirmou que encaminhar\u00e1 a declara\u00e7\u00e3o de Gustavo Marques \u00e0 Justi\u00e7a Desportiva: \u201c\u00c9 com profunda indigna\u00e7\u00e3o e revolta que a Federa\u00e7\u00e3o Paulista de Futebol recebeu a entrevista do atleta Gustavo Marques, do Red Bull Bragantino, ap\u00f3s a partida contra o S\u00e3o Paulo [\u2026]. Uma declara\u00e7\u00e3o em rela\u00e7\u00e3o \u00e0 \u00e1rbitra Daiane Muniz que reflete uma vis\u00e3o primitiva, machista, preconceituosa e mis\u00f3gina, incompat\u00edvel com os valores que regem a sociedade e o futebol. \u00c9 absolutamente estarrecedor que um atleta, em qualquer circunst\u00e2ncia, questione a capacidade de um \u00e1rbitro com base em seu g\u00eanero. A FPF tem orgulho de contar em seu quadro com 36 \u00e1rbitras e assistentes e continua trabalhando ativamente para que este n\u00famero cres\u00e7a [\u2026]. A FPF encaminhar\u00e1 tais declara\u00e7\u00f5es \u00e0 Justi\u00e7a Desportiva, para que esta tome todas as provid\u00eancias cab\u00edveis\u201d.<\/p>\n<\/div>\n","protected":false},"excerpt":{"rendered":"<p>O Bragantino anunciou, nesta segunda-feira (23), que multou o zagueiro Gustavo Marques em\u00a050% do total de seus vencimentos em consequ\u00eancia das declara\u00e7\u00f5es machistas feitas contra a \u00e1rbitra Daiane Muniz, ap\u00f3s a partida contra o S\u00e3o Paulo, e que o jogador n\u00e3o ser\u00e1 relacionado para o pr\u00f3ximo compromisso do Massa Bruta, contra o Athletico-PR, pelo Campeonato &#8230; <a title=\"Bragantino multa zagueiro por fala machista contra \u00e1rbitra\" class=\"read-more\" href=\"https:\/\/ubajaranoticias.com.br\/index.php\/2026\/02\/23\/bragantino-multa-zagueiro-por-fala-machista-contra-arbitra\/\" aria-label=\"Read more about Bragantino multa zagueiro por fala machista contra \u00e1rbitra\">Ler mais<\/a><\/p>\n","protected":false},"author":1,"featured_media":21273,"comment_status":"","ping_status":"","sticky":false,"template":"","format":"standard","meta":{"footnotes":""},"categories":[2],"tags":[],"class_list":["post-36044","post","type-post","status-publish","format-standard","has-post-thumbnail","hentry","category-esportes"],"amp_enabled":true,"_links":{"self":[{"href":"https:\/\/ubajaranoticias.com.br\/index.php\/wp-json\/wp\/v2\/posts\/36044","targetHints":{"allow":["GET"]}}],"collection":[{"href":"https:\/\/ubajaranoticias.com.br\/index.php\/wp-json\/wp\/v2\/posts"}],"about":[{"href":"https:\/\/ubajaranoticias.com.br\/index.php\/wp-json\/wp\/v2\/types\/post"}],"author":[{"embeddable":true,"href":"https:\/\/ubajaranoticias.com.br\/index.php\/wp-json\/wp\/v2\/users\/1"}],"replies":[{"embeddable":true,"href":"https:\/\/ubajaranoticias.com.br\/index.php\/wp-json\/wp\/v2\/comments?post=36044"}],"version-history":[{"count":0,"href":"https:\/\/ubajaranoticias.com.br\/index.php\/wp-json\/wp\/v2\/posts\/36044\/revisions"}],"wp:featuredmedia":[{"embeddable":true,"href":"https:\/\/ubajaranoticias.com.br\/index.php\/wp-json\/wp\/v2\/media\/21273"}],"wp:attachment":[{"href":"https:\/\/ubajaranoticias.com.br\/index.php\/wp-json\/wp\/v2\/media?parent=36044"}],"wp:term":[{"taxonomy":"category","embeddable":true,"href":"https:\/\/ubajaranoticias.com.br\/index.php\/wp-json\/wp\/v2\/categories?post=36044"},{"taxonomy":"post_tag","embeddable":true,"href":"https:\/\/ubajaranoticias.com.br\/index.php\/wp-json\/wp\/v2\/tags?post=36044"}],"curies":[{"name":"wp","href":"https:\/\/api.w.org\/{rel}","templated":true}]}}