{"id":35872,"date":"2026-02-18T04:32:42","date_gmt":"2026-02-18T07:32:42","guid":{"rendered":"https:\/\/ubajaranoticias.com.br\/index.php\/2026\/02\/18\/segundo-dia-de-desfile-leva-20-mil-pessoas-para-praca-do-papa-cgnoticias\/"},"modified":"2026-02-18T04:32:42","modified_gmt":"2026-02-18T07:32:42","slug":"segundo-dia-de-desfile-leva-20-mil-pessoas-para-praca-do-papa-cgnoticias","status":"publish","type":"post","link":"https:\/\/ubajaranoticias.com.br\/index.php\/2026\/02\/18\/segundo-dia-de-desfile-leva-20-mil-pessoas-para-praca-do-papa-cgnoticias\/","title":{"rendered":"Segundo dia de desfile leva 20 mil pessoas para Pra\u00e7a do Papa \u2013 CGNot\u00edcias"},"content":{"rendered":"<p> Por MRNews<br \/>\n<\/p>\n<div wp_automatic_readability=\"42.518540317834\">\n<p>O segundo dia de Carnaval na Pra\u00e7a do Papa reuniu cerca de 20 mil pessoas na noite desta ter\u00e7a-feira (17), em Campo Grande. Tr\u00eas escolas de samba desfilaram, com in\u00edcio das apresenta\u00e7\u00f5es \u00e0s 20h30, levando ao p\u00fablico enredos, fantasias e muito ritmo, em mais uma noite de celebra\u00e7\u00e3o da cultura carnavalesca.<\/p>\n<p>A seguran\u00e7a do evento contou com a presen\u00e7a de equipes da Guarda Civil Metropolitana de Campo Grande, que atuaram no local para garantir a tranquilidade do p\u00fablico.<\/p>\n<figure class=\"wp-block-gallery has-nested-images columns-default is-cropped wp-block-gallery-2 is-layout-flex wp-block-gallery-is-layout-flex\">\n<figure class=\"wp-block-image size-large\"\/>\n<figure class=\"wp-block-image size-large\"\/>\n<\/figure>\n<p>Integrante da escola Catedr\u00e1ticos do Samba, Neuza Malheiros, de 72 anos, destacou a emo\u00e7\u00e3o de participar do desfile. \u201cO desfile est\u00e1 muito lindo, deu muito trabalho tamb\u00e9m. A escola tem 48 anos e eu fa\u00e7o parte h\u00e1 25. Isso aqui \u00e9 a minha vida. Minha fam\u00edlia tamb\u00e9m participa, est\u00e1 no sangue o carnaval e a Catedr\u00e1tico\u201d, afirmou.<\/p>\n<p><strong><a href=\"https:\/\/mrnews.com.br\/index.php\/2026\/02\/17\/carnaval-de-corumba-reforca-identidade-cultural-e-vitrine-do-estado-agencia-de-noticias-do-governo-de-mato-grosso-do-sul\/\">Carnaval de Corumb\u00e1 refor\u00e7a identidade cultural e vitrine do Estado \u2013 Ag\u00eancia de Noticias do Governo de Mato Grosso do Sul<\/a><\/strong><\/p>\n<p><strong><a href=\"https:\/\/mrnews.com.br\/index.php\/2026\/02\/17\/prefeitura-de-bonito-implanta-cadastro-para-bicicletas-eletricas-e-veiculos-autopropelidos-prefeitura-municipal-de-bonito\/\">Prefeitura de Bonito implanta cadastro para bicicletas el\u00e9tricas e ve\u00edculos autopropelidos \u2013 Prefeitura Municipal de Bonito<\/a><\/strong><\/p>\n<p>A visitante Jurema Esp\u00edndola, de 58 anos, que veio de Corumb\u00e1, elogiou o evento. \u201c\u00c9 a primeira vez que venho assistir em Campo Grande e estou adorando. Est\u00e1 uma maravilha, a escola ficou linda. Estou levando fotos e filmagens para a fam\u00edlia ver como o carnaval da Capital \u00e9 bonito\u201d, disse.<\/p>\n<figure class=\"wp-block-gallery has-nested-images columns-default is-cropped wp-block-gallery-3 is-layout-flex wp-block-gallery-is-layout-flex\">\n<figure class=\"wp-block-image size-large\"\/>\n<figure class=\"wp-block-image size-large\"\/>\n<\/figure>\n<p>Leonardo de Jesus, de 60 anos, tamb\u00e9m aprovou a organiza\u00e7\u00e3o. \u201cJ\u00e1 fui membro de escola de samba e venho todos os anos. Est\u00e1 bem organizado, com \u00f3tima estrutura. Est\u00e3o de parab\u00e9ns pelo trabalho realizado\u201d, comentou.<\/p>\n<figure class=\"wp-block-gallery has-nested-images columns-default is-cropped wp-block-gallery-4 is-layout-flex wp-block-gallery-is-layout-flex\">\n<figure class=\"wp-block-image size-large\"\/>\n<figure class=\"wp-block-image size-large\"\/>\n<figure class=\"wp-block-image size-large\"\/>\n<figure class=\"wp-block-image size-large\"\/>\n<figure class=\"wp-block-image size-large\"\/>\n<figure class=\"wp-block-image size-large\"\/>\n<\/figure>\n<\/div>\n<p><script async defer async defer src=\"https:\/\/connect.facebook.net\/en_US\/sdk.js?ver=1#xfbml=1&amp;version=v3.2\" id=\"prefeitura-campogrande-script-facebook-sdk-js\" type=\"7034713119afbdce79a38312-text\/javascript\"><\/script><\/p>\n","protected":false},"excerpt":{"rendered":"<p>Por MRNews O segundo dia de Carnaval na Pra\u00e7a do Papa reuniu cerca de 20 mil pessoas na noite desta ter\u00e7a-feira (17), em Campo Grande. Tr\u00eas escolas de samba desfilaram, com in\u00edcio das apresenta\u00e7\u00f5es \u00e0s 20h30, levando ao p\u00fablico enredos, fantasias e muito ritmo, em mais uma noite de celebra\u00e7\u00e3o da cultura carnavalesca. A seguran\u00e7a &#8230; <a title=\"Segundo dia de desfile leva 20 mil pessoas para Pra\u00e7a do Papa \u2013 CGNot\u00edcias\" class=\"read-more\" href=\"https:\/\/ubajaranoticias.com.br\/index.php\/2026\/02\/18\/segundo-dia-de-desfile-leva-20-mil-pessoas-para-praca-do-papa-cgnoticias\/\" aria-label=\"Read more about Segundo dia de desfile leva 20 mil pessoas para Pra\u00e7a do Papa \u2013 CGNot\u00edcias\">Ler mais<\/a><\/p>\n","protected":false},"author":1,"featured_media":0,"comment_status":"","ping_status":"","sticky":false,"template":"","format":"standard","meta":{"footnotes":""},"categories":[1],"tags":[],"class_list":["post-35872","post","type-post","status-publish","format-standard","hentry","category-blog"],"amp_enabled":true,"_links":{"self":[{"href":"https:\/\/ubajaranoticias.com.br\/index.php\/wp-json\/wp\/v2\/posts\/35872","targetHints":{"allow":["GET"]}}],"collection":[{"href":"https:\/\/ubajaranoticias.com.br\/index.php\/wp-json\/wp\/v2\/posts"}],"about":[{"href":"https:\/\/ubajaranoticias.com.br\/index.php\/wp-json\/wp\/v2\/types\/post"}],"author":[{"embeddable":true,"href":"https:\/\/ubajaranoticias.com.br\/index.php\/wp-json\/wp\/v2\/users\/1"}],"replies":[{"embeddable":true,"href":"https:\/\/ubajaranoticias.com.br\/index.php\/wp-json\/wp\/v2\/comments?post=35872"}],"version-history":[{"count":0,"href":"https:\/\/ubajaranoticias.com.br\/index.php\/wp-json\/wp\/v2\/posts\/35872\/revisions"}],"wp:attachment":[{"href":"https:\/\/ubajaranoticias.com.br\/index.php\/wp-json\/wp\/v2\/media?parent=35872"}],"wp:term":[{"taxonomy":"category","embeddable":true,"href":"https:\/\/ubajaranoticias.com.br\/index.php\/wp-json\/wp\/v2\/categories?post=35872"},{"taxonomy":"post_tag","embeddable":true,"href":"https:\/\/ubajaranoticias.com.br\/index.php\/wp-json\/wp\/v2\/tags?post=35872"}],"curies":[{"name":"wp","href":"https:\/\/api.w.org\/{rel}","templated":true}]}}