{"id":35416,"date":"2026-02-04T02:00:57","date_gmt":"2026-02-04T05:00:57","guid":{"rendered":"https:\/\/ubajaranoticias.com.br\/index.php\/2026\/02\/04\/alunos-do-colegio-do-corpo-de-bombeiros-conquista-o-bronze-na-olimpiada-brasileira-de-matematica\/"},"modified":"2026-02-04T02:00:57","modified_gmt":"2026-02-04T05:00:57","slug":"alunos-do-colegio-do-corpo-de-bombeiros-conquista-o-bronze-na-olimpiada-brasileira-de-matematica","status":"publish","type":"post","link":"https:\/\/ubajaranoticias.com.br\/index.php\/2026\/02\/04\/alunos-do-colegio-do-corpo-de-bombeiros-conquista-o-bronze-na-olimpiada-brasileira-de-matematica\/","title":{"rendered":"Alunos do Col\u00e9gio do Corpo de Bombeiros conquista o bronze na Olimp\u00edada Brasileira de Matem\u00e1tica"},"content":{"rendered":"<p><\/p>\n<div id=\"\">&#13;<br \/>\n        &#13;<br \/>\n            &#13;<br \/>\n&#13;<br \/>\n            &#13;<br \/>\n&#13;<\/p>\n<h3 class=\"subtitulo  data  -bold\">&#13;<br \/>\n                3 de fevereiro de 2026 &#8211; 16:37&#13;<br \/>\n                                    <span class=\"hashtag\">  #CMCB #educa\u00e7\u00e3o #medalha <\/span>&#13;<br \/>\n                            <\/h3>\n<p>&#13;<br \/>\n&#13;<\/p>\n<div class=\"autor\">\n<p><span>Ascom SSPDS <\/span> &#8211; Texto e Foto <\/p>\n<\/p><\/div>\n<p>&#13;<br \/>\n            &#13;<\/p>\n<p>Mais duas medalhas de bronze em olimp\u00edadas escolares para os alunos do Col\u00e9gio Militar do Corpo de Bombeiros (CMCB) Rachel de Queiroz. Ana Maria Jord\u00e3o Pontes e Iago Costa de Sousa, ambos do 8\u00ba ano, foram premiados com o terceiro lugar na Olimp\u00edada Brasileira de Matem\u00e1tica (OBM) 2025. A cerim\u00f4nia foi na \u00faltima sexta-feira (30), em Aracruz, no estado do Esp\u00edrito Santo.<\/p>\n<p>Al\u00e9m do bronze, Ana Maria tamb\u00e9m conquistou a prata no Torneio Meninas na Matem\u00e1tica (TM\u00b2), destacando o not\u00e1vel saber feminino na \u00e1rea. Sob a orienta\u00e7\u00e3o do professor Paulo Rodrigues, a dupla agora avan\u00e7a para a fase de sele\u00e7\u00e3o das equipes brasileiras que disputar\u00e3o competi\u00e7\u00f5es internacionais no Cone Sul e a Olimp\u00edada de Matem\u00e1tica dos Pa\u00edses de L\u00edngua Portuguesa.<\/p>\n<p>A participa\u00e7\u00e3o de Ana Maria e Iago na Olimp\u00edada Brasileira de Matem\u00e1tica contou com o apoio da Secretaria da Educa\u00e7\u00e3o do Estado do Cear\u00e1 (Seduc). O evento integrou a Semana Ol\u00edmpica de Matem\u00e1tica 2026, que reuniu os principais talentos do pa\u00eds para uma imers\u00e3o intensiva em estudos de alto n\u00edvel.<\/p>\n<p>Segundo o tenente-coronel Joilton Menezes, \u201ca experi\u00eancia na Semana Ol\u00edmpica, com aulas ministradas por ex-ol\u00edmpicos e professores renomados, representa um salto na forma\u00e7\u00e3o desses jovens\u201d, destacou o comandante-diretor do Col\u00e9gio Militar do Corpo de Bombeiros (CMCB) Rachel de Queiroz.<\/p>\n<p>&#13;<br \/>\n            &#13;<br \/>\n&#13;<br \/>\n&#13;\n        <\/p><\/div>\n<p><script>\n  !function(f,b,e,v,n,t,s)\n  {if(f.fbq)return;n=f.fbq=function(){n.callMethod?\n  n.callMethod.apply(n,arguments):n.queue.push(arguments)};\n  if(!f._fbq)f._fbq=n;n.push=n;n.loaded=!0;n.version='2.0';\n  n.queue=[];t=b.createElement(e);t.async=!0;\n  t.src=v;s=b.getElementsByTagName(e)[0];\n  s.parentNode.insertBefore(t,s)}(window, document,'script',\n  'https:\/\/connect.facebook.net\/en_US\/fbevents.js');\n  fbq('init', '2184817648452087');\n  fbq('track', 'PageView');\n<\/script><script>\n  !function(f,b,e,v,n,t,s)\n  {if(f.fbq)return;n=f.fbq=function(){n.callMethod?\n  n.callMethod.apply(n,arguments):n.queue.push(arguments)};\n  if(!f._fbq)f._fbq=n;n.push=n;n.loaded=!0;n.version='2.0';\n  n.queue=[];t=b.createElement(e);t.async=!0;\n  t.src=v;s=b.getElementsByTagName(e)[0];\n  s.parentNode.insertBefore(t,s)}(window, document,'script',\n  'https:\/\/connect.facebook.net\/en_US\/fbevents.js');\n  fbq('init', '1160355440779120');\n  fbq('track', 'PageView');\n<\/script><script>(function(d, s, id) {\n  var js, fjs = d.getElementsByTagName(s)[0];\n  if (d.getElementById(id)) return;\n  js = d.createElement(s); js.id = id;\n  js.src = \"\/\/connect.facebook.net\/pt_BR\/sdk.js#xfbml=1&version=v2.10&appId=849378428549697\";\n  fjs.parentNode.insertBefore(js, fjs);\n}(document, 'script', 'facebook-jssdk'));<\/script><script>(function(d, s, id) {\n  var js, fjs = d.getElementsByTagName(s)[0];\n  if (d.getElementById(id)) return;\n  js = d.createElement(s); js.id = id;\n  js.src=\"https:\/\/connect.facebook.net\/pt_BR\/sdk.js#xfbml=1&version=v3.2&appId=664762440587486&autoLogAppEvents=1\";\n  fjs.parentNode.insertBefore(js, fjs);\n}(document, 'script', 'facebook-jssdk'));<\/script><\/p>\n","protected":false},"excerpt":{"rendered":"<p>&#13; &#13; &#13; &#13; &#13; &#13; &#13; 3 de fevereiro de 2026 &#8211; 16:37&#13; #CMCB #educa\u00e7\u00e3o #medalha &#13; &#13; &#13; Ascom SSPDS &#8211; Texto e Foto &#13; &#13; Mais duas medalhas de bronze em olimp\u00edadas escolares para os alunos do Col\u00e9gio Militar do Corpo de Bombeiros (CMCB) Rachel de Queiroz. Ana Maria Jord\u00e3o Pontes e &#8230; <a title=\"Alunos do Col\u00e9gio do Corpo de Bombeiros conquista o bronze na Olimp\u00edada Brasileira de Matem\u00e1tica\" class=\"read-more\" href=\"https:\/\/ubajaranoticias.com.br\/index.php\/2026\/02\/04\/alunos-do-colegio-do-corpo-de-bombeiros-conquista-o-bronze-na-olimpiada-brasileira-de-matematica\/\" aria-label=\"Read more about Alunos do Col\u00e9gio do Corpo de Bombeiros conquista o bronze na Olimp\u00edada Brasileira de Matem\u00e1tica\">Ler mais<\/a><\/p>\n","protected":false},"author":1,"featured_media":17730,"comment_status":"","ping_status":"","sticky":false,"template":"","format":"standard","meta":{"footnotes":""},"categories":[3],"tags":[],"class_list":["post-35416","post","type-post","status-publish","format-standard","has-post-thumbnail","hentry","category-noticias"],"amp_enabled":true,"_links":{"self":[{"href":"https:\/\/ubajaranoticias.com.br\/index.php\/wp-json\/wp\/v2\/posts\/35416","targetHints":{"allow":["GET"]}}],"collection":[{"href":"https:\/\/ubajaranoticias.com.br\/index.php\/wp-json\/wp\/v2\/posts"}],"about":[{"href":"https:\/\/ubajaranoticias.com.br\/index.php\/wp-json\/wp\/v2\/types\/post"}],"author":[{"embeddable":true,"href":"https:\/\/ubajaranoticias.com.br\/index.php\/wp-json\/wp\/v2\/users\/1"}],"replies":[{"embeddable":true,"href":"https:\/\/ubajaranoticias.com.br\/index.php\/wp-json\/wp\/v2\/comments?post=35416"}],"version-history":[{"count":0,"href":"https:\/\/ubajaranoticias.com.br\/index.php\/wp-json\/wp\/v2\/posts\/35416\/revisions"}],"wp:featuredmedia":[{"embeddable":true,"href":"https:\/\/ubajaranoticias.com.br\/index.php\/wp-json\/wp\/v2\/media\/17730"}],"wp:attachment":[{"href":"https:\/\/ubajaranoticias.com.br\/index.php\/wp-json\/wp\/v2\/media?parent=35416"}],"wp:term":[{"taxonomy":"category","embeddable":true,"href":"https:\/\/ubajaranoticias.com.br\/index.php\/wp-json\/wp\/v2\/categories?post=35416"},{"taxonomy":"post_tag","embeddable":true,"href":"https:\/\/ubajaranoticias.com.br\/index.php\/wp-json\/wp\/v2\/tags?post=35416"}],"curies":[{"name":"wp","href":"https:\/\/api.w.org\/{rel}","templated":true}]}}