{"id":35248,"date":"2026-01-29T22:30:37","date_gmt":"2026-01-30T01:30:37","guid":{"rendered":"https:\/\/ubajaranoticias.com.br\/index.php\/2026\/01\/29\/cagece-capacita-matriculas-para-cursos-gratuitos-ocorrem-neste-sabado-31-2\/"},"modified":"2026-01-29T22:30:37","modified_gmt":"2026-01-30T01:30:37","slug":"cagece-capacita-matriculas-para-cursos-gratuitos-ocorrem-neste-sabado-31-2","status":"publish","type":"post","link":"https:\/\/ubajaranoticias.com.br\/index.php\/2026\/01\/29\/cagece-capacita-matriculas-para-cursos-gratuitos-ocorrem-neste-sabado-31-2\/","title":{"rendered":"Cagece Capacita: matr\u00edculas para cursos gratuitos ocorrem neste s\u00e1bado (31)"},"content":{"rendered":"<p><\/p>\n<div id=\"\">&#13;<br \/>\n        &#13;<br \/>\n            &#13;<br \/>\n&#13;<br \/>\n            &#13;<br \/>\n&#13;<\/p>\n<h3 class=\"subtitulo  data  -bold\">&#13;<br \/>\n                29 de janeiro de 2026 &#8211; 15:47&#13;<br \/>\n                                    <span class=\"hashtag\">  #cagece #capacita\u00e7\u00e3o #cursos <\/span>&#13;<br \/>\n                            <\/h3>\n<p>&#13;<br \/>\n&#13;<\/p>\n<div class=\"autor\">\n<p><span>Ascom Cagece <\/span> &#8211; Texto e Foto<\/p>\n<\/p><\/div>\n<p>&#13;<br \/>\n            &#13;<\/p>\n<p>Neste s\u00e1bado (31) ser\u00e3o realizadas as matr\u00edculas para o Cagece Capacita, programa da Companhia de \u00c1gua e Esgoto do Cear\u00e1 (Cagece) que mensalmente oferta cursos profissionalizantes gratuitos . As inscri\u00e7\u00f5es ser\u00e3o das 7h30 \u00e0s 11h30, na Sede da companhia (avenida Lauro Vieira Chaves, 1030, Vila Uni\u00e3o, Fortaleza), por ordem de chegada.<\/p>\n<p>Para realizar a matr\u00edcula, os alunos devem ter idade m\u00ednima de 16 anos, apresentar carta de encaminhamento do SINE\/IDT, carteira de identidade, CPF e comprovante de endere\u00e7o. Ao todo, ser\u00e3o ofertadas 89 vagas para os cursos de atendimento ao cliente, inform\u00e1tica b\u00e1sica, orat\u00f3ria e mec\u00e2nica b\u00e1sica.<\/p>\n<p>As cartas de encaminhamento j\u00e1 est\u00e3o dispon\u00edveis. Os interessados nos treinamentos devem comparecer ao SINE\/IDT at\u00e9 o dia 30 de janeiro levando em m\u00e3os comprovante de endere\u00e7o em Fortaleza ou Regi\u00e3o Metropolitana de Fortaleza (RMF), n\u00famero do PIS ou Carteira de Trabalho e Previd\u00eancia Social (CTPS), identidade e CPF para solicitar o documento.<\/p>\n<p>A coordenadora de Responsabilidade Social da Cagece, Samara Silveira, destaca que a oferta mensal de cursos gratuitos refor\u00e7a o compromisso da companhia com a responsabilidade social. \u201cPor meio dessas capacita\u00e7\u00f5es, a Cagece contribui para a inser\u00e7\u00e3o no mercado de trabalho e amplia as possibilidades de crescimento profissional para a popula\u00e7\u00e3o\u201d, acrescenta.<\/p>\n<p>A Cagece refor\u00e7a que a carta de encaminhamento n\u00e3o garante a participa\u00e7\u00e3o no curso escolhido, pois as vagas ser\u00e3o preenchidas por ordem de chegada no dia da inscri\u00e7\u00e3o. Para quem j\u00e1 concluiu algum curso gratuito oferecido pela Cagece, \u00e9 poss\u00edvel substituir a carta de encaminhamento do SINE\/IDT pelo certificado de conclus\u00e3o do curso realizado. O material did\u00e1tico e o certificado de conclus\u00e3o ser\u00e3o entregues gratuitamente aos alunos. N\u00e3o ser\u00e1 permitida a entrada na sede da companhia trajando short ou bermuda.<\/p>\n<h3>Saiba Mais<\/h3>\n<p>Matr\u00edcula<br \/>Data: 31 de janeiro<br \/>Hor\u00e1rio: 7h30 \u00e0s 11h30<br \/>Local: Sede da Cagece (Avenida Lauro Vieira Chaves, 1030, Vila Uni\u00e3o, Fortaleza)<\/p>\n<p>Atendimento ao cliente \u2013 25 vagas<br \/>Per\u00edodo das aulas: 02\/02 a 13\/02\/2026<br \/>Hor\u00e1rio das aulas: 17h \u00e0s 20h, de segunda a sexta-feira<br \/>Local das aulas: Sede da Cagece (Avenida Lauro Vieira Chaves, 1030, Vila Uni\u00e3o, Fortaleza)<\/p>\n<p>Inform\u00e1tica b\u00e1sica \u2013 14 vagas<br \/>Per\u00edodo das aulas: 02\/02 a 25\/02\/2026<br \/>Hor\u00e1rio das aulas: 17h \u00e0s 20h, de segunda a sexta-feira<br \/>Local das aulas: Sede da Cagece (Avenida Lauro Vieira Chaves, 1030, Vila Uni\u00e3o, Fortaleza)<\/p>\n<p>Orat\u00f3ria\u2013 25 vagas<br \/>Per\u00edodo: 03\/02 a 26\/02\/2026<br \/>Hor\u00e1rio: 17h \u00e0s 20:20h, de segunda a sexta-feira<br \/>Local das aulas: Sede da Cagece (Avenida Lauro Vieira Chaves, 1030, Vila Uni\u00e3o, Fortaleza)<\/p>\n<p>Mec\u00e2nica b\u00e1sica\u2013 25 vagas<br \/>Per\u00edodo: 02\/02 a 08\/02\/2025<br \/>Hor\u00e1rio: 17h \u00e0s 20h, de segunda a sexta-feira; 08h \u00e0s 17, aos s\u00e1bados e domingos<br \/>Local das aulas: Unidade da Cagece no Pici (Rua Hilda Chavante, 1.900, Fortaleza)<\/p>\n<p>&#13;<br \/>\n            &#13;<br \/>\n&#13;<br \/>\n&#13;\n        <\/p><\/div>\n<p><script>\n  !function(f,b,e,v,n,t,s)\n  {if(f.fbq)return;n=f.fbq=function(){n.callMethod?\n  n.callMethod.apply(n,arguments):n.queue.push(arguments)};\n  if(!f._fbq)f._fbq=n;n.push=n;n.loaded=!0;n.version='2.0';\n  n.queue=[];t=b.createElement(e);t.async=!0;\n  t.src=v;s=b.getElementsByTagName(e)[0];\n  s.parentNode.insertBefore(t,s)}(window, document,'script',\n  'https:\/\/connect.facebook.net\/en_US\/fbevents.js');\n  fbq('init', '2184817648452087');\n  fbq('track', 'PageView');\n<\/script><script>\n  !function(f,b,e,v,n,t,s)\n  {if(f.fbq)return;n=f.fbq=function(){n.callMethod?\n  n.callMethod.apply(n,arguments):n.queue.push(arguments)};\n  if(!f._fbq)f._fbq=n;n.push=n;n.loaded=!0;n.version='2.0';\n  n.queue=[];t=b.createElement(e);t.async=!0;\n  t.src=v;s=b.getElementsByTagName(e)[0];\n  s.parentNode.insertBefore(t,s)}(window, document,'script',\n  'https:\/\/connect.facebook.net\/en_US\/fbevents.js');\n  fbq('init', '1160355440779120');\n  fbq('track', 'PageView');\n<\/script><script>(function(d, s, id) {\n  var js, fjs = d.getElementsByTagName(s)[0];\n  if (d.getElementById(id)) return;\n  js = d.createElement(s); js.id = id;\n  js.src = \"\/\/connect.facebook.net\/pt_BR\/sdk.js#xfbml=1&version=v2.10&appId=849378428549697\";\n  fjs.parentNode.insertBefore(js, fjs);\n}(document, 'script', 'facebook-jssdk'));<\/script><script>(function(d, s, id) {\n  var js, fjs = d.getElementsByTagName(s)[0];\n  if (d.getElementById(id)) return;\n  js = d.createElement(s); js.id = id;\n  js.src=\"https:\/\/connect.facebook.net\/pt_BR\/sdk.js#xfbml=1&version=v3.2&appId=664762440587486&autoLogAppEvents=1\";\n  fjs.parentNode.insertBefore(js, fjs);\n}(document, 'script', 'facebook-jssdk'));<\/script><\/p>\n","protected":false},"excerpt":{"rendered":"<p>&#13; &#13; &#13; &#13; &#13; &#13; &#13; 29 de janeiro de 2026 &#8211; 15:47&#13; #cagece #capacita\u00e7\u00e3o #cursos &#13; &#13; &#13; Ascom Cagece &#8211; Texto e Foto &#13; &#13; Neste s\u00e1bado (31) ser\u00e3o realizadas as matr\u00edculas para o Cagece Capacita, programa da Companhia de \u00c1gua e Esgoto do Cear\u00e1 (Cagece) que mensalmente oferta cursos profissionalizantes gratuitos &#8230; <a title=\"Cagece Capacita: matr\u00edculas para cursos gratuitos ocorrem neste s\u00e1bado (31)\" class=\"read-more\" href=\"https:\/\/ubajaranoticias.com.br\/index.php\/2026\/01\/29\/cagece-capacita-matriculas-para-cursos-gratuitos-ocorrem-neste-sabado-31-2\/\" aria-label=\"Read more about Cagece Capacita: matr\u00edculas para cursos gratuitos ocorrem neste s\u00e1bado (31)\">Ler mais<\/a><\/p>\n","protected":false},"author":1,"featured_media":17730,"comment_status":"","ping_status":"","sticky":false,"template":"","format":"standard","meta":{"footnotes":""},"categories":[3],"tags":[],"class_list":["post-35248","post","type-post","status-publish","format-standard","has-post-thumbnail","hentry","category-noticias"],"amp_enabled":true,"_links":{"self":[{"href":"https:\/\/ubajaranoticias.com.br\/index.php\/wp-json\/wp\/v2\/posts\/35248","targetHints":{"allow":["GET"]}}],"collection":[{"href":"https:\/\/ubajaranoticias.com.br\/index.php\/wp-json\/wp\/v2\/posts"}],"about":[{"href":"https:\/\/ubajaranoticias.com.br\/index.php\/wp-json\/wp\/v2\/types\/post"}],"author":[{"embeddable":true,"href":"https:\/\/ubajaranoticias.com.br\/index.php\/wp-json\/wp\/v2\/users\/1"}],"replies":[{"embeddable":true,"href":"https:\/\/ubajaranoticias.com.br\/index.php\/wp-json\/wp\/v2\/comments?post=35248"}],"version-history":[{"count":0,"href":"https:\/\/ubajaranoticias.com.br\/index.php\/wp-json\/wp\/v2\/posts\/35248\/revisions"}],"wp:featuredmedia":[{"embeddable":true,"href":"https:\/\/ubajaranoticias.com.br\/index.php\/wp-json\/wp\/v2\/media\/17730"}],"wp:attachment":[{"href":"https:\/\/ubajaranoticias.com.br\/index.php\/wp-json\/wp\/v2\/media?parent=35248"}],"wp:term":[{"taxonomy":"category","embeddable":true,"href":"https:\/\/ubajaranoticias.com.br\/index.php\/wp-json\/wp\/v2\/categories?post=35248"},{"taxonomy":"post_tag","embeddable":true,"href":"https:\/\/ubajaranoticias.com.br\/index.php\/wp-json\/wp\/v2\/tags?post=35248"}],"curies":[{"name":"wp","href":"https:\/\/api.w.org\/{rel}","templated":true}]}}