{"id":35201,"date":"2026-01-28T19:10:42","date_gmt":"2026-01-28T22:10:42","guid":{"rendered":"https:\/\/ubajaranoticias.com.br\/index.php\/2026\/01\/28\/prontuario-afetivo-destaca-particularidades-de-pacientes-internados\/"},"modified":"2026-01-28T19:10:42","modified_gmt":"2026-01-28T22:10:42","slug":"prontuario-afetivo-destaca-particularidades-de-pacientes-internados","status":"publish","type":"post","link":"https:\/\/ubajaranoticias.com.br\/index.php\/2026\/01\/28\/prontuario-afetivo-destaca-particularidades-de-pacientes-internados\/","title":{"rendered":"Prontu\u00e1rio afetivo destaca particularidades de pacientes internados"},"content":{"rendered":"<p><\/p>\n<div id=\"\">&#13;<br \/>\n        &#13;<br \/>\n            &#13;<br \/>\n&#13;<br \/>\n            &#13;<br \/>\n&#13;<\/p>\n<h3 class=\"subtitulo  data  -bold\">&#13;<br \/>\n                28 de janeiro de 2026 &#8211; 16:27&#13;<br \/>\n                                    <span class=\"hashtag\">  #HRVJ #Humaniza\u00e7\u00e3o #Prontu\u00e1rio afetivo <\/span>&#13;<br \/>\n                            <\/h3>\n<p>&#13;<br \/>\n&#13;<\/p>\n<div class=\"autor\">\n<p><span> Assessoria de Comunica\u00e7\u00e3o do HRVJ<\/span><br \/>&#13;<br \/>\n<span> Texto e fotos: Joelton Barboza <\/span><\/p>\n<\/p><\/div>\n<p>&#13;<br \/>\n            &#13;<\/p>\n<p style=\"text-align: center\"><em>Prontu\u00e1rio afetivo destaca subjetividades e curiosidades de pacientes<\/em><\/p>\n<p>A intera\u00e7\u00e3o com o paciente hospitalar vai al\u00e9m da terap\u00eautica, do manejo e da administra\u00e7\u00e3o de medicamentos. Na rede da Secretaria da Sa\u00fade do Cear\u00e1 (Sesa), envolve tamb\u00e9m afeto e humaniza\u00e7\u00e3o. Nesse contexto, o Hospital Regional Vale do Jaguaribe (HRVJ), em Limoeiro do Norte, implantou o <strong>\u201c<\/strong>Prontu\u00e1rio Afetivo<strong>\u201d,<\/strong> destacando gostos e informa\u00e7\u00f5es pessoais do paciente, com o objetivo de humanizar a interna\u00e7\u00e3o.<\/p>\n<p>A a\u00e7\u00e3o, pensada pelo\u00a0N\u00facleo de Experi\u00eancia do Paciente (Nexp)\u00a0da unidade, tem o objetivo de auxiliar o paciente no resgate do ser sadio e de sua subjetividade, proporcionando acolhimento social, familiar e viabilizando a sensibiliza\u00e7\u00e3o da equipe multiprofissional.<\/p>\n<p>Nivaldo Donizetti Barbosa, de 59 anos, \u00e9 um dos pacientes internados na cl\u00ednica m\u00e9dica com prontu\u00e1rio afetivo. O aut\u00f4nomo e morador de Paracuru avalia a iniciativa. \u201cRemete a lembran\u00e7as, remete a afetividade, como o pr\u00f3prio nome diz, ent\u00e3o eu acho muito interessante. Porque algu\u00e9m que venha nos visitar, ou at\u00e9 mesmo um profissional, ele olha no prontu\u00e1rio e sabe um pouco da intimidade do paciente. Ent\u00e3o, provavelmente, ele j\u00e1 vai saber mais ou menos como a pessoa age\u201d, explica.<\/p>\n<p style=\"text-align: center\"><em style=\"letter-spacing: 0.02px\"><\/em><em>A\u00e7\u00e3o \u00e9 pautada pela humaniza\u00e7\u00e3o do paciente<\/em><\/p>\n<h3>Subjetividades e afetos<\/h3>\n<p style=\"text-align: center\"><em style=\"letter-spacing: 0.02px\"><\/em><em>Projeto foi implantado nas cl\u00ednicas m\u00e9dica e psiqui\u00e1trica<\/em><\/p>\n<p>A coordenadora do servi\u00e7o de psicologia do HRVJ, Aline Franco, lembra que o prontu\u00e1rio promove a humaniza\u00e7\u00e3o do cuidado, resgatando a subjetividade do paciente e reconhecendo sua hist\u00f3ria, afetos e singularidade, para al\u00e9m do adoecimento.<\/p>\n<p>No prontu\u00e1rio afetivo de Nivaldo, por exemplo, constam informa\u00e7\u00f5es que n\u00e3o s\u00e3o registradas no prontu\u00e1rio eletr\u00f4nico, como o apelido, \u201cPaulista\u201d, que prov\u00e9m do fato de que ele \u00e9 natural de Pirassununga, interior do estado de S\u00e3o Paulo. Al\u00e9m disso, mostra o seu lugar preferido que \u00e9 Saint Martin, uma ilha do Caribe, onde atuou como funcion\u00e1rio de um grande hotel. Outra curiosidade do torcedor do S\u00e3o Paulo \u00e9 que ele gosta de cozinhar, pescar no mar e tem uma gatinha chamada Bolacha, bem como gosta de m\u00fasicas sertanejas.<\/p>\n<p>Segundo o coordenador do Servi\u00e7o Social da unidade, Leandro Monteiro, por meio da atividade, constata-se que os v\u00ednculos entre paciente, familiares e equipes de sa\u00fade s\u00e3o refor\u00e7ados, sendo ben\u00e9fico ao tratamento e per\u00edodo de hospitaliza\u00e7\u00e3o. \u201cCom a realiza\u00e7\u00e3o da atividade, \u00e9 poss\u00edvel atuar diante de manifesta\u00e7\u00f5es ps\u00edquicas, sociais e comportamentais do paciente, tais como a \u2018despessoaliza\u00e7\u00e3o\u2019, isolamento e sensa\u00e7\u00e3o de abandono, manifesta\u00e7\u00f5es comuns em pacientes com um longo per\u00edodo de hospitaliza\u00e7\u00e3o\u201d, destaca.<\/p>\n<p>Al\u00e9m disso, o profissional ainda pondera que o dispositivo contribui para o fortalecimento dos recursos de enfrentamento do paciente. \u201cA\u00e7\u00f5es como essa interferem diretamente na forma como o paciente compreende o adoecimento e ressignifica a viv\u00eancia atual, surgindo tamb\u00e9m como contribui\u00e7\u00e3o efetiva para o cuidado aos pacientes, como forma de sensibilizar a equipe diante do de quem requer cuidados paliativos, por exemplo, al\u00e9m de proporcionar aos mesmos e seus familiares, acolhimento, escuta e humaniza\u00e7\u00e3o com seu ambiente familiar\u201d, completa.<\/p>\n<p><strong>Leia tamb\u00e9m:<\/strong> \u201cProntu\u00e1rio afetivo\u201d amplia atendimento humanizado e constr\u00f3i v\u00ednculos entre profissionais e fam\u00edlias no HRN<\/p>\n<p>&#13;<br \/>\n            &#13;<br \/>\n&#13;<br \/>\n&#13;\n        <\/p><\/div>\n<p><script>\n  !function(f,b,e,v,n,t,s)\n  {if(f.fbq)return;n=f.fbq=function(){n.callMethod?\n  n.callMethod.apply(n,arguments):n.queue.push(arguments)};\n  if(!f._fbq)f._fbq=n;n.push=n;n.loaded=!0;n.version='2.0';\n  n.queue=[];t=b.createElement(e);t.async=!0;\n  t.src=v;s=b.getElementsByTagName(e)[0];\n  s.parentNode.insertBefore(t,s)}(window, document,'script',\n  'https:\/\/connect.facebook.net\/en_US\/fbevents.js');\n  fbq('init', '2184817648452087');\n  fbq('track', 'PageView');\n<\/script><script>\n  !function(f,b,e,v,n,t,s)\n  {if(f.fbq)return;n=f.fbq=function(){n.callMethod?\n  n.callMethod.apply(n,arguments):n.queue.push(arguments)};\n  if(!f._fbq)f._fbq=n;n.push=n;n.loaded=!0;n.version='2.0';\n  n.queue=[];t=b.createElement(e);t.async=!0;\n  t.src=v;s=b.getElementsByTagName(e)[0];\n  s.parentNode.insertBefore(t,s)}(window, document,'script',\n  'https:\/\/connect.facebook.net\/en_US\/fbevents.js');\n  fbq('init', '1160355440779120');\n  fbq('track', 'PageView');\n<\/script><script>(function(d, s, id) {\n  var js, fjs = d.getElementsByTagName(s)[0];\n  if (d.getElementById(id)) return;\n  js = d.createElement(s); js.id = id;\n  js.src = \"\/\/connect.facebook.net\/pt_BR\/sdk.js#xfbml=1&version=v2.10&appId=849378428549697\";\n  fjs.parentNode.insertBefore(js, fjs);\n}(document, 'script', 'facebook-jssdk'));<\/script><script>(function(d, s, id) {\n  var js, fjs = d.getElementsByTagName(s)[0];\n  if (d.getElementById(id)) return;\n  js = d.createElement(s); js.id = id;\n  js.src=\"https:\/\/connect.facebook.net\/pt_BR\/sdk.js#xfbml=1&version=v3.2&appId=664762440587486&autoLogAppEvents=1\";\n  fjs.parentNode.insertBefore(js, fjs);\n}(document, 'script', 'facebook-jssdk'));<\/script><\/p>\n","protected":false},"excerpt":{"rendered":"<p>&#13; &#13; &#13; &#13; &#13; &#13; &#13; 28 de janeiro de 2026 &#8211; 16:27&#13; #HRVJ #Humaniza\u00e7\u00e3o #Prontu\u00e1rio afetivo &#13; &#13; &#13; Assessoria de Comunica\u00e7\u00e3o do HRVJ&#13; Texto e fotos: Joelton Barboza &#13; &#13; Prontu\u00e1rio afetivo destaca subjetividades e curiosidades de pacientes A intera\u00e7\u00e3o com o paciente hospitalar vai al\u00e9m da terap\u00eautica, do manejo e da &#8230; <a title=\"Prontu\u00e1rio afetivo destaca particularidades de pacientes internados\" class=\"read-more\" href=\"https:\/\/ubajaranoticias.com.br\/index.php\/2026\/01\/28\/prontuario-afetivo-destaca-particularidades-de-pacientes-internados\/\" aria-label=\"Read more about Prontu\u00e1rio afetivo destaca particularidades de pacientes internados\">Ler mais<\/a><\/p>\n","protected":false},"author":1,"featured_media":17730,"comment_status":"","ping_status":"","sticky":false,"template":"","format":"standard","meta":{"footnotes":""},"categories":[3],"tags":[],"class_list":["post-35201","post","type-post","status-publish","format-standard","has-post-thumbnail","hentry","category-noticias"],"amp_enabled":true,"_links":{"self":[{"href":"https:\/\/ubajaranoticias.com.br\/index.php\/wp-json\/wp\/v2\/posts\/35201","targetHints":{"allow":["GET"]}}],"collection":[{"href":"https:\/\/ubajaranoticias.com.br\/index.php\/wp-json\/wp\/v2\/posts"}],"about":[{"href":"https:\/\/ubajaranoticias.com.br\/index.php\/wp-json\/wp\/v2\/types\/post"}],"author":[{"embeddable":true,"href":"https:\/\/ubajaranoticias.com.br\/index.php\/wp-json\/wp\/v2\/users\/1"}],"replies":[{"embeddable":true,"href":"https:\/\/ubajaranoticias.com.br\/index.php\/wp-json\/wp\/v2\/comments?post=35201"}],"version-history":[{"count":0,"href":"https:\/\/ubajaranoticias.com.br\/index.php\/wp-json\/wp\/v2\/posts\/35201\/revisions"}],"wp:featuredmedia":[{"embeddable":true,"href":"https:\/\/ubajaranoticias.com.br\/index.php\/wp-json\/wp\/v2\/media\/17730"}],"wp:attachment":[{"href":"https:\/\/ubajaranoticias.com.br\/index.php\/wp-json\/wp\/v2\/media?parent=35201"}],"wp:term":[{"taxonomy":"category","embeddable":true,"href":"https:\/\/ubajaranoticias.com.br\/index.php\/wp-json\/wp\/v2\/categories?post=35201"},{"taxonomy":"post_tag","embeddable":true,"href":"https:\/\/ubajaranoticias.com.br\/index.php\/wp-json\/wp\/v2\/tags?post=35201"}],"curies":[{"name":"wp","href":"https:\/\/api.w.org\/{rel}","templated":true}]}}