{"id":27477,"date":"2025-06-25T12:57:19","date_gmt":"2025-06-25T15:57:19","guid":{"rendered":"https:\/\/ubajaranoticias.com.br\/index.php\/2025\/06\/25\/pmce-captura-trio-suspeito-de-integrar-organizacao-criminosa-e-apreende-duas-armas-em-icapui\/"},"modified":"2025-06-25T12:57:19","modified_gmt":"2025-06-25T15:57:19","slug":"pmce-captura-trio-suspeito-de-integrar-organizacao-criminosa-e-apreende-duas-armas-em-icapui","status":"publish","type":"post","link":"https:\/\/ubajaranoticias.com.br\/index.php\/2025\/06\/25\/pmce-captura-trio-suspeito-de-integrar-organizacao-criminosa-e-apreende-duas-armas-em-icapui\/","title":{"rendered":"PMCE captura trio suspeito de integrar organiza\u00e7\u00e3o criminosa e apreende duas armas em Icapu\u00ed"},"content":{"rendered":"<p><\/p>\n<div id=\"\">&#13;<br \/>\n        &#13;<br \/>\n            &#13;<br \/>\n&#13;<br \/>\n            &#13;<br \/>\n&#13;<\/p>\n<h3 class=\"subtitulo  data  -bold\">&#13;<br \/>\n                25 de junho de 2025 &#8211; 12:43&#13;<br \/>\n                            <\/h3>\n<p>&#13;<br \/>\n&#13;<br \/>\n            &#13;<\/p>\n<p style=\"text-align: justify\">\nA Pol\u00edcia Militar do Cear\u00e1 prendeu, nesta segunda-feira (24), dois adultos e apreendeu um adolescente suspeitos de integrar um grupo criminoso em Icapu\u00ed, litoral leste do Estado. Com o trio, os agentes encontraram dois rev\u00f3lveres, uma motocicleta e um carro com placas adulteradas, o qual teria sido usado em uma a\u00e7\u00e3o criminosa registrada no s\u00e1bado (21), na Praia de Requenguela.<\/p>\n<p style=\"text-align: justify\">A opera\u00e7\u00e3o reuniu agentes da Subag\u00eancia de Intelig\u00eancia do 30.\u00ba Batalh\u00e3o e patrulhas do Policiamento Ostensivo Geral, BPTur e CPRaio. Informa\u00e7\u00f5es colhidas pela intelig\u00eancia indicaram o carro e o esconderijo dos suspeitos.<\/p>\n<p style=\"text-align: justify\">Durante a opera\u00e7\u00e3o, foram apreendidas duas armas de fogo, uma motocicleta e um ve\u00edculo modelo \u00d4nix, este \u00faltimo com placas em processo de adultera\u00e7\u00e3o e suspeito de ter sido utilizado na a\u00e7\u00e3o criminosa. Tr\u00eas indiv\u00edduos foram capturados: uma mulher de 23 anos, um homem de 22 e um adolescente de 17 anos.<\/p>\n<p style=\"text-align: justify\">O trio foi apresentado na Delegacia Municipal de Icapu\u00ed, onde a mulher foi autuada por organiza\u00e7\u00e3o criminosa e posse ilegal de arma de fogo; o adulto respondeu a inqu\u00e9rito por esses dois crimes e por recepta\u00e7\u00e3o; j\u00e1 em desfavor do adolescente foi instaurado ato infracional an\u00e1logo ao crime de organiza\u00e7\u00e3o criminosa. Contra eles, investiga-se, ainda, o envolvimento em outros crimes.<\/p>\n<p style=\"text-align: justify\"><strong>Den\u00fancias<\/strong><br \/>A popula\u00e7\u00e3o pode contribuir com as investiga\u00e7\u00f5es repassando informa\u00e7\u00f5es que auxiliem os trabalhos policiais. As informa\u00e7\u00f5es podem ser direcionadas para o n\u00famero 181, o Disque-Den\u00fancia da Secretaria da Seguran\u00e7a P\u00fablica e Defesa Social (SSPDS), ou para o (85) 3101-0181, que \u00e9 o n\u00famero de WhatsApp, pelo qual podem ser feitas den\u00fancias via mensagem, \u00e1udio, v\u00eddeo e fotografia ou ainda via \u201ce-den\u00fancia\u201d, o site do servi\u00e7o 181, por meio do endere\u00e7o eletr\u00f4nico: https:\/\/disquedenuncia181.sspds.ce.gov.br\/.<\/p>\n<p style=\"text-align: justify\">Assessoria de Comunica\u00e7\u00e3o da PMCE<\/p>\n<p>&#13;<br \/>\n            &#13;<br \/>\n&#13;<br \/>\n&#13;\n        <\/p><\/div>\n","protected":false},"excerpt":{"rendered":"<p>&#13; &#13; &#13; &#13; &#13; &#13; &#13; 25 de junho de 2025 &#8211; 12:43&#13; &#13; &#13; &#13; A Pol\u00edcia Militar do Cear\u00e1 prendeu, nesta segunda-feira (24), dois adultos e apreendeu um adolescente suspeitos de integrar um grupo criminoso em Icapu\u00ed, litoral leste do Estado. Com o trio, os agentes encontraram dois rev\u00f3lveres, uma motocicleta e &#8230; <a title=\"PMCE captura trio suspeito de integrar organiza\u00e7\u00e3o criminosa e apreende duas armas em Icapu\u00ed\" class=\"read-more\" href=\"https:\/\/ubajaranoticias.com.br\/index.php\/2025\/06\/25\/pmce-captura-trio-suspeito-de-integrar-organizacao-criminosa-e-apreende-duas-armas-em-icapui\/\" aria-label=\"Read more about PMCE captura trio suspeito de integrar organiza\u00e7\u00e3o criminosa e apreende duas armas em Icapu\u00ed\">Ler mais<\/a><\/p>\n","protected":false},"author":1,"featured_media":17730,"comment_status":"","ping_status":"","sticky":false,"template":"","format":"standard","meta":{"footnotes":""},"categories":[3],"tags":[],"class_list":["post-27477","post","type-post","status-publish","format-standard","has-post-thumbnail","hentry","category-noticias"],"amp_enabled":true,"_links":{"self":[{"href":"https:\/\/ubajaranoticias.com.br\/index.php\/wp-json\/wp\/v2\/posts\/27477","targetHints":{"allow":["GET"]}}],"collection":[{"href":"https:\/\/ubajaranoticias.com.br\/index.php\/wp-json\/wp\/v2\/posts"}],"about":[{"href":"https:\/\/ubajaranoticias.com.br\/index.php\/wp-json\/wp\/v2\/types\/post"}],"author":[{"embeddable":true,"href":"https:\/\/ubajaranoticias.com.br\/index.php\/wp-json\/wp\/v2\/users\/1"}],"replies":[{"embeddable":true,"href":"https:\/\/ubajaranoticias.com.br\/index.php\/wp-json\/wp\/v2\/comments?post=27477"}],"version-history":[{"count":0,"href":"https:\/\/ubajaranoticias.com.br\/index.php\/wp-json\/wp\/v2\/posts\/27477\/revisions"}],"wp:featuredmedia":[{"embeddable":true,"href":"https:\/\/ubajaranoticias.com.br\/index.php\/wp-json\/wp\/v2\/media\/17730"}],"wp:attachment":[{"href":"https:\/\/ubajaranoticias.com.br\/index.php\/wp-json\/wp\/v2\/media?parent=27477"}],"wp:term":[{"taxonomy":"category","embeddable":true,"href":"https:\/\/ubajaranoticias.com.br\/index.php\/wp-json\/wp\/v2\/categories?post=27477"},{"taxonomy":"post_tag","embeddable":true,"href":"https:\/\/ubajaranoticias.com.br\/index.php\/wp-json\/wp\/v2\/tags?post=27477"}],"curies":[{"name":"wp","href":"https:\/\/api.w.org\/{rel}","templated":true}]}}