{"id":27460,"date":"2025-06-24T23:38:39","date_gmt":"2025-06-25T02:38:39","guid":{"rendered":"https:\/\/ubajaranoticias.com.br\/index.php\/2025\/06\/24\/uece-promove-o-i-congresso-sobre-interdisciplinaridade-na-saude-coletiva\/"},"modified":"2025-06-24T23:38:39","modified_gmt":"2025-06-25T02:38:39","slug":"uece-promove-o-i-congresso-sobre-interdisciplinaridade-na-saude-coletiva","status":"publish","type":"post","link":"https:\/\/ubajaranoticias.com.br\/index.php\/2025\/06\/24\/uece-promove-o-i-congresso-sobre-interdisciplinaridade-na-saude-coletiva\/","title":{"rendered":"Uece promove o I Congresso sobre Interdisciplinaridade na Sa\u00fade Coletiva"},"content":{"rendered":"<p><\/p>\n<div id=\"\">&#13;<br \/>\n        &#13;<br \/>\n            &#13;<br \/>\n&#13;<br \/>\n            &#13;<br \/>\n&#13;<\/p>\n<h3 class=\"subtitulo  data  -bold\">&#13;<br \/>\n                24 de junho de 2025 &#8211; 15:51&#13;<br \/>\n                                    <span class=\"hashtag\">  ##Uece #Congresso #Sa\u00fade Coletiva <\/span>&#13;<br \/>\n                            <\/h3>\n<p>&#13;<br \/>\n&#13;<\/p>\n<div class=\"autor\">\n<p><span>  Adriana Rodrigues &#8211; Ascom Uece <\/span> &#8211; Texto <br \/>&#13;<br \/>\n<span> Ascom Uece <\/span> &#8211; Arte gr\u00e1fica <\/p>\n<\/p><\/div>\n<p>&#13;<br \/>\n            &#13;<\/p>\n<p>O Programa de P\u00f3s-gradua\u00e7\u00e3o em Sa\u00fade Coletiva da Universidade Estadual do Cear\u00e1 (PPSAC\/Uece) realizar\u00e1, no per\u00edodo de 28 a 30 de julho, no campus Itaperi, em formato h\u00edbrido, o I Congresso sobre Interdisciplinaridade na Sa\u00fade Coletiva: desafios em territ\u00f3rios invisibilizados.<\/p>\n<p>O evento tem como objetivo promover um espa\u00e7o de compartilhamento de saberes e experi\u00eancias sobre os desafios do Sistema \u00danico de Sa\u00fade (SUS), com \u00eanfase no trabalho em Sa\u00fade Coletiva e na aten\u00e7\u00e3o \u00e0 sa\u00fade de popula\u00e7\u00f5es invisibilizadas.<\/p>\n<p>O Congresso busca aprimorar a aten\u00e7\u00e3o \u00e0 sa\u00fade de grupos frequentemente marginalizados no SUS, reconhecendo a import\u00e2ncia da interdisciplinaridade e da colabora\u00e7\u00e3o entre diversos profissionais e \u00e1reas do conhecimento.<\/p>\n<p>Na programa\u00e7\u00e3o, est\u00e3o previstas oficinas, mesas-redondas, apresenta\u00e7\u00f5es de trabalhos e palestras, com temas relacionados a aten\u00e7\u00e3o \u00e0 sa\u00fade de minorias; sa\u00fade mental e condi\u00e7\u00f5es de trabalho; gest\u00e3o e planejamento para o SUS; e forma\u00e7\u00e3o em sa\u00fade e controle social.<\/p>\n<p>O evento \u00e9 voltado para profissionais de sa\u00fade (m\u00e9dicos, enfermeiros, psic\u00f3logos, etc.), pesquisadores, estudantes, formuladores de pol\u00edticas p\u00fablicas, gestores em sa\u00fade e sociedade civil. Os interessados podem obter mais informa\u00e7\u00f5es e realizar inscri\u00e7\u00e3o pelo site oficial do Congresso, clicando aqui.<\/p>\n<p>&#13;<br \/>\n            &#13;<br \/>\n&#13;<br \/>\n&#13;\n        <\/p><\/div>\n<p><script>\n  !function(f,b,e,v,n,t,s)\n  {if(f.fbq)return;n=f.fbq=function(){n.callMethod?\n  n.callMethod.apply(n,arguments):n.queue.push(arguments)};\n  if(!f._fbq)f._fbq=n;n.push=n;n.loaded=!0;n.version='2.0';\n  n.queue=[];t=b.createElement(e);t.async=!0;\n  t.src=v;s=b.getElementsByTagName(e)[0];\n  s.parentNode.insertBefore(t,s)}(window, document,'script',\n  'https:\/\/connect.facebook.net\/en_US\/fbevents.js');\n  fbq('init', '2184817648452087');\n  fbq('track', 'PageView');\n<\/script><script>\n  !function(f,b,e,v,n,t,s)\n  {if(f.fbq)return;n=f.fbq=function(){n.callMethod?\n  n.callMethod.apply(n,arguments):n.queue.push(arguments)};\n  if(!f._fbq)f._fbq=n;n.push=n;n.loaded=!0;n.version='2.0';\n  n.queue=[];t=b.createElement(e);t.async=!0;\n  t.src=v;s=b.getElementsByTagName(e)[0];\n  s.parentNode.insertBefore(t,s)}(window, document,'script',\n  'https:\/\/connect.facebook.net\/en_US\/fbevents.js');\n  fbq('init', '1160355440779120');\n  fbq('track', 'PageView');\n<\/script><script>(function(d, s, id) {\n  var js, fjs = d.getElementsByTagName(s)[0];\n  if (d.getElementById(id)) return;\n  js = d.createElement(s); js.id = id;\n  js.src = \"\/\/connect.facebook.net\/pt_BR\/sdk.js#xfbml=1&version=v2.10&appId=849378428549697\";\n  fjs.parentNode.insertBefore(js, fjs);\n}(document, 'script', 'facebook-jssdk'));<\/script><script>(function(d, s, id) {\n  var js, fjs = d.getElementsByTagName(s)[0];\n  if (d.getElementById(id)) return;\n  js = d.createElement(s); js.id = id;\n  js.src=\"https:\/\/connect.facebook.net\/pt_BR\/sdk.js#xfbml=1&version=v3.2&appId=664762440587486&autoLogAppEvents=1\";\n  fjs.parentNode.insertBefore(js, fjs);\n}(document, 'script', 'facebook-jssdk'));<\/script><\/p>\n","protected":false},"excerpt":{"rendered":"<p>&#13; &#13; &#13; &#13; &#13; &#13; &#13; 24 de junho de 2025 &#8211; 15:51&#13; ##Uece #Congresso #Sa\u00fade Coletiva &#13; &#13; &#13; Adriana Rodrigues &#8211; Ascom Uece &#8211; Texto &#13; Ascom Uece &#8211; Arte gr\u00e1fica &#13; &#13; O Programa de P\u00f3s-gradua\u00e7\u00e3o em Sa\u00fade Coletiva da Universidade Estadual do Cear\u00e1 (PPSAC\/Uece) realizar\u00e1, no per\u00edodo de 28 a &#8230; <a title=\"Uece promove o I Congresso sobre Interdisciplinaridade na Sa\u00fade Coletiva\" class=\"read-more\" href=\"https:\/\/ubajaranoticias.com.br\/index.php\/2025\/06\/24\/uece-promove-o-i-congresso-sobre-interdisciplinaridade-na-saude-coletiva\/\" aria-label=\"Read more about Uece promove o I Congresso sobre Interdisciplinaridade na Sa\u00fade Coletiva\">Ler mais<\/a><\/p>\n","protected":false},"author":1,"featured_media":17730,"comment_status":"","ping_status":"","sticky":false,"template":"","format":"standard","meta":{"footnotes":""},"categories":[3],"tags":[],"class_list":["post-27460","post","type-post","status-publish","format-standard","has-post-thumbnail","hentry","category-noticias"],"amp_enabled":true,"_links":{"self":[{"href":"https:\/\/ubajaranoticias.com.br\/index.php\/wp-json\/wp\/v2\/posts\/27460","targetHints":{"allow":["GET"]}}],"collection":[{"href":"https:\/\/ubajaranoticias.com.br\/index.php\/wp-json\/wp\/v2\/posts"}],"about":[{"href":"https:\/\/ubajaranoticias.com.br\/index.php\/wp-json\/wp\/v2\/types\/post"}],"author":[{"embeddable":true,"href":"https:\/\/ubajaranoticias.com.br\/index.php\/wp-json\/wp\/v2\/users\/1"}],"replies":[{"embeddable":true,"href":"https:\/\/ubajaranoticias.com.br\/index.php\/wp-json\/wp\/v2\/comments?post=27460"}],"version-history":[{"count":0,"href":"https:\/\/ubajaranoticias.com.br\/index.php\/wp-json\/wp\/v2\/posts\/27460\/revisions"}],"wp:featuredmedia":[{"embeddable":true,"href":"https:\/\/ubajaranoticias.com.br\/index.php\/wp-json\/wp\/v2\/media\/17730"}],"wp:attachment":[{"href":"https:\/\/ubajaranoticias.com.br\/index.php\/wp-json\/wp\/v2\/media?parent=27460"}],"wp:term":[{"taxonomy":"category","embeddable":true,"href":"https:\/\/ubajaranoticias.com.br\/index.php\/wp-json\/wp\/v2\/categories?post=27460"},{"taxonomy":"post_tag","embeddable":true,"href":"https:\/\/ubajaranoticias.com.br\/index.php\/wp-json\/wp\/v2\/tags?post=27460"}],"curies":[{"name":"wp","href":"https:\/\/api.w.org\/{rel}","templated":true}]}}