{"id":27136,"date":"2025-06-16T15:22:19","date_gmt":"2025-06-16T18:22:19","guid":{"rendered":"https:\/\/ubajaranoticias.com.br\/index.php\/2025\/06\/16\/secretaria-da-pesca-do-ceara-realiza-projeto-peixamento-em-reservatorios-do-cariri\/"},"modified":"2025-06-16T15:22:19","modified_gmt":"2025-06-16T18:22:19","slug":"secretaria-da-pesca-do-ceara-realiza-projeto-peixamento-em-reservatorios-do-cariri","status":"publish","type":"post","link":"https:\/\/ubajaranoticias.com.br\/index.php\/2025\/06\/16\/secretaria-da-pesca-do-ceara-realiza-projeto-peixamento-em-reservatorios-do-cariri\/","title":{"rendered":"Secretaria da Pesca do Cear\u00e1 realiza projeto peixamento em reservat\u00f3rios do Cariri"},"content":{"rendered":"<p><\/p>\n<div id=\"\">&#13;<br \/>\n        &#13;<br \/>\n            &#13;<br \/>\n&#13;<br \/>\n            &#13;<br \/>\n&#13;<\/p>\n<h3 class=\"subtitulo  data  -bold\">&#13;<br \/>\n                16 de junho de 2025 &#8211; 15:02&#13;<br \/>\n                                    <span class=\"hashtag\">  #peixamento #sustentabilidade <\/span>&#13;<br \/>\n                            <\/h3>\n<p>&#13;<br \/>\n&#13;<br \/>\n                            &#13;<br \/>\n            &#13;<\/p>\n<p>A\u00e7udes localizados nos munic\u00edpios de Brejo Santo, Barro e Milagres, na Regi\u00e3o do Cariri, receberam, na \u00faltima sexta-feira (13), a a\u00e7\u00e3o de Peixamento da Secretaria da Pesca e Aquicultura do Cear\u00e1 (SPA). Esta \u00e9 mais uma etapa do projeto de peixamento que o \u00f3rg\u00e3o estadual executa, com o objetivo de promover a pesca sustent\u00e1vel em a\u00e7udes e lagoas, em diversos munic\u00edpios cearenses.<\/p>\n<p>A a\u00e7\u00e3o envolve, al\u00e9m da distribui\u00e7\u00e3o dos alevinos, o acompanhamento e monitoramento por parte de t\u00e9cnicos da secretaria para avalia\u00e7\u00e3o da pr\u00e1tica executada. A ideia \u00e9 monitorar aspectos como a melhoria da qualidade dos produtos, bem como a redu\u00e7\u00e3o de perdas na produ\u00e7\u00e3o.<\/p>\n<p>A expectativa de t\u00e9cnicos da Secretaria \u00e9 de que, no segundo semestre, as a\u00e7\u00f5es da SPA continuem impactando positivamente centenas de fam\u00edlias ao garantir a seguran\u00e7a alimentar e fortalecer a economia local. \u201cUma atividade voltada n\u00e3o apenas para gera\u00e7\u00e3o de renda para as pr\u00f3prias comunidades mas tamb\u00e9m para a economia do estado\u201d, afirma t\u00e9cnico do \u00f3rg\u00e3o estadual, Raimundo Nonato.<\/p>\n<p>No Cear\u00e1, dever\u00e3o ser executadas a\u00e7\u00f5es que proporcionem ocupa\u00e7\u00e3o e renda aos pescadores artesanais em todas as regi\u00f5es do estado.<\/p>\n<p>&#13;<br \/>\n            &#13;<br \/>\n&#13;<br \/>\n&#13;\n        <\/p><\/div>\n<p><script>\n  !function(f,b,e,v,n,t,s)\n  {if(f.fbq)return;n=f.fbq=function(){n.callMethod?\n  n.callMethod.apply(n,arguments):n.queue.push(arguments)};\n  if(!f._fbq)f._fbq=n;n.push=n;n.loaded=!0;n.version='2.0';\n  n.queue=[];t=b.createElement(e);t.async=!0;\n  t.src=v;s=b.getElementsByTagName(e)[0];\n  s.parentNode.insertBefore(t,s)}(window, document,'script',\n  'https:\/\/connect.facebook.net\/en_US\/fbevents.js');\n  fbq('init', '2184817648452087');\n  fbq('track', 'PageView');\n<\/script><script>\n  !function(f,b,e,v,n,t,s)\n  {if(f.fbq)return;n=f.fbq=function(){n.callMethod?\n  n.callMethod.apply(n,arguments):n.queue.push(arguments)};\n  if(!f._fbq)f._fbq=n;n.push=n;n.loaded=!0;n.version='2.0';\n  n.queue=[];t=b.createElement(e);t.async=!0;\n  t.src=v;s=b.getElementsByTagName(e)[0];\n  s.parentNode.insertBefore(t,s)}(window, document,'script',\n  'https:\/\/connect.facebook.net\/en_US\/fbevents.js');\n  fbq('init', '1160355440779120');\n  fbq('track', 'PageView');\n<\/script><script>(function(d, s, id) {\n  var js, fjs = d.getElementsByTagName(s)[0];\n  if (d.getElementById(id)) return;\n  js = d.createElement(s); js.id = id;\n  js.src = \"\/\/connect.facebook.net\/pt_BR\/sdk.js#xfbml=1&version=v2.10&appId=849378428549697\";\n  fjs.parentNode.insertBefore(js, fjs);\n}(document, 'script', 'facebook-jssdk'));<\/script><script>(function(d, s, id) {\n  var js, fjs = d.getElementsByTagName(s)[0];\n  if (d.getElementById(id)) return;\n  js = d.createElement(s); js.id = id;\n  js.src=\"https:\/\/connect.facebook.net\/pt_BR\/sdk.js#xfbml=1&version=v3.2&appId=664762440587486&autoLogAppEvents=1\";\n  fjs.parentNode.insertBefore(js, fjs);\n}(document, 'script', 'facebook-jssdk'));<\/script><\/p>\n","protected":false},"excerpt":{"rendered":"<p>&#13; &#13; &#13; &#13; &#13; &#13; &#13; 16 de junho de 2025 &#8211; 15:02&#13; #peixamento #sustentabilidade &#13; &#13; &#13; &#13; &#13; A\u00e7udes localizados nos munic\u00edpios de Brejo Santo, Barro e Milagres, na Regi\u00e3o do Cariri, receberam, na \u00faltima sexta-feira (13), a a\u00e7\u00e3o de Peixamento da Secretaria da Pesca e Aquicultura do Cear\u00e1 (SPA). Esta \u00e9 &#8230; <a title=\"Secretaria da Pesca do Cear\u00e1 realiza projeto peixamento em reservat\u00f3rios do Cariri\" class=\"read-more\" href=\"https:\/\/ubajaranoticias.com.br\/index.php\/2025\/06\/16\/secretaria-da-pesca-do-ceara-realiza-projeto-peixamento-em-reservatorios-do-cariri\/\" aria-label=\"Read more about Secretaria da Pesca do Cear\u00e1 realiza projeto peixamento em reservat\u00f3rios do Cariri\">Ler mais<\/a><\/p>\n","protected":false},"author":1,"featured_media":17730,"comment_status":"","ping_status":"","sticky":false,"template":"","format":"standard","meta":{"footnotes":""},"categories":[3],"tags":[],"class_list":["post-27136","post","type-post","status-publish","format-standard","has-post-thumbnail","hentry","category-noticias"],"amp_enabled":true,"_links":{"self":[{"href":"https:\/\/ubajaranoticias.com.br\/index.php\/wp-json\/wp\/v2\/posts\/27136","targetHints":{"allow":["GET"]}}],"collection":[{"href":"https:\/\/ubajaranoticias.com.br\/index.php\/wp-json\/wp\/v2\/posts"}],"about":[{"href":"https:\/\/ubajaranoticias.com.br\/index.php\/wp-json\/wp\/v2\/types\/post"}],"author":[{"embeddable":true,"href":"https:\/\/ubajaranoticias.com.br\/index.php\/wp-json\/wp\/v2\/users\/1"}],"replies":[{"embeddable":true,"href":"https:\/\/ubajaranoticias.com.br\/index.php\/wp-json\/wp\/v2\/comments?post=27136"}],"version-history":[{"count":0,"href":"https:\/\/ubajaranoticias.com.br\/index.php\/wp-json\/wp\/v2\/posts\/27136\/revisions"}],"wp:featuredmedia":[{"embeddable":true,"href":"https:\/\/ubajaranoticias.com.br\/index.php\/wp-json\/wp\/v2\/media\/17730"}],"wp:attachment":[{"href":"https:\/\/ubajaranoticias.com.br\/index.php\/wp-json\/wp\/v2\/media?parent=27136"}],"wp:term":[{"taxonomy":"category","embeddable":true,"href":"https:\/\/ubajaranoticias.com.br\/index.php\/wp-json\/wp\/v2\/categories?post=27136"},{"taxonomy":"post_tag","embeddable":true,"href":"https:\/\/ubajaranoticias.com.br\/index.php\/wp-json\/wp\/v2\/tags?post=27136"}],"curies":[{"name":"wp","href":"https:\/\/api.w.org\/{rel}","templated":true}]}}