{"id":26861,"date":"2025-06-10T04:18:51","date_gmt":"2025-06-10T07:18:51","guid":{"rendered":"https:\/\/ubajaranoticias.com.br\/index.php\/2025\/06\/10\/dolar-cai-para-r-556-a-espera-de-pacote-fiscal\/"},"modified":"2025-06-10T04:18:51","modified_gmt":"2025-06-10T07:18:51","slug":"dolar-cai-para-r-556-a-espera-de-pacote-fiscal","status":"publish","type":"post","link":"https:\/\/ubajaranoticias.com.br\/index.php\/2025\/06\/10\/dolar-cai-para-r-556-a-espera-de-pacote-fiscal\/","title":{"rendered":"D\u00f3lar cai para R$ 5,56 \u00e0 espera de pacote fiscal"},"content":{"rendered":"<p> Por MRNews<br \/>\n<\/p>\n<div wp_automatic_readability=\"62.085027726433\">\n<p>Em meio \u00e0 expectativa para o an\u00fancio de um pacote fiscal no Brasil, o d\u00f3lar alternou altas e baixas, mas voltou a cair e a fechar no menor valor desde outubro. A bolsa de valores recuou pela quarta vez seguida e continua no menor n\u00edvel em um m\u00eas.<\/p>\n<p>O d\u00f3lar comercial encerrou esta segunda-feira (9) vendido a R$ 5,563, com queda de 0,14%. A cota\u00e7\u00e3o encostou em R$ 5,60 por volta das 10h30, caiu para R$ 5,55 por volta das 15h30 e fechou pr\u00f3xima da estabilidade, com leve queda.<\/p>\n<p>Com o desempenho desta segunda, a moeda norte-americana est\u00e1 no menor n\u00edvel desde 8 de outubro. A divisa acumula queda de 2,74% em junho e de\u00a09,99% em 2025.<\/p>\n<p><strong><a href=\"https:\/\/mrnews.com.br\/index.php\/2025\/06\/10\/sao-paulo-tem-previsao-de-temperatura-minima-de-2oc-para-esta-semana\/\">S\u00e3o Paulo tem previs\u00e3o de temperatura m\u00ednima de 2\u00baC para esta semana<\/a><\/strong><\/p>\n<p><strong><a href=\"https:\/\/mrnews.com.br\/index.php\/2025\/06\/10\/ramagem-diz-que-vai-demonstrar-inocencia-em-acao-da-trama-golpista\/\">Ramagem diz que vai demonstrar inoc\u00eancia em a\u00e7\u00e3o da trama golpista<\/a><\/strong><\/p>\n<p>Assim como nas \u00faltimas sess\u00f5es, a queda no mercado de c\u00e2mbio n\u00e3o se repetiu no mercado de a\u00e7\u00f5es. O \u00edndice Ibovespa, da B3, fechou aos 135.699 pontos, com queda de 0,3%. O indicador chegou a cair 1,42% \u00e0s 10h58, mas ganhou for\u00e7a durante a tarde e diminuiu o ritmo de queda. A bolsa brasileira est\u00e1 no menor n\u00edvel desde 7 de maio.<\/p>\n<p>As negocia\u00e7\u00f5es desta segunda foram dominadas pela expectativa em torno do an\u00fancio das medidas para compensar a eleva\u00e7\u00e3o do Imposto sobre Opera\u00e7\u00f5es Financeiras (IOF).<\/p>\n<p>No fim da noite de domingo (8), o ministro da Fazenda, Fernando Haddad, informou\u00a0que as medidas, a serem anunciadas nesta ter\u00e7a-feira (10), incluem o aumento da taxa\u00e7\u00e3o das bets (empresas de apostas virtuais), o aumento da Contribui\u00e7\u00e3o Social sobre o Lucro L\u00edquido (CSLL) das <em>fintechs <\/em>e o fim das isen\u00e7\u00f5es para as Letras de Cr\u00e9dito Imobili\u00e1rio (LCI) e Letras de Cr\u00e9dito do Agroneg\u00f3cio (LCA).<\/p>\n<p>Nesta tarde, o presidente da C\u00e2mara dos Deputados, Hugo Motta (Republicanos-PB), disse que n\u00e3o h\u00e1 o compromisso de o Congresso aprovar todas as medidas.\u00a0O parlamentar pediu a inclus\u00e3o de mais medidas de corte de gastos, em vez de apenas eleva\u00e7\u00f5es de impostos.<\/p>\n<p><strong><a href=\"https:\/\/mrnews.com.br\/index.php\/2025\/06\/09\/ramagem-nega-monitoramento-ilegal-de-ministros-do-stf-pela-abin\/\">Ramagem nega monitoramento ilegal de ministros do STF pela Abin<\/a><\/strong><\/p>\n<p><strong><a href=\"https:\/\/mrnews.com.br\/index.php\/2025\/06\/09\/mendonca-vota-a-favor-da-revisao-da-vida-toda-no-stf\/\">Mendon\u00e7a vota a favor da revis\u00e3o da vida toda no STF\u00a0<\/a><\/strong><\/p>\n<p><em>*Com informa\u00e7\u00f5es da Reuters<\/em><\/p>\n<\/div>\n","protected":false},"excerpt":{"rendered":"<p>Por MRNews Em meio \u00e0 expectativa para o an\u00fancio de um pacote fiscal no Brasil, o d\u00f3lar alternou altas e baixas, mas voltou a cair e a fechar no menor valor desde outubro. A bolsa de valores recuou pela quarta vez seguida e continua no menor n\u00edvel em um m\u00eas. O d\u00f3lar comercial encerrou esta &#8230; <a title=\"D\u00f3lar cai para R$ 5,56 \u00e0 espera de pacote fiscal\" class=\"read-more\" href=\"https:\/\/ubajaranoticias.com.br\/index.php\/2025\/06\/10\/dolar-cai-para-r-556-a-espera-de-pacote-fiscal\/\" aria-label=\"Read more about D\u00f3lar cai para R$ 5,56 \u00e0 espera de pacote fiscal\">Ler mais<\/a><\/p>\n","protected":false},"author":1,"featured_media":0,"comment_status":"","ping_status":"","sticky":false,"template":"","format":"standard","meta":{"footnotes":""},"categories":[1],"tags":[],"class_list":["post-26861","post","type-post","status-publish","format-standard","hentry","category-blog"],"amp_enabled":true,"_links":{"self":[{"href":"https:\/\/ubajaranoticias.com.br\/index.php\/wp-json\/wp\/v2\/posts\/26861","targetHints":{"allow":["GET"]}}],"collection":[{"href":"https:\/\/ubajaranoticias.com.br\/index.php\/wp-json\/wp\/v2\/posts"}],"about":[{"href":"https:\/\/ubajaranoticias.com.br\/index.php\/wp-json\/wp\/v2\/types\/post"}],"author":[{"embeddable":true,"href":"https:\/\/ubajaranoticias.com.br\/index.php\/wp-json\/wp\/v2\/users\/1"}],"replies":[{"embeddable":true,"href":"https:\/\/ubajaranoticias.com.br\/index.php\/wp-json\/wp\/v2\/comments?post=26861"}],"version-history":[{"count":0,"href":"https:\/\/ubajaranoticias.com.br\/index.php\/wp-json\/wp\/v2\/posts\/26861\/revisions"}],"wp:attachment":[{"href":"https:\/\/ubajaranoticias.com.br\/index.php\/wp-json\/wp\/v2\/media?parent=26861"}],"wp:term":[{"taxonomy":"category","embeddable":true,"href":"https:\/\/ubajaranoticias.com.br\/index.php\/wp-json\/wp\/v2\/categories?post=26861"},{"taxonomy":"post_tag","embeddable":true,"href":"https:\/\/ubajaranoticias.com.br\/index.php\/wp-json\/wp\/v2\/tags?post=26861"}],"curies":[{"name":"wp","href":"https:\/\/api.w.org\/{rel}","templated":true}]}}