{"id":24225,"date":"2025-04-15T03:46:25","date_gmt":"2025-04-15T06:46:25","guid":{"rendered":"https:\/\/ubajaranoticias.com.br\/index.php\/2025\/04\/15\/quais-filmes-vao-passar-segunda-14-04-na-globo-corujao-sessao-da-tarde-e-tela-quente\/"},"modified":"2025-04-15T03:46:25","modified_gmt":"2025-04-15T06:46:25","slug":"quais-filmes-vao-passar-segunda-14-04-na-globo-corujao-sessao-da-tarde-e-tela-quente","status":"publish","type":"post","link":"https:\/\/ubajaranoticias.com.br\/index.php\/2025\/04\/15\/quais-filmes-vao-passar-segunda-14-04-na-globo-corujao-sessao-da-tarde-e-tela-quente\/","title":{"rendered":"Quais filmes v\u00e3o passar Segunda (14\/04) na Globo? CORUJ\u00c3O, SESS\u00c3O DA TARDE E TELA QUENTE"},"content":{"rendered":"<p> Por MRNews<br \/>\n<\/p>\n<div wp_automatic_readability=\"80.282296650718\">\n<p>COnfira a programa\u00e7\u00e3o da Globo\u00a0 <strong>hoje, 14\/04\/<\/strong><strong>2024 e que horas come\u00e7am os filmes de hoje.\u00a0<\/strong><\/p>\n<p><strong>Filmes da Globo \u2013 Segunda-feira, 14\/04\/2025: Sess\u00e3o da Tarde e Tela Quente com drama esportivo e homenagem a um \u00edcone do humor brasileiro<\/strong><\/p>\n<p>A <strong>Globo<\/strong> preparou uma programa\u00e7\u00e3o especial para esta <strong>segunda-feira, 14 de abril de 2025<\/strong>, com dois filmes que prometem emocionar e inspirar o p\u00fablico. A <strong>Sess\u00e3o da Tarde<\/strong> traz uma hist\u00f3ria de supera\u00e7\u00e3o com Kevin Costner, enquanto a <strong>Tela Quente<\/strong> exibe a emocionante cinebiografia de um dos maiores humoristas do Brasil: Mussum.<\/p>\n<hr\/>\n<h3><strong>Sess\u00e3o da Tarde \u2013 15h25 (hor\u00e1rio de Bras\u00edlia)<\/strong><\/h3>\n<p><strong>McFarland dos EUA<\/strong><br \/><strong>T\u00edtulo original:<\/strong> <em>McFarland, USA<\/em><br \/><strong>Ano:<\/strong> 2015<br \/><strong>Pa\u00eds de origem:<\/strong> Estados Unidos<br \/><strong>Dire\u00e7\u00e3o:<\/strong> Niki Caro<br \/><strong>Elenco:<\/strong> Kevin Costner, Morgan Saylor, Maria Bello, Carlos Pratts, Ramiro Rodriguez<br \/><strong>G\u00eanero:<\/strong> Drama<\/p>\n<p>Baseado em uma hist\u00f3ria real, o longa acompanha <strong>Jim White (Kevin Costner)<\/strong>, um treinador que, ap\u00f3s ser demitido, aceita um emprego em uma escola de uma comunidade carente em <strong>McFarland<\/strong>, na Calif\u00f3rnia. L\u00e1, ele descobre o talento natural de alguns jovens para o atletismo e monta uma equipe de corrida. Mais do que formar atletas, Jim muda o destino de vidas e fortalece a autoestima dos estudantes, enfrentando os desafios sociais e econ\u00f4micos da regi\u00e3o.<\/p>\n<p>Uma hist\u00f3ria comovente e inspiradora que mostra como o esporte pode transformar realidades.<\/p>\n<hr\/>\n<h3><strong>Tela Quente \u2013 22h25 (hor\u00e1rio de Bras\u00edlia)<\/strong><\/h3>\n<p><strong>Mussum, O Filmis<\/strong><br \/><strong>Ano:<\/strong> 2022<br \/><strong>Pa\u00eds de origem:<\/strong> Brasil<br \/><strong>Dire\u00e7\u00e3o:<\/strong> Silvio Guindane<br \/><strong>Elenco:<\/strong> Ailton Gra\u00e7a, Cacau Prot\u00e1sio, Yuri Mar\u00e7al, Neusa Borges<br \/><strong>G\u00eanero:<\/strong> Biografia<\/p>\n<p>A <strong>Tela Quente<\/strong> apresenta o elogiado filme nacional que conta a hist\u00f3ria de <strong>Ant\u00f4nio Carlos Bernardes Gomes<\/strong>, o eterno <strong>Mussum<\/strong>, muito al\u00e9m do personagem c\u00f4mico que marcou gera\u00e7\u00f5es nos Trapalh\u00f5es. O filme revela sua origem humilde, sua carreira como m\u00fasico no grupo <strong>Os Originais do Samba<\/strong>, e seu impacto na cultura popular brasileira.<\/p>\n<p>Com uma atua\u00e7\u00e3o marcante de <strong>Ailton Gra\u00e7a<\/strong>, o longa emociona ao mostrar os bastidores de uma vida cheia de luta, talento e carisma. Uma verdadeira homenagem a um \u00edcone do Brasil, que conquistou o pa\u00eds com seu jeito \u00fanico e irreverente.<\/p>\n<hr\/>\n<p>Prepare-se para uma noite de boas hist\u00f3rias e muitas emo\u00e7\u00f5es na tela da Globo!<\/p>\n<p><strong>Tags:<\/strong> Sess\u00e3o da Tarde 14\/04\/2025, Tela Quente, Filmes da Globo, McFarland dos EUA, Mussum O Filmis, Kevin Costner, Ailton Gra\u00e7a, biografia Mussum, programa\u00e7\u00e3o Globo.<\/p>\n<p><!-- CONTENT END 2 --><\/p><\/div>\n","protected":false},"excerpt":{"rendered":"<p>Por MRNews COnfira a programa\u00e7\u00e3o da Globo\u00a0 hoje, 14\/04\/2024 e que horas come\u00e7am os filmes de hoje.\u00a0 Filmes da Globo \u2013 Segunda-feira, 14\/04\/2025: Sess\u00e3o da Tarde e Tela Quente com drama esportivo e homenagem a um \u00edcone do humor brasileiro A Globo preparou uma programa\u00e7\u00e3o especial para esta segunda-feira, 14 de abril de 2025, com &#8230; <a title=\"Quais filmes v\u00e3o passar Segunda (14\/04) na Globo? CORUJ\u00c3O, SESS\u00c3O DA TARDE E TELA QUENTE\" class=\"read-more\" href=\"https:\/\/ubajaranoticias.com.br\/index.php\/2025\/04\/15\/quais-filmes-vao-passar-segunda-14-04-na-globo-corujao-sessao-da-tarde-e-tela-quente\/\" aria-label=\"Read more about Quais filmes v\u00e3o passar Segunda (14\/04) na Globo? CORUJ\u00c3O, SESS\u00c3O DA TARDE E TELA QUENTE\">Ler mais<\/a><\/p>\n","protected":false},"author":1,"featured_media":0,"comment_status":"","ping_status":"","sticky":false,"template":"","format":"standard","meta":{"footnotes":""},"categories":[1],"tags":[],"class_list":["post-24225","post","type-post","status-publish","format-standard","hentry","category-blog"],"amp_enabled":true,"_links":{"self":[{"href":"https:\/\/ubajaranoticias.com.br\/index.php\/wp-json\/wp\/v2\/posts\/24225","targetHints":{"allow":["GET"]}}],"collection":[{"href":"https:\/\/ubajaranoticias.com.br\/index.php\/wp-json\/wp\/v2\/posts"}],"about":[{"href":"https:\/\/ubajaranoticias.com.br\/index.php\/wp-json\/wp\/v2\/types\/post"}],"author":[{"embeddable":true,"href":"https:\/\/ubajaranoticias.com.br\/index.php\/wp-json\/wp\/v2\/users\/1"}],"replies":[{"embeddable":true,"href":"https:\/\/ubajaranoticias.com.br\/index.php\/wp-json\/wp\/v2\/comments?post=24225"}],"version-history":[{"count":0,"href":"https:\/\/ubajaranoticias.com.br\/index.php\/wp-json\/wp\/v2\/posts\/24225\/revisions"}],"wp:attachment":[{"href":"https:\/\/ubajaranoticias.com.br\/index.php\/wp-json\/wp\/v2\/media?parent=24225"}],"wp:term":[{"taxonomy":"category","embeddable":true,"href":"https:\/\/ubajaranoticias.com.br\/index.php\/wp-json\/wp\/v2\/categories?post=24225"},{"taxonomy":"post_tag","embeddable":true,"href":"https:\/\/ubajaranoticias.com.br\/index.php\/wp-json\/wp\/v2\/tags?post=24225"}],"curies":[{"name":"wp","href":"https:\/\/api.w.org\/{rel}","templated":true}]}}