{"id":22368,"date":"2025-03-14T07:55:18","date_gmt":"2025-03-14T10:55:18","guid":{"rendered":"https:\/\/ubajaranoticias.com.br\/index.php\/2025\/03\/14\/sesporte-divulga-cronograma-da-implantacao-do-reconhecimento-facial-na-arena-castelao\/"},"modified":"2025-03-14T07:55:18","modified_gmt":"2025-03-14T10:55:18","slug":"sesporte-divulga-cronograma-da-implantacao-do-reconhecimento-facial-na-arena-castelao","status":"publish","type":"post","link":"https:\/\/ubajaranoticias.com.br\/index.php\/2025\/03\/14\/sesporte-divulga-cronograma-da-implantacao-do-reconhecimento-facial-na-arena-castelao\/","title":{"rendered":"Sesporte divulga cronograma da implanta\u00e7\u00e3o do reconhecimento facial na Arena Castel\u00e3o"},"content":{"rendered":"<p><\/p>\n<div id=\"\">&#13;<br \/>\n        &#13;<br \/>\n            &#13;<br \/>\n&#13;<br \/>\n            &#13;<br \/>\n&#13;<\/p>\n<h3 class=\"subtitulo  data  -bold\">&#13;<br \/>\n                14 de mar\u00e7o de 2025 &#8211; 07:44&#13;<br \/>\n                                    <span class=\"hashtag\">  #Arena Castel\u00e3o #reconhecimento facial <\/span>&#13;<br \/>\n                            <\/h3>\n<p>&#13;<br \/>\n&#13;<\/p>\n<div class=\"autor\">\n<p><span> Ascom Sesporte<\/span> &#8211; Texto <br \/>&#13;<br \/>\n<span> Ascom Etice<\/span> &#8211; Fotos <\/p>\n<\/p><\/div>\n<p>&#13;<br \/>\n            &#13;<\/p>\n<p>A Secretaria do Esporte (Sesporte) divulga, nesta quarta-feira (12), o cronograma de implanta\u00e7\u00e3o do reconhecimento facial na Arena Castel\u00e3o. A medida segue a determina\u00e7\u00e3o emitida pelo N\u00facleo de Defesa do Torcedor (Nudtor) do Minist\u00e9rio P\u00fablico do Cear\u00e1.<\/p>\n<p>O cronograma de implanta\u00e7\u00e3o gradual do sistema de reconhecimento facial nos acessos ao est\u00e1dio t\u00eam como objetivo garantir a seguran\u00e7a e a integridade f\u00edsica dos torcedores, assim como a prote\u00e7\u00e3o do patrim\u00f4nio p\u00fablico.<\/p>\n<p>A Sesporte conta com a parceria da Federa\u00e7\u00e3o Cearense de Futebol (FCF), Cear\u00e1 Sporting Club e Fortaleza Esporte Clube para o cumprimento das medidas estabelecidas, garantindo a efetiva implementa\u00e7\u00e3o do sistema dentro dos prazos definidos.<\/p>\n<h3>Cronograma<\/h3>\n<p>15\/03\/2025 (Fortaleza x Cear\u00e1): Os setores Premium, Especial e Camarotes dever\u00e3o ter acesso exclusivo por reconhecimento facial. Nos demais port\u00f5es, ser\u00e3o mantidos os moldes anteriores;<\/p>\n<p>19\/03\/2025 (Cear\u00e1 x Juazeirense-BA): Mant\u00eam-se os port\u00f5es que j\u00e1 possuem acesso exclusivo por reconhecimento facial, adicionando os setores Inferior Central e Superior Central. Nos demais port\u00f5es, ser\u00e3o mantidos os moldes anteriores;<\/p>\n<p>22\/03\/2025 (Cear\u00e1 x Fortaleza): Mant\u00eam-se os port\u00f5es que j\u00e1 possuem acesso exclusivo por reconhecimento facial, adicionando o setor Inferior Norte. Nos demais port\u00f5es, ser\u00e3o mantidos os moldes anteriores;<\/p>\n<p>A confirmar (Fortaleza x CRB-AL): Mant\u00eam-se os port\u00f5es que j\u00e1 possuem acesso exclusivo por reconhecimento facial, adicionando o setor Inferior Sul. Nos demais port\u00f5es, ser\u00e3o mantidos os moldes anteriores;<\/p>\n<p>29\/03\/2025 (Fortaleza x Fluminense-RJ): Mant\u00eam-se os port\u00f5es que j\u00e1 possuem acesso exclusivo por reconhecimento facial, adicionando os setores Superior Norte e Superior Sul, alcan\u00e7ando a totalidade do Est\u00e1dio.<\/p>\n<h3>Cadastro<\/h3>\n<p>O cadastramento do reconhecimento facial fortalece a seguran\u00e7a no espet\u00e1culo. As informa\u00e7\u00f5es colhidas pelo sistema ser\u00e3o automaticamente enviadas aos clubes para serem usadas no ato de compra do ingresso. Crian\u00e7as a partir de dois anos de idade devem ser cadastradas para entrarem nos jogos. A Arena Castel\u00e3o est\u00e1 preparada para receber com totalidade os torcedores cearenses com a biometria facial.<\/p>\n<p>As pessoas que iniciaram o cadastramento e n\u00e3o finalizaram as etapas devem acompanhar o processo de conclus\u00e3o pelo e-mail informado ao sistema. At\u00e9 o momento, mais de 60 mil pessoas se cadastraram no sistema pelo link arenacastel\u00e3o.info<\/p>\n<p>&#13;<br \/>\n            &#13;<br \/>\n&#13;<br \/>\n&#13;\n        <\/p><\/div>\n<p><script>\n  !function(f,b,e,v,n,t,s)\n  {if(f.fbq)return;n=f.fbq=function(){n.callMethod?\n  n.callMethod.apply(n,arguments):n.queue.push(arguments)};\n  if(!f._fbq)f._fbq=n;n.push=n;n.loaded=!0;n.version='2.0';\n  n.queue=[];t=b.createElement(e);t.async=!0;\n  t.src=v;s=b.getElementsByTagName(e)[0];\n  s.parentNode.insertBefore(t,s)}(window, document,'script',\n  'https:\/\/connect.facebook.net\/en_US\/fbevents.js');\n  fbq('init', '2184817648452087');\n  fbq('track', 'PageView');\n<\/script><script>\n  !function(f,b,e,v,n,t,s)\n  {if(f.fbq)return;n=f.fbq=function(){n.callMethod?\n  n.callMethod.apply(n,arguments):n.queue.push(arguments)};\n  if(!f._fbq)f._fbq=n;n.push=n;n.loaded=!0;n.version='2.0';\n  n.queue=[];t=b.createElement(e);t.async=!0;\n  t.src=v;s=b.getElementsByTagName(e)[0];\n  s.parentNode.insertBefore(t,s)}(window, document,'script',\n  'https:\/\/connect.facebook.net\/en_US\/fbevents.js');\n  fbq('init', '1160355440779120');\n  fbq('track', 'PageView');\n<\/script><script>(function(d, s, id) {\n  var js, fjs = d.getElementsByTagName(s)[0];\n  if (d.getElementById(id)) return;\n  js = d.createElement(s); js.id = id;\n  js.src = \"\/\/connect.facebook.net\/pt_BR\/sdk.js#xfbml=1&version=v2.10&appId=849378428549697\";\n  fjs.parentNode.insertBefore(js, fjs);\n}(document, 'script', 'facebook-jssdk'));<\/script><script>(function(d, s, id) {\n  var js, fjs = d.getElementsByTagName(s)[0];\n  if (d.getElementById(id)) return;\n  js = d.createElement(s); js.id = id;\n  js.src=\"https:\/\/connect.facebook.net\/pt_BR\/sdk.js#xfbml=1&version=v3.2&appId=664762440587486&autoLogAppEvents=1\";\n  fjs.parentNode.insertBefore(js, fjs);\n}(document, 'script', 'facebook-jssdk'));<\/script><\/p>\n","protected":false},"excerpt":{"rendered":"<p>&#13; &#13; &#13; &#13; &#13; &#13; &#13; 14 de mar\u00e7o de 2025 &#8211; 07:44&#13; #Arena Castel\u00e3o #reconhecimento facial &#13; &#13; &#13; Ascom Sesporte &#8211; Texto &#13; Ascom Etice &#8211; Fotos &#13; &#13; A Secretaria do Esporte (Sesporte) divulga, nesta quarta-feira (12), o cronograma de implanta\u00e7\u00e3o do reconhecimento facial na Arena Castel\u00e3o. A medida segue a &#8230; <a title=\"Sesporte divulga cronograma da implanta\u00e7\u00e3o do reconhecimento facial na Arena Castel\u00e3o\" class=\"read-more\" href=\"https:\/\/ubajaranoticias.com.br\/index.php\/2025\/03\/14\/sesporte-divulga-cronograma-da-implantacao-do-reconhecimento-facial-na-arena-castelao\/\" aria-label=\"Read more about Sesporte divulga cronograma da implanta\u00e7\u00e3o do reconhecimento facial na Arena Castel\u00e3o\">Ler mais<\/a><\/p>\n","protected":false},"author":1,"featured_media":17730,"comment_status":"","ping_status":"","sticky":false,"template":"","format":"standard","meta":{"footnotes":""},"categories":[3],"tags":[],"class_list":["post-22368","post","type-post","status-publish","format-standard","has-post-thumbnail","hentry","category-noticias"],"amp_enabled":true,"_links":{"self":[{"href":"https:\/\/ubajaranoticias.com.br\/index.php\/wp-json\/wp\/v2\/posts\/22368","targetHints":{"allow":["GET"]}}],"collection":[{"href":"https:\/\/ubajaranoticias.com.br\/index.php\/wp-json\/wp\/v2\/posts"}],"about":[{"href":"https:\/\/ubajaranoticias.com.br\/index.php\/wp-json\/wp\/v2\/types\/post"}],"author":[{"embeddable":true,"href":"https:\/\/ubajaranoticias.com.br\/index.php\/wp-json\/wp\/v2\/users\/1"}],"replies":[{"embeddable":true,"href":"https:\/\/ubajaranoticias.com.br\/index.php\/wp-json\/wp\/v2\/comments?post=22368"}],"version-history":[{"count":0,"href":"https:\/\/ubajaranoticias.com.br\/index.php\/wp-json\/wp\/v2\/posts\/22368\/revisions"}],"wp:featuredmedia":[{"embeddable":true,"href":"https:\/\/ubajaranoticias.com.br\/index.php\/wp-json\/wp\/v2\/media\/17730"}],"wp:attachment":[{"href":"https:\/\/ubajaranoticias.com.br\/index.php\/wp-json\/wp\/v2\/media?parent=22368"}],"wp:term":[{"taxonomy":"category","embeddable":true,"href":"https:\/\/ubajaranoticias.com.br\/index.php\/wp-json\/wp\/v2\/categories?post=22368"},{"taxonomy":"post_tag","embeddable":true,"href":"https:\/\/ubajaranoticias.com.br\/index.php\/wp-json\/wp\/v2\/tags?post=22368"}],"curies":[{"name":"wp","href":"https:\/\/api.w.org\/{rel}","templated":true}]}}