{"id":21651,"date":"2025-02-28T11:41:38","date_gmt":"2025-02-28T14:41:38","guid":{"rendered":"https:\/\/ubajaranoticias.com.br\/index.php\/2025\/02\/28\/ceara-conectado-etice-expande-acesso-gratuito-a-internet-em-pracas-publicas\/"},"modified":"2025-02-28T11:41:38","modified_gmt":"2025-02-28T14:41:38","slug":"ceara-conectado-etice-expande-acesso-gratuito-a-internet-em-pracas-publicas","status":"publish","type":"post","link":"https:\/\/ubajaranoticias.com.br\/index.php\/2025\/02\/28\/ceara-conectado-etice-expande-acesso-gratuito-a-internet-em-pracas-publicas\/","title":{"rendered":"Cear\u00e1 Conectado: Etice expande acesso gratuito \u00e0 Internet em pra\u00e7as p\u00fablicas"},"content":{"rendered":"<p><\/p>\n<div id=\"\">&#13;<br \/>\n        &#13;<br \/>\n            &#13;<br \/>\n&#13;<br \/>\n            &#13;<br \/>\n&#13;<\/p>\n<h3 class=\"subtitulo  data  -bold\">&#13;<br \/>\n                28 de fevereiro de 2025 &#8211; 10:58&#13;<br \/>\n                                    <span class=\"hashtag\">  #Cear\u00e1 Conectado #Etice #tecnologia <\/span>&#13;<br \/>\n                            <\/h3>\n<p>&#13;<br \/>\n&#13;<\/p>\n<div class=\"autor\">\n<p><span> Texto e fotos: Ascom Etice <\/span> <\/p>\n<\/p><\/div>\n<p>&#13;<br \/>\n            &#13;<\/p>\n<p>O programa Cear\u00e1 Conectado, lan\u00e7ado no final de 2021 pelo ent\u00e3o governador Camilo Santana, segue avan\u00e7ando com a miss\u00e3o de levar internet gratuita a todos os 184 munic\u00edpios do Estado. Sob a gest\u00e3o do governador Elmano de Freitas, a iniciativa foi retomada pela Empresa de Tecnologia da Informa\u00e7\u00e3o do Cear\u00e1 (Etice), ampliando os pontos de conectividade para a popula\u00e7\u00e3o.<\/p>\n<p>Na primeira fase do programa, foram instalados pontos de internet gratuita em 59 munic\u00edpios. Agora, na continuidade do projeto, a nova gest\u00e3o j\u00e1 entregou infraestrutura em S\u00e3o Lu\u00eds do Curu e em Cascavel, que recebeu o equipamento nesta quinta-feira (27).<\/p>\n<h3>Conectividade para Todos<\/h3>\n<p>Com um investimento superior a R$ 67 milh\u00f5es, o Cear\u00e1 Conectado pretende cobrir todo o estado com uma rede de fibra \u00f3ptica, oferecendo acesso gratuito \u00e0 internet via Wi-Fi em pra\u00e7as p\u00fablicas. A iniciativa possibilita, por meio da conectividade, maior inclus\u00e3o digital e social.<\/p>\n<p>Para o presidente da Etice, Francisco Barbosa, o projeto est\u00e1 alinhado ao compromisso do governador Elmano de Freitas de transformar o Cear\u00e1 em um estado 100% digital, que j\u00e1 \u00e9 refer\u00eancia nacional. \u201cO Cear\u00e1 j\u00e1 \u00e9 um destaque em tecnologia e inova\u00e7\u00e3o, e o desejo do governador Elmano \u00e9 avan\u00e7ar ainda mais nessa trajet\u00f3ria. O Cear\u00e1 Conectado refor\u00e7a esse compromisso, garantindo que a popula\u00e7\u00e3o tenha acesso \u00e0 internet e aos servi\u00e7os digitais, tornando nosso estado cada vez mais conectado\u201d, destacou.<\/p>\n<\/p>\n<p>J\u00e1 o diretor de opera\u00e7\u00f5es da Etice, David Gois, ressaltou a import\u00e2ncia do Cintur\u00e3o Digital do Cear\u00e1 (CDC) para a infraestrutura do estado. \u201cO Cear\u00e1 j\u00e1 \u00e9 um dos estados mais conectados do pa\u00eds, e isso se deve, em grande parte, ao Cintur\u00e3o Digital do Cear\u00e1, que \u00e9 uma das maiores redes p\u00fablicas de fibra \u00f3ptica do Brasil. Com o Cear\u00e1 Conectado, estamos expandindo essa infraestrutura para garantir que a popula\u00e7\u00e3o tenha acesso gratuito \u00e0 internet e que os servi\u00e7os p\u00fablicos se tornem ainda mais \u00e1geis e eficientes\u201d, afirmou.<\/p>\n<p>Com o Cear\u00e1 Conectado, o Governo do Estado reafirma seu compromisso com a inclus\u00e3o digital, proporcionando mais oportunidades para os cearenses e garantindo que a conectividade chegue a cada canto do estado.<\/p>\n<\/p>\n<p>&#13;<br \/>\n            &#13;<br \/>\n&#13;<br \/>\n&#13;\n        <\/p><\/div>\n<p><script>\n  !function(f,b,e,v,n,t,s)\n  {if(f.fbq)return;n=f.fbq=function(){n.callMethod?\n  n.callMethod.apply(n,arguments):n.queue.push(arguments)};\n  if(!f._fbq)f._fbq=n;n.push=n;n.loaded=!0;n.version='2.0';\n  n.queue=[];t=b.createElement(e);t.async=!0;\n  t.src=v;s=b.getElementsByTagName(e)[0];\n  s.parentNode.insertBefore(t,s)}(window, document,'script',\n  'https:\/\/connect.facebook.net\/en_US\/fbevents.js');\n  fbq('init', '2184817648452087');\n  fbq('track', 'PageView');\n<\/script><script>\n  !function(f,b,e,v,n,t,s)\n  {if(f.fbq)return;n=f.fbq=function(){n.callMethod?\n  n.callMethod.apply(n,arguments):n.queue.push(arguments)};\n  if(!f._fbq)f._fbq=n;n.push=n;n.loaded=!0;n.version='2.0';\n  n.queue=[];t=b.createElement(e);t.async=!0;\n  t.src=v;s=b.getElementsByTagName(e)[0];\n  s.parentNode.insertBefore(t,s)}(window, document,'script',\n  'https:\/\/connect.facebook.net\/en_US\/fbevents.js');\n  fbq('init', '1160355440779120');\n  fbq('track', 'PageView');\n<\/script><script>(function(d, s, id) {\n  var js, fjs = d.getElementsByTagName(s)[0];\n  if (d.getElementById(id)) return;\n  js = d.createElement(s); js.id = id;\n  js.src = \"\/\/connect.facebook.net\/pt_BR\/sdk.js#xfbml=1&version=v2.10&appId=849378428549697\";\n  fjs.parentNode.insertBefore(js, fjs);\n}(document, 'script', 'facebook-jssdk'));<\/script><script>(function(d, s, id) {\n  var js, fjs = d.getElementsByTagName(s)[0];\n  if (d.getElementById(id)) return;\n  js = d.createElement(s); js.id = id;\n  js.src=\"https:\/\/connect.facebook.net\/pt_BR\/sdk.js#xfbml=1&version=v3.2&appId=664762440587486&autoLogAppEvents=1\";\n  fjs.parentNode.insertBefore(js, fjs);\n}(document, 'script', 'facebook-jssdk'));<\/script><\/p>\n","protected":false},"excerpt":{"rendered":"<p>&#13; &#13; &#13; &#13; &#13; &#13; &#13; 28 de fevereiro de 2025 &#8211; 10:58&#13; #Cear\u00e1 Conectado #Etice #tecnologia &#13; &#13; &#13; Texto e fotos: Ascom Etice &#13; &#13; O programa Cear\u00e1 Conectado, lan\u00e7ado no final de 2021 pelo ent\u00e3o governador Camilo Santana, segue avan\u00e7ando com a miss\u00e3o de levar internet gratuita a todos os 184 &#8230; <a title=\"Cear\u00e1 Conectado: Etice expande acesso gratuito \u00e0 Internet em pra\u00e7as p\u00fablicas\" class=\"read-more\" href=\"https:\/\/ubajaranoticias.com.br\/index.php\/2025\/02\/28\/ceara-conectado-etice-expande-acesso-gratuito-a-internet-em-pracas-publicas\/\" aria-label=\"Read more about Cear\u00e1 Conectado: Etice expande acesso gratuito \u00e0 Internet em pra\u00e7as p\u00fablicas\">Ler mais<\/a><\/p>\n","protected":false},"author":1,"featured_media":17730,"comment_status":"","ping_status":"","sticky":false,"template":"","format":"standard","meta":{"footnotes":""},"categories":[3],"tags":[],"class_list":["post-21651","post","type-post","status-publish","format-standard","has-post-thumbnail","hentry","category-noticias"],"amp_enabled":true,"_links":{"self":[{"href":"https:\/\/ubajaranoticias.com.br\/index.php\/wp-json\/wp\/v2\/posts\/21651","targetHints":{"allow":["GET"]}}],"collection":[{"href":"https:\/\/ubajaranoticias.com.br\/index.php\/wp-json\/wp\/v2\/posts"}],"about":[{"href":"https:\/\/ubajaranoticias.com.br\/index.php\/wp-json\/wp\/v2\/types\/post"}],"author":[{"embeddable":true,"href":"https:\/\/ubajaranoticias.com.br\/index.php\/wp-json\/wp\/v2\/users\/1"}],"replies":[{"embeddable":true,"href":"https:\/\/ubajaranoticias.com.br\/index.php\/wp-json\/wp\/v2\/comments?post=21651"}],"version-history":[{"count":0,"href":"https:\/\/ubajaranoticias.com.br\/index.php\/wp-json\/wp\/v2\/posts\/21651\/revisions"}],"wp:featuredmedia":[{"embeddable":true,"href":"https:\/\/ubajaranoticias.com.br\/index.php\/wp-json\/wp\/v2\/media\/17730"}],"wp:attachment":[{"href":"https:\/\/ubajaranoticias.com.br\/index.php\/wp-json\/wp\/v2\/media?parent=21651"}],"wp:term":[{"taxonomy":"category","embeddable":true,"href":"https:\/\/ubajaranoticias.com.br\/index.php\/wp-json\/wp\/v2\/categories?post=21651"},{"taxonomy":"post_tag","embeddable":true,"href":"https:\/\/ubajaranoticias.com.br\/index.php\/wp-json\/wp\/v2\/tags?post=21651"}],"curies":[{"name":"wp","href":"https:\/\/api.w.org\/{rel}","templated":true}]}}