{"id":21472,"date":"2025-02-25T15:48:23","date_gmt":"2025-02-25T18:48:23","guid":{"rendered":"https:\/\/ubajaranoticias.com.br\/index.php\/2025\/02\/25\/em-acao-conjunta-dupla-suspeita-de-crimes-em-fortaleza-e-presa-no-distrito-federal\/"},"modified":"2025-02-25T15:48:23","modified_gmt":"2025-02-25T18:48:23","slug":"em-acao-conjunta-dupla-suspeita-de-crimes-em-fortaleza-e-presa-no-distrito-federal","status":"publish","type":"post","link":"https:\/\/ubajaranoticias.com.br\/index.php\/2025\/02\/25\/em-acao-conjunta-dupla-suspeita-de-crimes-em-fortaleza-e-presa-no-distrito-federal\/","title":{"rendered":"Em a\u00e7\u00e3o conjunta, dupla suspeita de crimes em Fortaleza \u00e9 presa no Distrito Federal"},"content":{"rendered":"<p><\/p>\n<div id=\"\">&#13;<br \/>\n        &#13;<br \/>\n            &#13;<br \/>\n&#13;<br \/>\n            &#13;<br \/>\n&#13;<\/p>\n<h3 class=\"subtitulo  data  -bold\">&#13;<br \/>\n                25 de fevereiro de 2025 &#8211; 14:46&#13;<br \/>\n                                    <span class=\"hashtag\">  #PCCE #pris\u00e3o tempor\u00e1ria <\/span>&#13;<br \/>\n                            <\/h3>\n<p>&#13;<br \/>\n&#13;<\/p>\n<div class=\"autor\">\n<p><span> Texto e fotos: Ascom PCCE <\/span> <\/p>\n<\/p><\/div>\n<p>&#13;<br \/>\n            &#13;<\/p>\n<p>Uma ofensiva coordenada pela Pol\u00edcia Civil do Estado do Cear\u00e1 (PCCE), com apoio da Pol\u00edcia Civil do Distrito Federal, resultou, nessa segunda-feira (24), na localiza\u00e7\u00e3o e pris\u00f5es tempor\u00e1rias de dois homens suspeitos de crimes em bairros da \u00c1rea Integrada de Seguran\u00e7a 7 (AIS 7) de Fortaleza. Os suspeitos foram capturados por for\u00e7a de mandado de pris\u00e3o na cidade de Sobradinho, no Distrito Federal.<\/p>\n<p>Com base nas investiga\u00e7\u00f5es, os dois homens, um de 27 anos, com antecedentes criminais por tr\u00e1fico de drogas e roubo, e outro, de 31 anos, com v\u00e1rias passagens por tr\u00e1fico de drogas, homic\u00eddio, les\u00e3o corporal, roubo e amea\u00e7a, s\u00e3o part\u00edcipes de um homic\u00eddio registrado no dia oito de dezembro do ano passado, no bairro Edson Queiroz. No dia, a v\u00edtima, de 32 anos, foi atingida por disparos de arma de fogo em via p\u00fablica.<\/p>\n<p>Ap\u00f3s o crime, os envolvidos fugiram para outro estado. Ap\u00f3s troca de informa\u00e7\u00f5es entre os policiais civis dos dois estados, os alvos foram localizados e conduzidos \u00e0 delegacia da regi\u00e3o. Na unidade, eles que s\u00e3o apontados, tamb\u00e9m, como integrantes de um grupo criminoso com atua\u00e7\u00e3o e envolvimento direto com Crimes Violentos Letais e Intencionais (CVLI), tiveram seus mandados de pris\u00e3o tempor\u00e1ria cumpridos. A PCCE realiza as tratativas para realizar o recambiamento dos capturados.<\/p>\n<h3><strong>Den\u00fancias<\/strong><\/h3>\n<p>A popula\u00e7\u00e3o pode contribuir com as investiga\u00e7\u00f5es repassando informa\u00e7\u00f5es que auxiliem os trabalhos policiais. As informa\u00e7\u00f5es podem ser direcionadas para o n\u00famero 181, o Disque-Den\u00fancia da Secretaria da Seguran\u00e7a P\u00fablica e Defesa Social (SSPDS), ou para o (85)3101-0181, que \u00e9 o n\u00famero de WhatsApp, pelo qual podem ser feitas den\u00fancias via mensagem, \u00e1udio, v\u00eddeo e fotografia ou ainda via \u201ce-den\u00fancia\u201d, o site do servi\u00e7o 181, por meio do endere\u00e7o eletr\u00f4nico: https:\/\/disquedenuncia181.sspds.ce.gov.br\/.<\/p>\n<p>As den\u00fancias tamb\u00e9m podem ser encaminhadas para os telefones (85) 3101-7467, do Departamento de Homic\u00eddios e Prote\u00e7\u00e3o \u00e0 Pessoa (DHPP). O sigilo e o anonimato s\u00e3o garantidos.<\/p>\n<p>&#13;<br \/>\n            &#13;<br \/>\n&#13;<br \/>\n&#13;\n        <\/p><\/div>\n<p><script>\n  !function(f,b,e,v,n,t,s)\n  {if(f.fbq)return;n=f.fbq=function(){n.callMethod?\n  n.callMethod.apply(n,arguments):n.queue.push(arguments)};\n  if(!f._fbq)f._fbq=n;n.push=n;n.loaded=!0;n.version='2.0';\n  n.queue=[];t=b.createElement(e);t.async=!0;\n  t.src=v;s=b.getElementsByTagName(e)[0];\n  s.parentNode.insertBefore(t,s)}(window, document,'script',\n  'https:\/\/connect.facebook.net\/en_US\/fbevents.js');\n  fbq('init', '2184817648452087');\n  fbq('track', 'PageView');\n<\/script><script>\n  !function(f,b,e,v,n,t,s)\n  {if(f.fbq)return;n=f.fbq=function(){n.callMethod?\n  n.callMethod.apply(n,arguments):n.queue.push(arguments)};\n  if(!f._fbq)f._fbq=n;n.push=n;n.loaded=!0;n.version='2.0';\n  n.queue=[];t=b.createElement(e);t.async=!0;\n  t.src=v;s=b.getElementsByTagName(e)[0];\n  s.parentNode.insertBefore(t,s)}(window, document,'script',\n  'https:\/\/connect.facebook.net\/en_US\/fbevents.js');\n  fbq('init', '1160355440779120');\n  fbq('track', 'PageView');\n<\/script><script>(function(d, s, id) {\n  var js, fjs = d.getElementsByTagName(s)[0];\n  if (d.getElementById(id)) return;\n  js = d.createElement(s); js.id = id;\n  js.src = \"\/\/connect.facebook.net\/pt_BR\/sdk.js#xfbml=1&version=v2.10&appId=849378428549697\";\n  fjs.parentNode.insertBefore(js, fjs);\n}(document, 'script', 'facebook-jssdk'));<\/script><script>(function(d, s, id) {\n  var js, fjs = d.getElementsByTagName(s)[0];\n  if (d.getElementById(id)) return;\n  js = d.createElement(s); js.id = id;\n  js.src=\"https:\/\/connect.facebook.net\/pt_BR\/sdk.js#xfbml=1&version=v3.2&appId=664762440587486&autoLogAppEvents=1\";\n  fjs.parentNode.insertBefore(js, fjs);\n}(document, 'script', 'facebook-jssdk'));<\/script><\/p>\n","protected":false},"excerpt":{"rendered":"<p>&#13; &#13; &#13; &#13; &#13; &#13; &#13; 25 de fevereiro de 2025 &#8211; 14:46&#13; #PCCE #pris\u00e3o tempor\u00e1ria &#13; &#13; &#13; Texto e fotos: Ascom PCCE &#13; &#13; Uma ofensiva coordenada pela Pol\u00edcia Civil do Estado do Cear\u00e1 (PCCE), com apoio da Pol\u00edcia Civil do Distrito Federal, resultou, nessa segunda-feira (24), na localiza\u00e7\u00e3o e pris\u00f5es tempor\u00e1rias &#8230; <a title=\"Em a\u00e7\u00e3o conjunta, dupla suspeita de crimes em Fortaleza \u00e9 presa no Distrito Federal\" class=\"read-more\" href=\"https:\/\/ubajaranoticias.com.br\/index.php\/2025\/02\/25\/em-acao-conjunta-dupla-suspeita-de-crimes-em-fortaleza-e-presa-no-distrito-federal\/\" aria-label=\"Read more about Em a\u00e7\u00e3o conjunta, dupla suspeita de crimes em Fortaleza \u00e9 presa no Distrito Federal\">Ler mais<\/a><\/p>\n","protected":false},"author":1,"featured_media":17730,"comment_status":"","ping_status":"","sticky":false,"template":"","format":"standard","meta":{"footnotes":""},"categories":[3],"tags":[],"class_list":["post-21472","post","type-post","status-publish","format-standard","has-post-thumbnail","hentry","category-noticias"],"amp_enabled":true,"_links":{"self":[{"href":"https:\/\/ubajaranoticias.com.br\/index.php\/wp-json\/wp\/v2\/posts\/21472","targetHints":{"allow":["GET"]}}],"collection":[{"href":"https:\/\/ubajaranoticias.com.br\/index.php\/wp-json\/wp\/v2\/posts"}],"about":[{"href":"https:\/\/ubajaranoticias.com.br\/index.php\/wp-json\/wp\/v2\/types\/post"}],"author":[{"embeddable":true,"href":"https:\/\/ubajaranoticias.com.br\/index.php\/wp-json\/wp\/v2\/users\/1"}],"replies":[{"embeddable":true,"href":"https:\/\/ubajaranoticias.com.br\/index.php\/wp-json\/wp\/v2\/comments?post=21472"}],"version-history":[{"count":0,"href":"https:\/\/ubajaranoticias.com.br\/index.php\/wp-json\/wp\/v2\/posts\/21472\/revisions"}],"wp:featuredmedia":[{"embeddable":true,"href":"https:\/\/ubajaranoticias.com.br\/index.php\/wp-json\/wp\/v2\/media\/17730"}],"wp:attachment":[{"href":"https:\/\/ubajaranoticias.com.br\/index.php\/wp-json\/wp\/v2\/media?parent=21472"}],"wp:term":[{"taxonomy":"category","embeddable":true,"href":"https:\/\/ubajaranoticias.com.br\/index.php\/wp-json\/wp\/v2\/categories?post=21472"},{"taxonomy":"post_tag","embeddable":true,"href":"https:\/\/ubajaranoticias.com.br\/index.php\/wp-json\/wp\/v2\/tags?post=21472"}],"curies":[{"name":"wp","href":"https:\/\/api.w.org\/{rel}","templated":true}]}}