{"id":20998,"date":"2025-02-17T03:14:14","date_gmt":"2025-02-17T06:14:14","guid":{"rendered":"https:\/\/ubajaranoticias.com.br\/index.php\/2025\/02\/17\/patrulha-maria-da-penha-ja-protegeu-mais-de-1-200-mulheres\/"},"modified":"2025-02-17T03:14:14","modified_gmt":"2025-02-17T06:14:14","slug":"patrulha-maria-da-penha-ja-protegeu-mais-de-1-200-mulheres","status":"publish","type":"post","link":"https:\/\/ubajaranoticias.com.br\/index.php\/2025\/02\/17\/patrulha-maria-da-penha-ja-protegeu-mais-de-1-200-mulheres\/","title":{"rendered":"Patrulha Maria da Penha j\u00e1 protegeu mais de 1.200 mulheres"},"content":{"rendered":"<p><\/p>\n<div>\n<p><b>Paula Paz<\/b><br \/>&#13;<br \/>\n&#13;<br \/>\n                <span style=\"font-weight: bold;\">Secretaria de Prote\u00e7\u00e3o ao Cidad\u00e3o<\/span><\/p>\n<p><span style=\"font-weight: 400;\">Desde sua cria\u00e7\u00e3o, em junho de 2019, a <\/span>Patrulha Maria da Penha<span style=\"font-weight: 400;\"> j\u00e1 atendeu <\/span>1.244 mulheres<span style=\"font-weight: 400;\"> v\u00edtimas de viol\u00eancia dom\u00e9stica. Al\u00e9m disso, <\/span>96 agressores foram presos<span style=\"font-weight: 400;\"> por descumprirem medidas protetivas.<\/span><\/p>\n<p><span style=\"font-weight: 400;\"><span class=\"intertitulo\">O que \u00e9 a Patrulha?<\/span><\/span><\/p>\n<p><span style=\"font-weight: 400;\">Criada pela Prefeitura, a Patrulha Maria da Penha \u00e9 um servi\u00e7o da Guarda Civil Municipal (GCM) que acompanha mulheres com medidas protetivas, garantindo mais seguran\u00e7a e a preven\u00e7\u00e3o contra novas agress\u00f5es.<\/span><\/p>\n<p><span style=\"font-weight: 400;\">As equipes realizam visitas regulares para fiscalizar o cumprimento das medidas judiciais, al\u00e9m de patrulhamento preventivo nos locais frequentados pelas v\u00edtimas. Para resguardar a identidade das atendidas, as viaturas n\u00e3o s\u00e3o identificadas e contam com guardas femininas, proporcionando um ambiente mais acolhedor.<\/span><\/p>\n<p><span style=\"font-weight: 400;\"><span class=\"intertitulo\">Tecnologia Integrada<\/span><\/span><\/p>\n<p><span style=\"font-weight: 400;\">Para refor\u00e7ar a seguran\u00e7a, a Prefeitura implementou dispositivos de emerg\u00eancia que, ao serem acionados, enviam um alerta imediato ao Centro de Seguran\u00e7a e Intelig\u00eancia (CSI). Quando isso acontece, uma equipe da GCM \u00e9 mobilizada imediatamente para prestar atendimento.<\/span><\/p>\n<p><span style=\"font-weight: 400;\"><span class=\"intertitulo\">Atua\u00e7\u00e3o Integrada?<\/span><\/span><\/p>\n<p><span style=\"font-weight: 400;\">O programa \u00e9 realizado em parceria com a\u00a0<\/span><span style=\"font-weight: 400;\">Vara de Viol\u00eancia Dom\u00e9stica e Familiar de S\u00e3o Jos\u00e9 dos Campos,\u00a0<\/span><span style=\"font-weight: 400;\">Delegacia de Defesa da Mulher (DDM),\u00a0<\/span><span style=\"font-weight: 400;\">Secretaria de Sa\u00fade,\u00a0<\/span><span style=\"font-weight: 400;\">Apoio ao Cidad\u00e3o e o\u00a0<\/span><span style=\"font-weight: 400;\">Minist\u00e9rio P\u00fablico do Estado de S\u00e3o Paulo &#8211; por meio de conv\u00eanio firmado na atual gest\u00e3o.<\/span><\/p>\n<p><span class=\"intertitulo\">Como funciona?<\/span><\/p>\n<p>Monitoramento di\u00e1rio<span style=\"font-weight: 400;\">: a Vara de Viol\u00eancia Dom\u00e9stica informa \u00e0 GCM os locais que necessitam de patrulhamento, que \u00e9 realizado todos os dias.<\/span><\/p>\n<p>Dispositivo de emerg\u00eancia<span style=\"font-weight: 400;\">: mulheres cadastradas no programa recebem um <\/span>bot\u00e3o de p\u00e2nico<span style=\"font-weight: 400;\">, conectado ao CSI, para acionamento imediato em caso de risco.<\/span><\/p>\n<p>Atendimento imediato<span style=\"font-weight: 400;\">: sempre que h\u00e1 um chamado, a equipe da Patrulha Maria da Penha age com rapidez e efici\u00eancia.<\/span><\/p>\n<p><span style=\"font-weight: 400;\"><span class=\"intertitulo\">Pedidos<\/span><\/span><\/p>\n<p><span style=\"font-weight: 400;\">Mulheres atendidas pelo programa acionam o <\/span>bot\u00e3o de emerg\u00eancia<span style=\"font-weight: 400;\">.<\/span><\/p>\n<p><span style=\"font-weight: 400;\">Quem n\u00e3o faz parte do programa e estiver em perigo pode ligar para <\/span>153 (GCM)<span style=\"font-weight: 400;\"> ou <\/span>190 (Pol\u00edcia Militar)<span style=\"font-weight: 400;\">.<\/span><\/p>\n<p><span style=\"font-weight: 400;\">A Patrulha Maria da Penha segue trabalhando para garantir mais seguran\u00e7a e prote\u00e7\u00e3o \u00e0s mulheres de S\u00e3o Jos\u00e9 dos Campos.\u00a0<\/span><\/p>\n<p>&#13;<br \/>\n                        <strong>MAIS NOT\u00cdCIAS<\/strong><br \/>&#13;<br \/>\n                        Secretaria de Prote\u00e7\u00e3o ao Cidad\u00e3o&#13;\n                    <\/p>\n<\/p><\/div>\n","protected":false},"excerpt":{"rendered":"<p>Paula Paz&#13; &#13; Secretaria de Prote\u00e7\u00e3o ao Cidad\u00e3o Desde sua cria\u00e7\u00e3o, em junho de 2019, a Patrulha Maria da Penha j\u00e1 atendeu 1.244 mulheres v\u00edtimas de viol\u00eancia dom\u00e9stica. Al\u00e9m disso, 96 agressores foram presos por descumprirem medidas protetivas. O que \u00e9 a Patrulha? Criada pela Prefeitura, a Patrulha Maria da Penha \u00e9 um servi\u00e7o da &#8230; <a title=\"Patrulha Maria da Penha j\u00e1 protegeu mais de 1.200 mulheres\" class=\"read-more\" href=\"https:\/\/ubajaranoticias.com.br\/index.php\/2025\/02\/17\/patrulha-maria-da-penha-ja-protegeu-mais-de-1-200-mulheres\/\" aria-label=\"Read more about Patrulha Maria da Penha j\u00e1 protegeu mais de 1.200 mulheres\">Ler mais<\/a><\/p>\n","protected":false},"author":1,"featured_media":17731,"comment_status":"","ping_status":"","sticky":false,"template":"","format":"standard","meta":{"footnotes":""},"categories":[3],"tags":[],"class_list":["post-20998","post","type-post","status-publish","format-standard","has-post-thumbnail","hentry","category-noticias"],"amp_enabled":true,"_links":{"self":[{"href":"https:\/\/ubajaranoticias.com.br\/index.php\/wp-json\/wp\/v2\/posts\/20998","targetHints":{"allow":["GET"]}}],"collection":[{"href":"https:\/\/ubajaranoticias.com.br\/index.php\/wp-json\/wp\/v2\/posts"}],"about":[{"href":"https:\/\/ubajaranoticias.com.br\/index.php\/wp-json\/wp\/v2\/types\/post"}],"author":[{"embeddable":true,"href":"https:\/\/ubajaranoticias.com.br\/index.php\/wp-json\/wp\/v2\/users\/1"}],"replies":[{"embeddable":true,"href":"https:\/\/ubajaranoticias.com.br\/index.php\/wp-json\/wp\/v2\/comments?post=20998"}],"version-history":[{"count":0,"href":"https:\/\/ubajaranoticias.com.br\/index.php\/wp-json\/wp\/v2\/posts\/20998\/revisions"}],"wp:featuredmedia":[{"embeddable":true,"href":"https:\/\/ubajaranoticias.com.br\/index.php\/wp-json\/wp\/v2\/media\/17731"}],"wp:attachment":[{"href":"https:\/\/ubajaranoticias.com.br\/index.php\/wp-json\/wp\/v2\/media?parent=20998"}],"wp:term":[{"taxonomy":"category","embeddable":true,"href":"https:\/\/ubajaranoticias.com.br\/index.php\/wp-json\/wp\/v2\/categories?post=20998"},{"taxonomy":"post_tag","embeddable":true,"href":"https:\/\/ubajaranoticias.com.br\/index.php\/wp-json\/wp\/v2\/tags?post=20998"}],"curies":[{"name":"wp","href":"https:\/\/api.w.org\/{rel}","templated":true}]}}