{"id":20997,"date":"2025-02-17T02:32:14","date_gmt":"2025-02-17T05:32:14","guid":{"rendered":"https:\/\/ubajaranoticias.com.br\/index.php\/2025\/02\/17\/semam-intensifica-producao-de-mudas-de-arvores-nativas-da-mata-atlantica\/"},"modified":"2025-02-17T02:32:14","modified_gmt":"2025-02-17T05:32:14","slug":"semam-intensifica-producao-de-mudas-de-arvores-nativas-da-mata-atlantica","status":"publish","type":"post","link":"https:\/\/ubajaranoticias.com.br\/index.php\/2025\/02\/17\/semam-intensifica-producao-de-mudas-de-arvores-nativas-da-mata-atlantica\/","title":{"rendered":"Semam intensifica produ\u00e7\u00e3o de mudas de \u00e1rvores nativas da Mata Atl\u00e2ntica"},"content":{"rendered":"<p><\/p>\n<div>\n<p>A Prefeitura de Jo\u00e3o Pessoa, por meio da Secretaria de Meio Ambiente (Semam), segue intensificando os trabalhos desenvolvidos pelos t\u00e9cnicos do Viveiro Municipal, um importante polo de produ\u00e7\u00e3o de mudas de \u00e1rvores nativas da Mata Atl\u00e2ntica destinadas ao plantio urbano e \u00e0 recupera\u00e7\u00e3o de \u00e1reas degradadas.<\/p>\n<figure class=\"wp-block-gallery has-nested-images columns-default is-cropped wp-block-gallery-1 is-layout-flex wp-block-gallery-is-layout-flex\">\n<figure class=\"wp-block-image size-large\"><\/figure>\n<figure class=\"wp-block-image size-large\"><\/figure>\n<figure class=\"wp-block-image size-large\"><\/figure>\n<figure class=\"wp-block-image size-large\"><\/figure>\n<\/figure>\n<p>O secret\u00e1rio de Meio Ambiente da Capital, Welison Silveira, destacou que o trabalho desenvolvido pela equipe reafirma o compromisso da Prefeitura de Jo\u00e3o Pessoa com a conserva\u00e7\u00e3o ambiental e o desenvolvimento sustent\u00e1vel da cidade. \u201cO Viveiro Municipal \u00e9 o local onde nascem as \u00e1rvores de Jo\u00e3o Pessoa. Al\u00e9m de cuidarmos do replantio, as mudas tamb\u00e9m s\u00e3o utilizadas nas a\u00e7\u00f5es de educa\u00e7\u00e3o ambiental, quando distribu\u00edmos com a popula\u00e7\u00e3o e orientamos sobre a forma correta de plantar\u201d, afirmou.<\/p>\n<p>O processo de produ\u00e7\u00e3o das mudas come\u00e7a com a coleta de sementes de \u00e1rvores matrizes. Ap\u00f3s a coleta, as sementes passam por um per\u00edodo de secagem e matura\u00e7\u00e3o antes de serem semeadas. Ao germinarem, as sementes d\u00e3o origem \u00e0s pl\u00e2ntulas, ainda em est\u00e1gio inicial de desenvolvimento. Quando atingem aproximadamente 10 cent\u00edmetros, ocorre a repicagem, momento em que s\u00e3o transferidas para sacos individuais, onde continuar\u00e3o o crescimento at\u00e9 se tornarem mudas aptas para o plantio.<\/p>\n<figure class=\"wp-block-gallery has-nested-images columns-default is-cropped wp-block-gallery-2 is-layout-flex wp-block-gallery-is-layout-flex\">\n<figure class=\"wp-block-image size-large\"><\/figure>\n<figure class=\"wp-block-image size-large\"><\/figure>\n<figure class=\"wp-block-image size-large\"><\/figure>\n<figure class=\"wp-block-image size-large\"><\/figure>\n<figure class=\"wp-block-image size-large\"><\/figure>\n<figure class=\"wp-block-image size-large\"><\/figure>\n<\/figure>\n<p>Para garantir a viabilidade das sementes de esp\u00e9cies recalcitrantes, que n\u00e3o suportam temperaturas elevadas e perdem rapidamente sua capacidade de germina\u00e7\u00e3o, o Viveiro Municipal conta com uma c\u00e2mara fria de armazenamento, mantida a temperatura abaixo dos 20\u00ba C. Entre as esp\u00e9cies que necessitam desse cuidado especial est\u00e3o o algod\u00e3o-da-praia, o jacarand\u00e1-mimoso, o ip\u00ea-do-cerrado e o mogno.<\/p>\n<p>A equipe do Viveiro Municipal \u00e9 composta por profissionais especializados, incluindo viveiristas e engenheiros agr\u00f4nomos, que se dedicam ao cultivo e manuten\u00e7\u00e3o das esp\u00e9cies da Mata Atl\u00e2ntica. As mudas produzidas no Viveiro s\u00e3o utilizadas em programas de plantio urbano, recupera\u00e7\u00e3o de \u00e1reas degradadas e repovoamento de \u00e1reas de restinga, sempre priorizando esp\u00e9cies nativas e end\u00eamicas da regi\u00e3o.<\/p>\n<figure class=\"wp-block-gallery has-nested-images columns-default is-cropped wp-block-gallery-3 is-layout-flex wp-block-gallery-is-layout-flex\">\n<figure class=\"wp-block-image size-large\"><\/figure>\n<figure class=\"wp-block-image size-large\"><\/figure>\n<figure class=\"wp-block-image size-large\"><\/figure>\n<\/figure>\n<p>Um dos destaques da equipe \u00e9 o Jo\u00e3o Flor\u00eancio da Silva Filho, profissional com mais de 16 anos de experi\u00eancia no local. Ele destacou que o trabalho no Viveiro \u00e9 gratificante. \u201cGosto de passar pelas ruas e parques da cidade e ver \u00e1rvores que ajudei a produzir, da semente at\u00e9 a planta j\u00e1 adulta, contribuindo com o clima de Jo\u00e3o Pessoa e com a beleza da cidade\u201d, destacou.<\/p>\n<figure class=\"wp-block-gallery has-nested-images columns-default is-cropped wp-block-gallery-4 is-layout-flex wp-block-gallery-is-layout-flex\">\n<figure class=\"wp-block-image size-large\"><\/figure>\n<figure class=\"wp-block-image size-large\"><\/figure>\n<figure class=\"wp-block-image size-large\"><\/figure>\n<\/figure>\n<p>O engenheiro agr\u00f4nomo Rodrigo Andrade, chefe do Viveiro Municipal, coordena as atividades e assegura a qualidade do processo de cultivo. Rodrigo destacou que a produ\u00e7\u00e3o de mudas utilizadas no plantio urbano e na recupera\u00e7\u00e3o de \u00e1reas degradadas prioriza o uso de plantas nativas da Mata Atl\u00e2ntica. \u201cElas s\u00e3o mais resistentes, contribuindo para a biodiversidade do clima, da qualidade do solo e da \u00e1gua\u201d, explicou.<\/p>\n<p><strong>Servi\u00e7o<\/strong> \u2013 A popula\u00e7\u00e3o pode retirar at\u00e9 duas mudas por morador, contribuindo para o aumento da arboriza\u00e7\u00e3o urbana e a preserva\u00e7\u00e3o ambiental. O atendimento ao p\u00fablico ocorre de segunda a sexta-feira, das 8h \u00e0s 12h, na sede do Viveiro Municipal, localizado no bairro de Gramame, na Avenida Embaixador S\u00e9rgio Vieira de Melo.<\/p>\n<\/p><\/div>\n","protected":false},"excerpt":{"rendered":"<p>A Prefeitura de Jo\u00e3o Pessoa, por meio da Secretaria de Meio Ambiente (Semam), segue intensificando os trabalhos desenvolvidos pelos t\u00e9cnicos do Viveiro Municipal, um importante polo de produ\u00e7\u00e3o de mudas de \u00e1rvores nativas da Mata Atl\u00e2ntica destinadas ao plantio urbano e \u00e0 recupera\u00e7\u00e3o de \u00e1reas degradadas. O secret\u00e1rio de Meio Ambiente da Capital, Welison Silveira, &#8230; <a title=\"Semam intensifica produ\u00e7\u00e3o de mudas de \u00e1rvores nativas da Mata Atl\u00e2ntica\" class=\"read-more\" href=\"https:\/\/ubajaranoticias.com.br\/index.php\/2025\/02\/17\/semam-intensifica-producao-de-mudas-de-arvores-nativas-da-mata-atlantica\/\" aria-label=\"Read more about Semam intensifica produ\u00e7\u00e3o de mudas de \u00e1rvores nativas da Mata Atl\u00e2ntica\">Ler mais<\/a><\/p>\n","protected":false},"author":1,"featured_media":17731,"comment_status":"","ping_status":"","sticky":false,"template":"","format":"standard","meta":{"footnotes":""},"categories":[3],"tags":[],"class_list":["post-20997","post","type-post","status-publish","format-standard","has-post-thumbnail","hentry","category-noticias"],"amp_enabled":true,"_links":{"self":[{"href":"https:\/\/ubajaranoticias.com.br\/index.php\/wp-json\/wp\/v2\/posts\/20997","targetHints":{"allow":["GET"]}}],"collection":[{"href":"https:\/\/ubajaranoticias.com.br\/index.php\/wp-json\/wp\/v2\/posts"}],"about":[{"href":"https:\/\/ubajaranoticias.com.br\/index.php\/wp-json\/wp\/v2\/types\/post"}],"author":[{"embeddable":true,"href":"https:\/\/ubajaranoticias.com.br\/index.php\/wp-json\/wp\/v2\/users\/1"}],"replies":[{"embeddable":true,"href":"https:\/\/ubajaranoticias.com.br\/index.php\/wp-json\/wp\/v2\/comments?post=20997"}],"version-history":[{"count":0,"href":"https:\/\/ubajaranoticias.com.br\/index.php\/wp-json\/wp\/v2\/posts\/20997\/revisions"}],"wp:featuredmedia":[{"embeddable":true,"href":"https:\/\/ubajaranoticias.com.br\/index.php\/wp-json\/wp\/v2\/media\/17731"}],"wp:attachment":[{"href":"https:\/\/ubajaranoticias.com.br\/index.php\/wp-json\/wp\/v2\/media?parent=20997"}],"wp:term":[{"taxonomy":"category","embeddable":true,"href":"https:\/\/ubajaranoticias.com.br\/index.php\/wp-json\/wp\/v2\/categories?post=20997"},{"taxonomy":"post_tag","embeddable":true,"href":"https:\/\/ubajaranoticias.com.br\/index.php\/wp-json\/wp\/v2\/tags?post=20997"}],"curies":[{"name":"wp","href":"https:\/\/api.w.org\/{rel}","templated":true}]}}