{"id":20677,"date":"2025-02-10T02:29:43","date_gmt":"2025-02-10T05:29:43","guid":{"rendered":"https:\/\/ubajaranoticias.com.br\/index.php\/2025\/02\/10\/fim-de-semana-tem-previsao-de-altas-temperaturas-e-chuva-de-verao-no-estado-hojems-com-br\/"},"modified":"2025-02-10T02:29:43","modified_gmt":"2025-02-10T05:29:43","slug":"fim-de-semana-tem-previsao-de-altas-temperaturas-e-chuva-de-verao-no-estado-hojems-com-br","status":"publish","type":"post","link":"https:\/\/ubajaranoticias.com.br\/index.php\/2025\/02\/10\/fim-de-semana-tem-previsao-de-altas-temperaturas-e-chuva-de-verao-no-estado-hojems-com-br\/","title":{"rendered":"Fim de semana tem previs\u00e3o de altas temperaturas e chuva de ver\u00e3o no Estado \u2013 hojems.com.br"},"content":{"rendered":"<p> Por MRNews<br \/>\n<\/p>\n<div wp_automatic_readability=\"64.28013029316\">\n<p>A previs\u00e3o para este fim de semana em Mato Grosso do Sul \u00e9 de eleva\u00e7\u00e3o nas temperaturas, podendo chegar a 38\u00b0C, mas com possibilidade de chuva de ver\u00e3o e at\u00e9 tempestades em algumas regi\u00f5es do Estado. No s\u00e1bado (8) e domingo (9) o tempo pode ficar mais quente e seco.<\/p>\n<p>De acordo com o Cemtec (<a href=\"https:\/\/cgnoticias.com.br\">Centro de Monitoramento do Tempo e do Clima de MS<\/a>), nesta sexta-feira (7) vai ter previs\u00e3o de sol, com varia\u00e7\u00e3o de nebulosidade. Devido a disponibilidade de umidade, aliado ao aquecimento diurno podem ocorrer chuvas t\u00edpicas de ver\u00e3o.<\/p>\n<p>Os maiores acumulados de chuva s\u00e3o esperados, principalmente, para as regi\u00f5es central, oeste, norte e nordeste do Estado. Essa situa\u00e7\u00e3o meteorol\u00f3gica ocorre devido ao avan\u00e7o da frente fria, aliado a atua\u00e7\u00e3o de uma \u00e1rea de baixa press\u00e3o atmosf\u00e9rica.<\/p>\n<p>J\u00e1 o s\u00e1bado (8) e domingo (9) vai ter aumento na temperatura, podendo inclusive ter baixos valores de umidade relativa do ar, entre 20-40%. Este cen\u00e1rio ocorre devido transporte de umidade, aliado ao aquecimento diurno, causando chuvas e at\u00e9 tempestades acompanhadas de raios e rajadas de vento.<\/p>\n<p>S\u00e3o previstas temperaturas m\u00ednimas entre 20-22\u00b0C e m\u00e1ximas entre 30-36\u00b0C para as regi\u00f5es sul, leste e sudeste do Estado. J\u00e1 nas regi\u00f5es sudoeste e <a href=\"https:\/\/pantanalnoticiasms.com.br\">regi\u00e3o pantaneira<\/a> esperam-se m\u00ednimas entre 23-26\u00b0C e m\u00e1ximas entre 33-38\u00b0C. No bols\u00e3o e norte ficam entre 21\u00b0C e 35\u00b0C. Em Campo Grande varia entre 21\u00b0C e 33\u00b0C.<\/p>\n<p><em>Leonardo Rocha, Comunica\u00e7\u00e3o do Governo de MS<\/em><br \/><em>Foto: \u00c1lvaro Rezende<\/em><\/p>\n<\/div>\n","protected":false},"excerpt":{"rendered":"<p>Por MRNews A previs\u00e3o para este fim de semana em Mato Grosso do Sul \u00e9 de eleva\u00e7\u00e3o nas temperaturas, podendo chegar a 38\u00b0C, mas com possibilidade de chuva de ver\u00e3o e at\u00e9 tempestades em algumas regi\u00f5es do Estado. No s\u00e1bado (8) e domingo (9) o tempo pode ficar mais quente e seco. De acordo com &#8230; <a title=\"Fim de semana tem previs\u00e3o de altas temperaturas e chuva de ver\u00e3o no Estado \u2013 hojems.com.br\" class=\"read-more\" href=\"https:\/\/ubajaranoticias.com.br\/index.php\/2025\/02\/10\/fim-de-semana-tem-previsao-de-altas-temperaturas-e-chuva-de-verao-no-estado-hojems-com-br\/\" aria-label=\"Read more about Fim de semana tem previs\u00e3o de altas temperaturas e chuva de ver\u00e3o no Estado \u2013 hojems.com.br\">Ler mais<\/a><\/p>\n","protected":false},"author":1,"featured_media":17730,"comment_status":"","ping_status":"","sticky":false,"template":"","format":"standard","meta":{"footnotes":""},"categories":[1],"tags":[],"class_list":["post-20677","post","type-post","status-publish","format-standard","has-post-thumbnail","hentry","category-blog"],"amp_enabled":true,"_links":{"self":[{"href":"https:\/\/ubajaranoticias.com.br\/index.php\/wp-json\/wp\/v2\/posts\/20677","targetHints":{"allow":["GET"]}}],"collection":[{"href":"https:\/\/ubajaranoticias.com.br\/index.php\/wp-json\/wp\/v2\/posts"}],"about":[{"href":"https:\/\/ubajaranoticias.com.br\/index.php\/wp-json\/wp\/v2\/types\/post"}],"author":[{"embeddable":true,"href":"https:\/\/ubajaranoticias.com.br\/index.php\/wp-json\/wp\/v2\/users\/1"}],"replies":[{"embeddable":true,"href":"https:\/\/ubajaranoticias.com.br\/index.php\/wp-json\/wp\/v2\/comments?post=20677"}],"version-history":[{"count":0,"href":"https:\/\/ubajaranoticias.com.br\/index.php\/wp-json\/wp\/v2\/posts\/20677\/revisions"}],"wp:featuredmedia":[{"embeddable":true,"href":"https:\/\/ubajaranoticias.com.br\/index.php\/wp-json\/wp\/v2\/media\/17730"}],"wp:attachment":[{"href":"https:\/\/ubajaranoticias.com.br\/index.php\/wp-json\/wp\/v2\/media?parent=20677"}],"wp:term":[{"taxonomy":"category","embeddable":true,"href":"https:\/\/ubajaranoticias.com.br\/index.php\/wp-json\/wp\/v2\/categories?post=20677"},{"taxonomy":"post_tag","embeddable":true,"href":"https:\/\/ubajaranoticias.com.br\/index.php\/wp-json\/wp\/v2\/tags?post=20677"}],"curies":[{"name":"wp","href":"https:\/\/api.w.org\/{rel}","templated":true}]}}