{"id":20665,"date":"2025-02-09T16:32:21","date_gmt":"2025-02-09T19:32:21","guid":{"rendered":"https:\/\/ubajaranoticias.com.br\/index.php\/2025\/02\/09\/prefeitura-anuncia-novidades-no-enfrentamento-a-dengue\/"},"modified":"2025-02-09T16:32:21","modified_gmt":"2025-02-09T19:32:21","slug":"prefeitura-anuncia-novidades-no-enfrentamento-a-dengue","status":"publish","type":"post","link":"https:\/\/ubajaranoticias.com.br\/index.php\/2025\/02\/09\/prefeitura-anuncia-novidades-no-enfrentamento-a-dengue\/","title":{"rendered":"Prefeitura anuncia novidades no enfrentamento \u00e0 dengue"},"content":{"rendered":"<p><\/p>\n<div>\n<p><b>Lucas Brito<\/b><br \/>&#13;<br \/>\n&#13;<br \/>\n                <span style=\"font-weight: bold;\">Secretaria de Sa\u00fade<\/span><\/p>\n<p><span style=\"font-weight: 400;\">Em coletiva realizada nesta quinta-feira (6), a Prefeitura de S\u00e3o Jos\u00e9 dos Campos anunciou as a\u00e7\u00f5es de enfrentamento \u00e0 dengue na cidade.\u00a0<\/span><span style=\"font-weight: 400;\">O evento aconteceu no audit\u00f3rio do 7\u00ba andar do Pa\u00e7o Municipal e contou com a presen\u00e7a de autoridades, lideran\u00e7as, imprensa e convidados.<\/span><\/p>\n<p><span style=\"font-weight: 400;\">A apresenta\u00e7\u00e3o detalhou o cen\u00e1rio da doen\u00e7a na cidade em 2024, quando mais de 98 mil casos foram registrados, e a situa\u00e7\u00e3o atual, al\u00e9m de um relat\u00f3rio do estoque de medicamentos, insumos e materiais, que conta com um investimento de cerca de R$ 1,3 milh\u00e3o para a compra dos itens usados no controle e preven\u00e7\u00e3o.<\/span><\/p>\n<p><span style=\"font-weight: 400;\">Entre as estrat\u00e9gias para evitar uma nova epidemia este ano, est\u00e3o medidas j\u00e1 consolidadas, como a Opera\u00e7\u00e3o Casa Limpa, inova\u00e7\u00f5es em tecnologia, destacando-se a utiliza\u00e7\u00e3o de drones para nebuliza\u00e7\u00e3o, e parceria com a iniciativa privada para a distribui\u00e7\u00e3o de repelentes aos mun\u00edcipes.<\/span><\/p>\n<p><span style=\"font-weight: 400;\">Foi introduzida ainda uma nova campanha publicit\u00e1ria, que adota comunica\u00e7\u00e3o direta para alertar sobre a gravidade da doen\u00e7a, mobilizando a popula\u00e7\u00e3o para eliminar focos do mosquito <\/span><em><span style=\"font-weight: 400;\">Aedes aegypti<\/span><\/em><span style=\"font-weight: 400;\">.<\/span><\/p>\n<p><span style=\"font-weight: 400;\"><br \/><sub><em>Exemplo de pe\u00e7a publicit\u00e1ria desenvolvida para a campanha | Foto: Ilustra\u00e7\u00e3o\/PMSJC<\/em><\/sub><\/span><\/p>\n<p><strong>Assista ao filme da campanha<\/strong><\/p>\n<p><strong>Confira como foi a coletiva na \u00edntegra<\/strong><\/p>\n<p><strong>Baixe a apresenta\u00e7\u00e3o em PDF<\/strong><\/p>\n<p><span class=\"intertitulo\">Tecnologia<\/span><\/p>\n<p><span style=\"font-weight: 400;\">Drones est\u00e3o sendo utilizado para atuar em locais de dif\u00edcil acesso pelos agentes de combate \u00e0s endemias, como empresas de reciclagem e oficinas, pulverizando inseticidas biol\u00f3gicos eficazes contra larvas.<\/span><\/p>\n<p><span style=\"font-weight: 400;\">Estes endere\u00e7os s\u00e3o monitorados quinzenalmente pelo CCZ (Centro de Controle de Zoonoses), por se tratarem de pontos estrat\u00e9gicos com potencial para prolifera\u00e7\u00e3o do <em>Aedes aegypti<\/em>, devido \u00e0 alta concentra\u00e7\u00e3o de itens que podem acumular \u00e1gua parada.<\/span><\/p>\n<p><span style=\"font-weight: 400;\">O equipamento foi desenvolvido pela UAVI, ind\u00fastria de drones localizada dentro do PIT (Parque de Inova\u00e7\u00e3o Tecnol\u00f3gica). O modelo \u00e9 voltado para agricultura e a faixa de pulveriza\u00e7\u00e3o chega at\u00e9 10 metros, com capacidade de 50 litros no tanque para o produto.<\/span><\/p>\n<p><span style=\"font-weight: 400;\"><br \/><sub><em>A tecnologia \u00e9 importante aliada no combate \u00e0 dengue | Foto: Claudio Vieira\/PMSJC<\/em><\/sub><\/span><\/p>\n<p><span class=\"intertitulo\">Mobiliza\u00e7\u00e3o<\/span><\/p>\n<p><span style=\"font-weight: 400;\">Para proteger a popula\u00e7\u00e3o mais vulner\u00e1vel, ser\u00e3o distribu\u00eddos repelentes para idosos devido \u00e0 alta letalidade em 2024. A iniciativa, em parceria com a MCG Laborat\u00f3rios, come\u00e7ar\u00e1 nas Unidades B\u00e1sicas de Sa\u00fade (UBS) com mais casos positivos registrados.<\/span><\/p>\n<p><span style=\"font-weight: 400;\">O efetivo de agentes nas ruas ser\u00e1 ampliado com profissionais de outras \u00e1reas e todas as secretarias municipais est\u00e3o envolvidas na implementa\u00e7\u00e3o de a\u00e7\u00f5es contra a dengue no contexto de suas atividades, com a cria\u00e7\u00e3o de um comit\u00ea de enfrentamento para coordenar essas atividades.<\/span><span style=\"font-weight: 400;\"\/><\/p>\n<p><span class=\"intertitulo\">Combate<\/span><\/p>\n<p><span style=\"font-weight: 400;\">Diariamente, diversas a\u00e7\u00f5es de preven\u00e7\u00e3o e controle contra a dengue s\u00e3o executadas em todas as regi\u00f5es da cidade. A programa\u00e7\u00e3o de <\/span><span style=\"font-weight: 400;\">nebuliza\u00e7\u00e3o costal<\/span><span style=\"font-weight: 400;\">, <\/span><span style=\"font-weight: 400;\">controle de criadouros<\/span><span style=\"font-weight: 400;\"> e <\/span><span style=\"font-weight: 400;\">fumac\u00ea<\/span><span style=\"font-weight: 400;\"> podem ser acompanhadas pelo site da Prefeitura.<\/span><\/p>\n<p><span style=\"font-weight: 400;\">Aos s\u00e1bados, os caminh\u00f5es da Opera\u00e7\u00e3o Casa Limpa seguem visitando os bairros para recolher itens que possam ser criadouros do mosquito transmissor da doen\u00e7a \u2013 latas, potes, garrafas, lonas, lou\u00e7as sanit\u00e1rias, baldes, tambores, piscinas desmont\u00e1veis ou quaisquer recipientes que acumulem \u00e1gua.<\/span><\/p>\n<p><span style=\"font-weight: 400;\">\u00c9 importante relembrar que restos de constru\u00e7\u00f5es, m\u00f3veis e madeiras n\u00e3o s\u00e3o retirados. Estes materiais devem ser entregues nos <\/span><span style=\"font-weight: 400;\">PEVs (Ponto de Entrega Volunt\u00e1ria)<\/span><span style=\"font-weight: 400;\">.<\/span><\/p>\n<p><span style=\"font-weight: 400;\">J\u00e1 foram realizadas tr\u00eas opera\u00e7\u00f5es, nas zonas leste, norte, sul e sudeste, recolhendo 4.270 quilos de objetos que poderiam servir de criadouros do mosquito.<\/span><\/p>\n<p><span style=\"font-weight: 400;\"><br \/><sub><em>Equipes recolhem materiais em frente \u00e0s casas | Foto: Claudio Vieira\/PMSJC<\/em><\/sub><\/span><\/p>\n<p><span class=\"intertitulo\">Colabora\u00e7\u00e3o<\/span><\/p>\n<p><span style=\"font-weight: 400;\">Os dias mais quentes e chuvosos do ver\u00e3o s\u00e3o prop\u00edcios para prolifera\u00e7\u00e3o das larvas. \u00c9 essencial que os moradores tamb\u00e9m redobrem os cuidados dentro de casa e sejam cordiais com os agentes, deixando-os entrar na casa para avalia\u00e7\u00e3o dos quintais e ralos. Eles est\u00e3o atuando para garantir a sa\u00fade de todos.<\/span><\/p>\n<p><span style=\"font-weight: 400;\">O trabalho \u00e9 realizado principalmente pelos Agentes de Combate \u00e0s Endemias (ACE) e o registro dos profissionais pode ser <\/span><span style=\"font-weight: 400;\">consultado no site da Prefeitura<\/span><span style=\"font-weight: 400;\">. Nas pr\u00f3ximas semanas, eles ir\u00e3o receber treinamentos para utilizar tablets nas visitas domiciliares, substituindo o papel e caneta por tecnologia mais eficaz, agilizando os atendimentos.<\/span><\/p>\n<p><span style=\"font-weight: 400;\">A popula\u00e7\u00e3o tamb\u00e9m pode ajudar a combater a dengue denunciando poss\u00edveis criadouros do mosquito pelo telefone 156. <\/span><span style=\"font-weight: 400;\">Mais informa\u00e7\u00f5es e orienta\u00e7\u00f5es<\/span><span style=\"font-weight: 400;\">.<\/span><\/p>\n<p><span style=\"font-weight: 400;\"><br \/><sub><em>Agentes visitam as resid\u00eancias e orientam os moradores | Foto: Claudio Vieira\/PMSJC<\/em><\/sub><\/span><\/p>\n<p><span class=\"intertitulo\">Tratamento<\/span><\/p>\n<p><span style=\"font-weight: 400;\">Com monitoramento digital, os pacientes ser\u00e3o acompanhados via WhatsApp, redobrando os cuidados em casos suspeitos e confirmados.<\/span><\/p>\n<p><span style=\"font-weight: 400;\">Os profissionais recebem capacita\u00e7\u00e3o continuada, em equipes das redes p\u00fablica e privada. A equipe t\u00e9cnica da Secretaria de Sa\u00fade monitora o cen\u00e1rio da cidade em um painel de controle de dados e avalia a abertura de centros de refer\u00eancia da dengue, estruturas dedicadas para o manejo e cuidado de infectados, de acordo com a demanda e incid\u00eancia da doen\u00e7a.<\/span><\/p>\n<p><span class=\"intertitulo\">Educa\u00e7\u00e3o e conscientiza\u00e7\u00e3o<\/span><\/p>\n<p><span style=\"font-weight: 400;\">A Prefeitura, por meio do CCZ (Centro de Controle de Zoonoses), mant\u00e9m atividades de orienta\u00e7\u00e3o \u00e0 popula\u00e7\u00e3o sobre os riscos das doen\u00e7as transmitidas pelo mosquito e como evitar recipientes que podem acumular \u00e1gua.<\/span><\/p>\n<p><span style=\"font-weight: 400;\">As equipes contam com materiais educativos l\u00fadicos para promover palestras em escolas, igrejas e centros comunit\u00e1rios, engajando todas as idades na preven\u00e7\u00e3o.<\/span><\/p>\n<p><span style=\"font-weight: 400;\">Ser\u00e3o inclu\u00eddas tamb\u00e9m notas de conscientiza\u00e7\u00e3o sobre a doen\u00e7a pelos canais oficiais da Prefeitura, como o 156, site, e-mails, apps e postos de atendimento.<\/span><\/p>\n<p><sub><em>A\u00e7\u00e3o educativa em escola leva teatro e jogos pedag\u00f3gicos | Foto: PMSJC<\/em><\/sub><\/p>\n<p><span class=\"intertitulo\">Imuniza\u00e7\u00e3o<\/span><\/p>\n<p><span style=\"font-weight: 400;\">A Prefeitura tamb\u00e9m refor\u00e7a a import\u00e2ncia da vacina\u00e7\u00e3o como forma de preven\u00e7\u00e3o. A vacina est\u00e1 dispon\u00edvel na rede p\u00fablica municipal desde maio de 2024 para crian\u00e7as e adolescentes de 10 a 14 anos, de acordo com orienta\u00e7\u00f5es do Minist\u00e9rio da Sa\u00fade.\u00a0<\/span><\/p>\n<p><span style=\"font-weight: 400;\">O esquema vacinal recomendado corresponde \u00e0 administra\u00e7\u00e3o de 2 doses, com intervalo de 3 meses entre as doses.<\/span><\/p>\n<p><span style=\"font-weight: 400;\"><br \/><sub><em>Vacina est\u00e1 dispon\u00edvel nas Unidades B\u00e1sicas de Sa\u00fade | Foto: Adenir Britto\/PMSJC<\/em><\/sub><\/span><\/p>\n<p>&#13;<br \/>\n                        <strong>MAIS NOT\u00cdCIAS<\/strong><br \/>&#13;<br \/>\n                        Secretaria de Sa\u00fade&#13;\n                    <\/p>\n<\/p><\/div>\n","protected":false},"excerpt":{"rendered":"<p>Lucas Brito&#13; &#13; Secretaria de Sa\u00fade Em coletiva realizada nesta quinta-feira (6), a Prefeitura de S\u00e3o Jos\u00e9 dos Campos anunciou as a\u00e7\u00f5es de enfrentamento \u00e0 dengue na cidade.\u00a0O evento aconteceu no audit\u00f3rio do 7\u00ba andar do Pa\u00e7o Municipal e contou com a presen\u00e7a de autoridades, lideran\u00e7as, imprensa e convidados. A apresenta\u00e7\u00e3o detalhou o cen\u00e1rio da &#8230; <a title=\"Prefeitura anuncia novidades no enfrentamento \u00e0 dengue\" class=\"read-more\" href=\"https:\/\/ubajaranoticias.com.br\/index.php\/2025\/02\/09\/prefeitura-anuncia-novidades-no-enfrentamento-a-dengue\/\" aria-label=\"Read more about Prefeitura anuncia novidades no enfrentamento \u00e0 dengue\">Ler mais<\/a><\/p>\n","protected":false},"author":1,"featured_media":17731,"comment_status":"","ping_status":"","sticky":false,"template":"","format":"standard","meta":{"footnotes":""},"categories":[3],"tags":[],"class_list":["post-20665","post","type-post","status-publish","format-standard","has-post-thumbnail","hentry","category-noticias"],"amp_enabled":true,"_links":{"self":[{"href":"https:\/\/ubajaranoticias.com.br\/index.php\/wp-json\/wp\/v2\/posts\/20665","targetHints":{"allow":["GET"]}}],"collection":[{"href":"https:\/\/ubajaranoticias.com.br\/index.php\/wp-json\/wp\/v2\/posts"}],"about":[{"href":"https:\/\/ubajaranoticias.com.br\/index.php\/wp-json\/wp\/v2\/types\/post"}],"author":[{"embeddable":true,"href":"https:\/\/ubajaranoticias.com.br\/index.php\/wp-json\/wp\/v2\/users\/1"}],"replies":[{"embeddable":true,"href":"https:\/\/ubajaranoticias.com.br\/index.php\/wp-json\/wp\/v2\/comments?post=20665"}],"version-history":[{"count":0,"href":"https:\/\/ubajaranoticias.com.br\/index.php\/wp-json\/wp\/v2\/posts\/20665\/revisions"}],"wp:featuredmedia":[{"embeddable":true,"href":"https:\/\/ubajaranoticias.com.br\/index.php\/wp-json\/wp\/v2\/media\/17731"}],"wp:attachment":[{"href":"https:\/\/ubajaranoticias.com.br\/index.php\/wp-json\/wp\/v2\/media?parent=20665"}],"wp:term":[{"taxonomy":"category","embeddable":true,"href":"https:\/\/ubajaranoticias.com.br\/index.php\/wp-json\/wp\/v2\/categories?post=20665"},{"taxonomy":"post_tag","embeddable":true,"href":"https:\/\/ubajaranoticias.com.br\/index.php\/wp-json\/wp\/v2\/tags?post=20665"}],"curies":[{"name":"wp","href":"https:\/\/api.w.org\/{rel}","templated":true}]}}