{"id":20560,"date":"2025-02-07T15:20:17","date_gmt":"2025-02-07T18:20:17","guid":{"rendered":"https:\/\/ubajaranoticias.com.br\/index.php\/2025\/02\/07\/camara-de-vereadores-de-buritis-ro-debate-exigencia-de-projetos-arquitetonicos-em-farmacias\/"},"modified":"2025-02-07T15:20:17","modified_gmt":"2025-02-07T18:20:17","slug":"camara-de-vereadores-de-buritis-ro-debate-exigencia-de-projetos-arquitetonicos-em-farmacias","status":"publish","type":"post","link":"https:\/\/ubajaranoticias.com.br\/index.php\/2025\/02\/07\/camara-de-vereadores-de-buritis-ro-debate-exigencia-de-projetos-arquitetonicos-em-farmacias\/","title":{"rendered":"C\u00e2mara de Vereadores de Buritis-RO Debate Exig\u00eancia de Projetos Arquitet\u00f4nicos em Farm\u00e1cias"},"content":{"rendered":"<p> Por MRNews<br \/>\n<\/p>\n<div wp_automatic_readability=\"114.04413946588\">\n<h3><strong>Buritis Online Not\u00edcias: Destaques de Buritis e Regi\u00e3o<\/strong><\/h3>\n<p>O <a href=\"https:\/\/buritisonline.com.br\"><strong>Buritis Online Not\u00edcias<\/strong><\/a> continua trazendo informa\u00e7\u00f5es relevantes sobre os acontecimentos em Buritis, Minas Gerais, e Buritis, Rond\u00f4nia. Seja no esporte, pol\u00edtica ou eventos locais, nossa miss\u00e3o \u00e9 manter voc\u00ea sempre atualizado. Confira os destaques mais recentes! <a href=\"https:\/\/sena24horas.com.br\">Sena 24 horas<\/a><\/p>\n<hr\/>\n<h3><a href=\"https:\/\/buritisonline.com.br\/2025\/02\/07\/camara-de-vereadores-de-buritis-ro-realiza-reuniao-para-debater-exigencia-de-projetos-arquitetonicos-em-farmacias-camara-municipal-de-buritis\/\"><strong>C\u00e2mara de Vereadores de Buritis-RO Debate Exig\u00eancia de Projetos Arquitet\u00f4nicos em Farm\u00e1cias<\/strong><\/a><\/h3>\n<p>No \u00faltimo dia 8 de janeiro de 2025, a <strong>C\u00e2mara de Vereadores de Buritis-RO<\/strong> promoveu uma reuni\u00e3o para discutir a obrigatoriedade de <strong>projetos arquitet\u00f4nicos<\/strong> para libera\u00e7\u00e3o de alvar\u00e1s em farm\u00e1cias do munic\u00edpio. O encontro reuniu <strong>vereadores, empres\u00e1rios farmac\u00eauticos e autoridades sanit\u00e1rias<\/strong>, destacando a necessidade de adequa\u00e7\u00e3o do setor \u00e0s normas vigentes.<\/p>\n<p>A iniciativa gerou <strong>debates intensos<\/strong> sobre a viabilidade e impacto da medida, especialmente para pequenos empres\u00e1rios. A C\u00e2mara segue analisando poss\u00edveis ajustes na legisla\u00e7\u00e3o para garantir a legalidade e acessibilidade do setor farmac\u00eautico no munic\u00edpio.<\/p>\n<hr\/>\n<h3><strong>Plen\u00e1rio Lota Durante Sess\u00e3o Extraordin\u00e1ria em Buritis-RO<\/strong><\/h3>\n<p>No \u00faltimo s\u00e1bado (11), a <strong>C\u00e2mara de Vereadores de Buritis-RO<\/strong> realizou uma <strong>sess\u00e3o extraordin\u00e1ria<\/strong> com grande presen\u00e7a popular. Durante a reuni\u00e3o, sete projetos de lei foram debatidos, com destaque para o <strong>PL 005\/2025<\/strong>, que prop\u00f5e a proibi\u00e7\u00e3o do <strong>desvio de fun\u00e7\u00e3o de servidores p\u00fablicos<\/strong>.<\/p>\n<p>A mobiliza\u00e7\u00e3o da popula\u00e7\u00e3o refor\u00e7a a import\u00e2ncia da participa\u00e7\u00e3o cidad\u00e3 nas decis\u00f5es pol\u00edticas locais. O plen\u00e1rio lotado demonstrou o interesse dos moradores em acompanhar de perto as a\u00e7\u00f5es legislativas que impactam diretamente o cotidiano da cidade.<\/p>\n<hr\/>\n<h3><strong>Eventos e Cultura: Bar\u00e3o Fest 2025 e Concurso Rainha do Rodeio<\/strong><\/h3>\n<p>A cidade de <strong>Bar\u00e3o de Antonina-SP<\/strong> j\u00e1 se prepara para o <strong>Bar\u00e3o Fest 2025<\/strong>, um dos maiores eventos da regi\u00e3o. Uma das atra\u00e7\u00f5es mais esperadas \u00e9 o <strong>Concurso Rainha do Rodeio<\/strong>, que eleger\u00e1 a <strong>Rainha, 1\u00aa Princesa e Garota Bar\u00e3o Fest<\/strong>. O evento celebra a cultura sertaneja e valoriza a tradi\u00e7\u00e3o local.<\/p>\n<p>As inscri\u00e7\u00f5es para o concurso acontecem entre os dias **18, 19, 21 e 22<\/p>\n<p><strong>Concurso Rainha do Rodeio \u2013 Bar\u00e3o Fest 2025: Inscri\u00e7\u00f5es Abertas<\/strong><\/p>\n<p>O tradicional <strong><a href=\"https:\/\/baraoemfoco.com.br\/2025\/02\/07\/seletiva-de-escolha-do-baile-da-rainha\/\">Bar\u00e3o Fest<\/a> 2025<\/strong>, em <strong>Bar\u00e3o de Antonina-SP<\/strong>, promete ser um dos eventos mais aguardados do ano! E uma das atra\u00e7\u00f5es principais ser\u00e1 o <strong>Concurso Rainha do Rodeio<\/strong>, que j\u00e1 est\u00e1 com as inscri\u00e7\u00f5es abertas. A competi\u00e7\u00e3o escolher\u00e1 a <strong>Rainha, a 1\u00aa Princesa e a Garota Bar\u00e3o Fest<\/strong>, que representar\u00e3o a festa e divulgar\u00e3o os valores culturais do munic\u00edpio.<\/p>\n<h2><strong>Como Participar do Concurso Rainha do Rodeio?<\/strong><\/h2>\n<p>As inscri\u00e7\u00f5es ocorrem <strong>nos dias 18, 19, 21 e 22 de novembro de 2024<\/strong>, de forma presencial, no <strong>Centro de Refer\u00eancia de Assist\u00eancia Social (CRAS)<\/strong>, localizado na <strong>Avenida Bras\u00edlia, n\u00ba 1154<\/strong>, das <strong>8h \u00e0s 10h30 e das 13h \u00e0s 17h<\/strong>.<\/p>\n<h3><strong>Documentos Necess\u00e1rios:<\/strong><\/h3>\n<ul>\n<li>C\u00f3pia do <strong>RG e CPF<\/strong>;<\/li>\n<li>Comprovante de resid\u00eancia;<\/li>\n<li>Declara\u00e7\u00e3o do empregador (caso seja empregada);<\/li>\n<li>Termo de responsabilidade assinado;<\/li>\n<li>Certid\u00e3o eleitoral ou comprovante de vota\u00e7\u00e3o.<\/li>\n<\/ul>\n<h2><strong>Etapas do Concurso<\/strong><\/h2>\n<p>O concurso ser\u00e1 realizado em mar\u00e7o de 2025 e contar\u00e1 com cinco fases:<\/p>\n<ol>\n<li><strong>Inscri\u00e7\u00e3o<\/strong> das candidatas;<\/li>\n<li><strong>Ensaios preparat\u00f3rios<\/strong> para a seletiva;<\/li>\n<li><strong>Seletiva<\/strong> para escolha das finalistas;<\/li>\n<li><strong>Ensaios e produ\u00e7\u00e3o<\/strong> para o grande desfile;<\/li>\n<li><strong>Desfile e julgamento final<\/strong>.<\/li>\n<\/ol>\n<p>Durante o desfile, as candidatas ser\u00e3o avaliadas por uma comiss\u00e3o julgadora especializada, que atribuir\u00e1 notas com base em crit\u00e9rios como <strong>beleza, eleg\u00e2ncia, simpatia e desenvoltura<\/strong>.<\/p>\n<h2><strong>Quem Pode Participar?<\/strong><\/h2>\n<p>Para se candidatar ao t\u00edtulo de <strong>Rainha do Rodeio \u2013 Bar\u00e3o Fest 2025<\/strong>, \u00e9 necess\u00e1rio atender aos seguintes requisitos:<br \/>\u2714\ufe0f Residir em <strong>Bar\u00e3o de Antonina-SP<\/strong>;<br \/>\u2714\ufe0f Ter <strong>18 anos completos<\/strong> at\u00e9 a data do concurso;<br \/>\u2714\ufe0f Ter disponibilidade para representar o evento;<br \/>\u2714\ufe0f N\u00e3o ter sido eleita em edi\u00e7\u00f5es anteriores;<br \/>\u2714\ufe0f N\u00e3o possuir parentesco com membros do j\u00fari.<\/p>\n<h2><strong>Premia\u00e7\u00e3o e Compromissos das Vencedoras<\/strong><\/h2>\n<p>As vencedoras do concurso receber\u00e3o <strong>faixas e premia\u00e7\u00f5es<\/strong> a serem definidas pela organiza\u00e7\u00e3o do <strong>Bar\u00e3o Fest 2025<\/strong>. Al\u00e9m disso, ter\u00e3o a responsabilidade de representar o evento em entrevistas, compromissos oficiais e na divulga\u00e7\u00e3o da festa em <strong><a href=\"https:\/\/odiariodebarretos.com.br\">Bar\u00e3o de Antonina<\/a> e outras cidades<\/strong>.<\/p>\n<p>As eleitas dever\u00e3o comparecer a todos os dias do evento e se portar de maneira condizente com o t\u00edtulo, sendo <strong>simp\u00e1ticas, acess\u00edveis e mantendo uma postura exemplar<\/strong> durante toda sua representatividade.<\/p>\n<h2><strong>Acompanhe Mais Not\u00edcias Sobre o Bar\u00e3o Fest 2025<\/strong><\/h2>\n<p>Para ficar por dentro das novidades do <strong>Bar\u00e3o Fest 2025<\/strong> e de outros eventos da regi\u00e3o, acesse <strong><a href=\"https:\/\/www.baraoemfoco.com.br\/\">Baraoemfoco.com.br<\/a><\/strong> e siga as redes sociais da cidade.<\/p>\n<p>Se voc\u00ea sonha em ser a <strong>Rainha do Rodeio<\/strong>, n\u00e3o perca essa chance! Participe e brilhe no <strong>Bar\u00e3o Fest 2025<\/strong>!<\/p>\n<p><!-- CONTENT END 2 --><\/p><\/div>\n","protected":false},"excerpt":{"rendered":"<p>Por MRNews Buritis Online Not\u00edcias: Destaques de Buritis e Regi\u00e3o O Buritis Online Not\u00edcias continua trazendo informa\u00e7\u00f5es relevantes sobre os acontecimentos em Buritis, Minas Gerais, e Buritis, Rond\u00f4nia. Seja no esporte, pol\u00edtica ou eventos locais, nossa miss\u00e3o \u00e9 manter voc\u00ea sempre atualizado. Confira os destaques mais recentes! Sena 24 horas C\u00e2mara de Vereadores de Buritis-RO &#8230; <a title=\"C\u00e2mara de Vereadores de Buritis-RO Debate Exig\u00eancia de Projetos Arquitet\u00f4nicos em Farm\u00e1cias\" class=\"read-more\" href=\"https:\/\/ubajaranoticias.com.br\/index.php\/2025\/02\/07\/camara-de-vereadores-de-buritis-ro-debate-exigencia-de-projetos-arquitetonicos-em-farmacias\/\" aria-label=\"Read more about C\u00e2mara de Vereadores de Buritis-RO Debate Exig\u00eancia de Projetos Arquitet\u00f4nicos em Farm\u00e1cias\">Ler mais<\/a><\/p>\n","protected":false},"author":1,"featured_media":17730,"comment_status":"","ping_status":"","sticky":false,"template":"","format":"standard","meta":{"footnotes":""},"categories":[1],"tags":[],"class_list":["post-20560","post","type-post","status-publish","format-standard","has-post-thumbnail","hentry","category-blog"],"amp_enabled":true,"_links":{"self":[{"href":"https:\/\/ubajaranoticias.com.br\/index.php\/wp-json\/wp\/v2\/posts\/20560","targetHints":{"allow":["GET"]}}],"collection":[{"href":"https:\/\/ubajaranoticias.com.br\/index.php\/wp-json\/wp\/v2\/posts"}],"about":[{"href":"https:\/\/ubajaranoticias.com.br\/index.php\/wp-json\/wp\/v2\/types\/post"}],"author":[{"embeddable":true,"href":"https:\/\/ubajaranoticias.com.br\/index.php\/wp-json\/wp\/v2\/users\/1"}],"replies":[{"embeddable":true,"href":"https:\/\/ubajaranoticias.com.br\/index.php\/wp-json\/wp\/v2\/comments?post=20560"}],"version-history":[{"count":0,"href":"https:\/\/ubajaranoticias.com.br\/index.php\/wp-json\/wp\/v2\/posts\/20560\/revisions"}],"wp:featuredmedia":[{"embeddable":true,"href":"https:\/\/ubajaranoticias.com.br\/index.php\/wp-json\/wp\/v2\/media\/17730"}],"wp:attachment":[{"href":"https:\/\/ubajaranoticias.com.br\/index.php\/wp-json\/wp\/v2\/media?parent=20560"}],"wp:term":[{"taxonomy":"category","embeddable":true,"href":"https:\/\/ubajaranoticias.com.br\/index.php\/wp-json\/wp\/v2\/categories?post=20560"},{"taxonomy":"post_tag","embeddable":true,"href":"https:\/\/ubajaranoticias.com.br\/index.php\/wp-json\/wp\/v2\/tags?post=20560"}],"curies":[{"name":"wp","href":"https:\/\/api.w.org\/{rel}","templated":true}]}}