{"id":20275,"date":"2025-02-01T01:46:16","date_gmt":"2025-02-01T04:46:16","guid":{"rendered":"https:\/\/ubajaranoticias.com.br\/index.php\/2025\/02\/01\/gcm-e-csi-recuperam-veiculo-furtado-em-acao-integrada\/"},"modified":"2025-02-01T01:46:16","modified_gmt":"2025-02-01T04:46:16","slug":"gcm-e-csi-recuperam-veiculo-furtado-em-acao-integrada","status":"publish","type":"post","link":"https:\/\/ubajaranoticias.com.br\/index.php\/2025\/02\/01\/gcm-e-csi-recuperam-veiculo-furtado-em-acao-integrada\/","title":{"rendered":"GCM e CSI recuperam ve\u00edculo furtado em a\u00e7\u00e3o integrada"},"content":{"rendered":"<p><\/p>\n<div>\n<p><b>Paula Paz<\/b><br \/>&#13;<br \/>\n&#13;<br \/>\n                <span style=\"font-weight: bold;\">Secretaria de Prote\u00e7\u00e3o ao Cidad\u00e3o<\/span><\/p>\n<p><span style=\"font-weight: 400;\">Um homem que dirigia um carro furtado foi capturado nesta quarta-feira (29) gra\u00e7as a uma a\u00e7\u00e3o conjunta entre o Centro de Seguran\u00e7a e Intelig\u00eancia (CSI) e a Guarda Civil Municipal (GCM) de S\u00e3o Jos\u00e9 dos Campos.<\/span><\/p>\n<p><span style=\"font-weight: 400;\">A opera\u00e7\u00e3o teve in\u00edcio quando o sistema de radares inteligentes do CSI identificou o ve\u00edculo furtado e alertou os operadores do Centro de Intelig\u00eancia, que passaram a monitorar o deslocamento do carro e repassaram as informa\u00e7\u00f5es \u00e0s equipes da GCM.<\/span><\/p>\n<p><span style=\"font-weight: 400;\">Por volta das 18h, a equipe da ROMU interceptou o ve\u00edculo na Avenida Tancredo Neves. O suspeito confessou o furto e foi encaminhado \u00e0 Central de Flagrantes, onde permaneceu \u00e0 disposi\u00e7\u00e3o da Justi\u00e7a.\u00a0<\/span><\/p>\n<p><span class=\"intertitulo\">Gratid\u00e3o e al\u00edvio<\/span><\/p>\n<p><span style=\"font-weight: 400;\">Esses foram os sentimentos do Sr. Milton, de 39 anos, morador da regi\u00e3o leste da cidade, ao recuperar seu ve\u00edculo, levado por criminosos na tarde da \u00faltima quarta-feira. Ele conta que ouviu o barulho do motor e, ao retornar ao local onde havia estacionado, viu seu carro sendo levado.<\/span><\/p>\n<p><span style=\"font-weight: 400;\">\u201cMeu carro n\u00e3o tem seguro. Corri at\u00e9 a delegacia para registrar o Boletim de Ocorr\u00eancia, pois essa era minha \u00fanica esperan\u00e7a\u201d, relatou.<\/span><\/p>\n<p><span style=\"font-weight: 400;\">Duas horas depois, a boa not\u00edcia: a equipe da ROMU localizou o ve\u00edculo com o aux\u00edlio das C\u00e2meras Inteligentes do CSI e realizou a recupera\u00e7\u00e3o.<\/span><\/p>\n<p>\u00a0<\/p>\n<p>&#13;<br \/>\n                        <strong>MAIS NOT\u00cdCIAS<\/strong><br \/>&#13;<br \/>\n                        Secretaria de Prote\u00e7\u00e3o ao Cidad\u00e3o&#13;\n                    <\/p>\n<\/p><\/div>\n","protected":false},"excerpt":{"rendered":"<p>Paula Paz&#13; &#13; Secretaria de Prote\u00e7\u00e3o ao Cidad\u00e3o Um homem que dirigia um carro furtado foi capturado nesta quarta-feira (29) gra\u00e7as a uma a\u00e7\u00e3o conjunta entre o Centro de Seguran\u00e7a e Intelig\u00eancia (CSI) e a Guarda Civil Municipal (GCM) de S\u00e3o Jos\u00e9 dos Campos. A opera\u00e7\u00e3o teve in\u00edcio quando o sistema de radares inteligentes do &#8230; <a title=\"GCM e CSI recuperam ve\u00edculo furtado em a\u00e7\u00e3o integrada\" class=\"read-more\" href=\"https:\/\/ubajaranoticias.com.br\/index.php\/2025\/02\/01\/gcm-e-csi-recuperam-veiculo-furtado-em-acao-integrada\/\" aria-label=\"Read more about GCM e CSI recuperam ve\u00edculo furtado em a\u00e7\u00e3o integrada\">Ler mais<\/a><\/p>\n","protected":false},"author":1,"featured_media":0,"comment_status":"","ping_status":"","sticky":false,"template":"","format":"standard","meta":{"footnotes":""},"categories":[3],"tags":[],"class_list":["post-20275","post","type-post","status-publish","format-standard","hentry","category-noticias"],"amp_enabled":true,"_links":{"self":[{"href":"https:\/\/ubajaranoticias.com.br\/index.php\/wp-json\/wp\/v2\/posts\/20275","targetHints":{"allow":["GET"]}}],"collection":[{"href":"https:\/\/ubajaranoticias.com.br\/index.php\/wp-json\/wp\/v2\/posts"}],"about":[{"href":"https:\/\/ubajaranoticias.com.br\/index.php\/wp-json\/wp\/v2\/types\/post"}],"author":[{"embeddable":true,"href":"https:\/\/ubajaranoticias.com.br\/index.php\/wp-json\/wp\/v2\/users\/1"}],"replies":[{"embeddable":true,"href":"https:\/\/ubajaranoticias.com.br\/index.php\/wp-json\/wp\/v2\/comments?post=20275"}],"version-history":[{"count":0,"href":"https:\/\/ubajaranoticias.com.br\/index.php\/wp-json\/wp\/v2\/posts\/20275\/revisions"}],"wp:attachment":[{"href":"https:\/\/ubajaranoticias.com.br\/index.php\/wp-json\/wp\/v2\/media?parent=20275"}],"wp:term":[{"taxonomy":"category","embeddable":true,"href":"https:\/\/ubajaranoticias.com.br\/index.php\/wp-json\/wp\/v2\/categories?post=20275"},{"taxonomy":"post_tag","embeddable":true,"href":"https:\/\/ubajaranoticias.com.br\/index.php\/wp-json\/wp\/v2\/tags?post=20275"}],"curies":[{"name":"wp","href":"https:\/\/api.w.org\/{rel}","templated":true}]}}