{"id":19971,"date":"2025-01-23T16:00:30","date_gmt":"2025-01-23T19:00:30","guid":{"rendered":"https:\/\/ubajaranoticias.com.br\/index.php\/2025\/01\/23\/prefeitura-abre-exposicao-o-homem-no-gerundio-e-fraco-nesta-sexta-feira\/"},"modified":"2025-01-23T16:00:30","modified_gmt":"2025-01-23T19:00:30","slug":"prefeitura-abre-exposicao-o-homem-no-gerundio-e-fraco-nesta-sexta-feira","status":"publish","type":"post","link":"https:\/\/ubajaranoticias.com.br\/index.php\/2025\/01\/23\/prefeitura-abre-exposicao-o-homem-no-gerundio-e-fraco-nesta-sexta-feira\/","title":{"rendered":"Prefeitura abre exposi\u00e7\u00e3o \u2018O Homem no Ger\u00fandio \u00e9 Fraco\u2019 nesta sexta-feira"},"content":{"rendered":"<p><\/p>\n<div>\n<p>A Prefeitura de Jo\u00e3o Pessoa, por meio da sua Funda\u00e7\u00e3o Cultural (Funjope), abre a exposi\u00e7\u00e3o \u2018O Homem no Ger\u00fandio \u00e9 Fraco\u2019, nesta sexta-feira (24), \u00e0s 16h, na Casa da P\u00f3lvora, localizada no Centro Hist\u00f3rico da Capital. A mostra individual \u00e9 da artista visual Potira Maia, baiana radicada na Para\u00edba e a curadoria foi de Fabiano de Borba. A exposi\u00e7\u00e3o pode ser visitada at\u00e9 o dia 22 de fevereiro, de domingo a domingo, das 9h \u00e0s 17h.<\/p>\n<figure class=\"wp-block-gallery has-nested-images columns-default is-cropped wp-block-gallery-1 is-layout-flex wp-block-gallery-is-layout-flex\">\n<figure class=\"wp-block-image\"><\/figure>\n<figure class=\"wp-block-image\"><\/figure>\n<\/figure>\n<p>O diretor executivo da Funjope, Marcus Alves, comentou sobre a exposi\u00e7\u00e3o beneficiada pela Lei Paulo Gustavo de 2022, voltada para o setor cultural. \u201c\u00c9 uma alegria acolher a exposi\u00e7\u00e3o da Potira Maia que foi ganhadora do pr\u00eamio dentro da Lei Paulo Gustavo, que agora ganha forma, ganha visibilidade a partir dessa exposi\u00e7\u00e3o. Ent\u00e3o, n\u00f3s acolhemos o projeto dela e abrimos a Casa da P\u00f3lvora para que ela possa desenvolver plenamente as suas atividades no momento de uma exposi\u00e7\u00e3o que promove uma reflex\u00e3o importante para as rela\u00e7\u00f5es sociais, as rela\u00e7\u00f5es humanas. A gente fica muito contente por esse momento\u201d, destacou.<\/p>\n<p>Os visitantes poder\u00e3o ver uma s\u00e9rie de trabalhos da artista, derivados de uma pesquisa realizada para o mestrado em Pintura, na Universidade de Lisboa. \u201cA exposi\u00e7\u00e3o tem um recorte curatorial que re\u00fane trabalhos em diferentes linguagens, tendo o enfoque no corpo feminino como ferida primordial, tamb\u00e9m flerta com outras inquieta\u00e7\u00f5es que se deixam ver entre as linhas das fotografias. Estamos felizes de poder fazer uma exposi\u00e7\u00e3o com amplo olhar acess\u00edvel, com aux\u00edlio dos recursos p\u00fablicos de incentivo \u00e0 cultura. Espero que os trabalhos acolham os visitantes provocando inquieta\u00e7\u00f5es, sobretudo os que, muitas vezes, s\u00e3o exclu\u00eddos do universo das visualidades\u201d, disse Potira Maia.<\/p>\n<p>\u201cA pesquisa foi realizada durante o contexto da pandemia de Covid-19, per\u00edodo no qual eu residi em Lisboa e vivenciei duplamente a emerg\u00eancia do ex\u00edlio global. Refletindo sobre a dimens\u00e3o do estranhamento e do ex\u00edlio, \u2018O Homem no Ger\u00fandio \u00e9 Fraco\u2019 re\u00fane pintura e fotografias em uma instala\u00e7\u00e3o sonora, que repercutem as problem\u00e1ticas do multiculturalismo, da imigra\u00e7\u00e3o e da condi\u00e7\u00e3o da mulher nas rela\u00e7\u00f5es de g\u00eanero\u201d, relatou o curador Fabiano de Borba.<\/p>\n<p>A mostra resulta de proposta aprovada no Edital Multi\u00e1reas com recursos da Lei Paulo Gustavo LC n\u00ba 195\/2022 e est\u00e1 prevista, como uma das contrapartidas sociais do projeto, muitas a\u00e7\u00f5es de acessibilidade, incluindo audiodescri\u00e7\u00e3o de parte das obras e audiotexto curatorial e tradu\u00e7\u00e3o do debate com a artista em Libras, l\u00edngua natural da comunidade surda brasileira, um idioma visual-espacial que usa gestos, express\u00f5es faciais e corporais.<\/p>\n<p><strong>Potira Maia<\/strong> \u2013 A artista \u00e9 formada em Artes Visuais (2016), pela Universidade Federal da Para\u00edba (UFPB), mestra em Pintura pela Universidade de Lisboa (2022), licenciatura em Pedagogia pela Universidade Estadual do Sudoeste da Bahia (UESB), em 2006, com especializa\u00e7\u00e3o em Educa\u00e7\u00e3o, Cultura e Mem\u00f3ria (UESB, 2007) e Educa\u00e7\u00e3o Especial (UFC, 2011). \u201cAtuo h\u00e1 15 anos como docente na rede p\u00fablica de Educa\u00e7\u00e3o, com \u00eanfase na inclus\u00e3o. Atualmente, divido os estudos entre as pesquisas, as produ\u00e7\u00f5es art\u00edsticas e a gest\u00e3o escolar na educa\u00e7\u00e3o b\u00e1sica p\u00fablica\u201d, revelou.<\/p>\n<figure class=\"wp-block-image size-full\"><\/figure>\n<p><strong>Casa da P\u00f3lvora \u2013<\/strong> Situada no Centro Hist\u00f3rico de Jo\u00e3o Pessoa em uma posi\u00e7\u00e3o privilegiada, oferece uma vista deslumbrante do p\u00f4r do sol no Rio Sanhau\u00e1. \u00c9 um dos marcos culturais e arquitet\u00f4nicos da cidade. Foi constru\u00edda no s\u00e9culo XVIII, sua fun\u00e7\u00e3o original era armazenar muni\u00e7\u00f5es e proteger a regi\u00e3o, sendo parte integrante do sistema defensivo colonial. Atualmente, o espa\u00e7o \u00e9 utilizado como centro cultural.<\/p>\n<p><strong>Servi\u00e7o:<\/strong><\/p>\n<p>Exposi\u00e7\u00e3o \u2018O Homem no Ger\u00fandio \u00e9 Fraco\u2019<\/p>\n<p>Local: Casa da P\u00f3lvora (monumento)<\/p>\n<p>Data: sexta-feira (24), \u00e0s 16h (abertura)<\/p>\n<p>Hor\u00e1rio de visita\u00e7\u00e3o: todos os dias, das 9h \u00e0s 17h<\/p>\n<\/p><\/div>\n","protected":false},"excerpt":{"rendered":"<p>A Prefeitura de Jo\u00e3o Pessoa, por meio da sua Funda\u00e7\u00e3o Cultural (Funjope), abre a exposi\u00e7\u00e3o \u2018O Homem no Ger\u00fandio \u00e9 Fraco\u2019, nesta sexta-feira (24), \u00e0s 16h, na Casa da P\u00f3lvora, localizada no Centro Hist\u00f3rico da Capital. A mostra individual \u00e9 da artista visual Potira Maia, baiana radicada na Para\u00edba e a curadoria foi de Fabiano &#8230; <a title=\"Prefeitura abre exposi\u00e7\u00e3o \u2018O Homem no Ger\u00fandio \u00e9 Fraco\u2019 nesta sexta-feira\" class=\"read-more\" href=\"https:\/\/ubajaranoticias.com.br\/index.php\/2025\/01\/23\/prefeitura-abre-exposicao-o-homem-no-gerundio-e-fraco-nesta-sexta-feira\/\" aria-label=\"Read more about Prefeitura abre exposi\u00e7\u00e3o \u2018O Homem no Ger\u00fandio \u00e9 Fraco\u2019 nesta sexta-feira\">Ler mais<\/a><\/p>\n","protected":false},"author":1,"featured_media":0,"comment_status":"","ping_status":"","sticky":false,"template":"","format":"standard","meta":{"footnotes":""},"categories":[3],"tags":[],"class_list":["post-19971","post","type-post","status-publish","format-standard","hentry","category-noticias"],"amp_enabled":true,"_links":{"self":[{"href":"https:\/\/ubajaranoticias.com.br\/index.php\/wp-json\/wp\/v2\/posts\/19971","targetHints":{"allow":["GET"]}}],"collection":[{"href":"https:\/\/ubajaranoticias.com.br\/index.php\/wp-json\/wp\/v2\/posts"}],"about":[{"href":"https:\/\/ubajaranoticias.com.br\/index.php\/wp-json\/wp\/v2\/types\/post"}],"author":[{"embeddable":true,"href":"https:\/\/ubajaranoticias.com.br\/index.php\/wp-json\/wp\/v2\/users\/1"}],"replies":[{"embeddable":true,"href":"https:\/\/ubajaranoticias.com.br\/index.php\/wp-json\/wp\/v2\/comments?post=19971"}],"version-history":[{"count":0,"href":"https:\/\/ubajaranoticias.com.br\/index.php\/wp-json\/wp\/v2\/posts\/19971\/revisions"}],"wp:attachment":[{"href":"https:\/\/ubajaranoticias.com.br\/index.php\/wp-json\/wp\/v2\/media?parent=19971"}],"wp:term":[{"taxonomy":"category","embeddable":true,"href":"https:\/\/ubajaranoticias.com.br\/index.php\/wp-json\/wp\/v2\/categories?post=19971"},{"taxonomy":"post_tag","embeddable":true,"href":"https:\/\/ubajaranoticias.com.br\/index.php\/wp-json\/wp\/v2\/tags?post=19971"}],"curies":[{"name":"wp","href":"https:\/\/api.w.org\/{rel}","templated":true}]}}